{"id":269854,"date":"2025-12-04T00:10:24","date_gmt":"2025-12-04T00:10:24","guid":{"rendered":"https:\/\/www.europesays.com\/es\/269854\/"},"modified":"2025-12-04T00:10:24","modified_gmt":"2025-12-04T00:10:24","slug":"tambien-ficha-a-su-masajista","status":"publish","type":"post","link":"https:\/\/www.europesays.com\/es\/269854\/","title":{"rendered":"tambi\u00e9n ficha a su masajista"},"content":{"rendered":"<p style=\"\">Dos a\u00f1os despu\u00e9s de contratar al fisi\u00f3logo \u00cd\u00f1igo San Mill\u00e1n, el preparador estrella que ha navegado a la vera de todos los \u00e9xitos de <a href=\"https:\/\/www.abc.es\/deportes\/ciclismo\/pogacar-calcina-nuevo-lombardia-gana-quinto-giro-20251011164952-nt.html\" target=\"_blank\" data-voc-vtm-id=\"in-text-traffic\" title=\"Tadej Pogacar,\" rel=\"nofollow noopener\">Tadej Pogacar,<\/a> el Athletic prosigue su proceso de captura en el ciclismo y en el mejor equipo del mundo, el  &#8230; UAE. El club vasco ha fichado, se entiende por recomendaci\u00f3n de San Mill\u00e1n, al masajista personal de Pogacar, Joseba Elguezabal, el confesor de sus pensamientos, el hombre de confianza absoluta del ciclista que est\u00e1 marcando una \u00e9poca.<\/p>\n<p class=\"voc-p\" style=\"\">Elguezabal, el tipo que ha moldeado las piernas del campe\u00f3n, se ha incorporado a la estructura deportiva del Athletic como masajista de la primera plantilla del f\u00fatbol en un trasvase que ya se produjo hace treinta a\u00f1os. En 1995 el Athletic tambi\u00e9n reclut\u00f3 al m\u00e9dico estrella del pelot\u00f3n, <strong>Sabino Padilla,<\/strong> asesor particular de Miguel Indur\u00e1in y de un atleta que fue un referente, el maratoniano Mart\u00edn Fiz. El positivo por nandrolona de Gurpegui fue el detonante para que Padilla abandonase el club.<\/p>\n<p class=\"voc-p\" style=\"\">Tal y como ha informado El Correo, Elguezabal se ha incorporado el pasado lunes al primer equipo del Athletic, donde va a reforzar la plantilla de fisioterapeutas. Queda claro que su <a href=\"https:\/\/www.abc.es\/deportes\/ciclismo\/incontenible-pogacar-campeon-mundial-campeon-europa-20251005170559-nt.html\" target=\"_blank\" data-voc-vtm-id=\"in-text-traffic\" title=\"vinculaci\u00f3n con \u00cd\u00f1igo San Mill\u00e1n\" rel=\"nofollow noopener\">vinculaci\u00f3n con \u00cd\u00f1igo San Mill\u00e1n<\/a>, designado hace dos a\u00f1os como director de alto rendimiento del club vizca\u00edno, ha sido determinante para su contrataci\u00f3n.<\/p>\n<p class=\"voc-p\" style=\"\">San Mill\u00e1n ha sido el ide\u00f3logo de los \u00e9xitos de Tadej Pogacar como preparador de rendimiento del ciclista esloveno. Su enfoque combina la fisiolog\u00eda del ejercicio con an\u00e1lisis de datos para optimizar la preparaci\u00f3n de los deportistas de \u00e9lite y, en particular,<strong> la del equipo UAE<\/strong> y su m\u00e1xima estrella.<\/p>\n<p class=\"voc-p\" style=\"\">El fisi\u00f3logo espa\u00f1ol tambi\u00e9n ha sido la mente gris que ha estado detr\u00e1s de la progresi\u00f3n del <a href=\"https:\/\/www.abc.es\/deportes\/ciclismo\/lidltrek-oficial-fichaje-juan-ayuso-siento-puedo-20250925110934-nt.html\" target=\"_blank\" data-voc-vtm-id=\"in-text-traffic\" title=\"espa\u00f1ol Juan Ayuso,\" rel=\"nofollow noopener\">espa\u00f1ol Juan Ayuso,<\/a> quien se convirti\u00f3 en ciclista profesional con el UAE-Emirates y ha cambiado este verano de equipo, al Lidl, despu\u00e9s de m\u00faltiples desavenencias con el patr\u00f3n de la escuadra, Mauro Giannetti. San Mill\u00e1n es doctor en Fisiolog\u00eda y ha sido profesor en la Universidad de Colorado (Estados Unidos).<\/p>\n<p class=\"voc-p\" style=\"\">Joseba Elguezabal,<strong> 44 a\u00f1os<\/strong>, nacido en la localidad vizca\u00edna de Gatika, ha sido el alma gemela de Tadej Pogacar desde que debut\u00f3 en el ciclismo profesional, aquella inolvidable temporada 2019 en la que deslumbr\u00f3 en la Vuelta a Espa\u00f1a, al ganar tres etapas y acabar tercero en la general con solo 19 a\u00f1os. Un novato genial.<\/p>\n<p>\nEl confidente\n<\/p>\n<p class=\"voc-p\" style=\"\">Elguezabal no solo era hasta ahora el confidente de Pogacar, tambi\u00e9n el que mejor conoc\u00eda sus piernas y su musculatura. El que le proporcionaba protecci\u00f3n en las ca\u00f3ticas llegadas de meta del ciclismo, el que le tra\u00eda el primer refresco y el primero en saber los pormenores de la etapa o la victoria del portento esloveno. <\/p>\n<p class=\"voc-p\" style=\"\">La sombra vizca\u00edna ha viajado junto a Pogacar en todos los \u00e9xitos que ha levantado el sensacional ciclista. Los cuatro <strong>Tour de Francia (2020, 2021, 2024 y 2025),<\/strong> el Giro de Italia (2024), el Tour de Flandes, la Lieja-Bastogne-Lieja, Il Lombard\u00eda o la Strade Bianche. En teor\u00eda no estuvo con \u00e9l en los dos Mundiales de ruta que ha conquistado (2024 en Z\u00farich y 2025 en Ruanda), ya que el ciclista depend\u00eda de los servicios de la federaci\u00f3n eslovena.<\/p>\n<p class=\"voc-title\">Elguezabal ha estado en todos los \u00e9xitos de Pogacar desde su debut en 2019<\/p>\n<p class=\"voc-p\" style=\"\">Elguezabal ha destacado por su discreci\u00f3n, siempre imposible obtener de \u00e9l un relato aproximado de las andanzas o los datos de Tadej Pogacar. \u00ab<strong>\u00c9l es especial,<\/strong> cada d\u00eda en este equipo, UAE Team, es un sue\u00f1o, una espectacular experiencia de la que soy un privilegiado\u00bb, escribi\u00f3 el fisioterapeuta en sus redes sociales.<\/p>\n<p class=\"voc-p\" style=\"\">El masajista de Pogacar ya trabaj\u00f3 en el Athletic en la temporada 2013-2014, cuando en el equipo infantil de Lezama despuntaba Nico Williams.<\/p>\n<p class=\"voc-p\" style=\"\">Treinta a\u00f1os despu\u00e9s de Gurpegui, el Athletic tambi\u00e9n ha vivido en los \u00faltimos tiempos un episodio de dopaje. <a href=\"https:\/\/www.abc.es\/deportes\/futbol\/positivo-yeray-sustancia-nueva-enmascarante-autorizacion-terapeutica-20250821170756-nt.html\" target=\"_blank\" data-voc-vtm-id=\"in-text-traffic\" title=\"El defensa central Yeray\" rel=\"nofollow noopener\">El defensa central Yeray<\/a> fue suspendido por diez meses despu\u00e9s de dar positivo por una sustancia enmascarante y prohibida, la canrenona, que el jugador achac\u00f3 a un crecepelo.<\/p>\n","protected":false},"excerpt":{"rendered":"Dos a\u00f1os despu\u00e9s de contratar al fisi\u00f3logo \u00cd\u00f1igo San Mill\u00e1n, el preparador estrella que ha navegado a la&hellip;\n","protected":false},"author":2,"featured_media":269855,"comment_status":"","ping_status":"","sticky":false,"template":"","format":"standard","meta":{"footnotes":""},"categories":[273],"tags":[2182,2237,313,312,168,25,24,1750,66123,549,23,167,7247],"class_list":{"0":"post-269854","1":"post","2":"type-post","3":"status-publish","4":"format-standard","5":"has-post-thumbnail","7":"category-ciclismo","8":"tag-athletic","9":"tag-bici","10":"tag-ciclismo","11":"tag-cycling","12":"tag-deportes","13":"tag-es","14":"tag-espana","15":"tag-ficha","16":"tag-masajista","17":"tag-pogacar","18":"tag-spain","19":"tag-sports","20":"tag-sube"},"share_on_mastodon":{"url":"https:\/\/pubeurope.com\/@es\/115658399643993677","error":""},"_links":{"self":[{"href":"https:\/\/www.europesays.com\/es\/wp-json\/wp\/v2\/posts\/269854","targetHints":{"allow":["GET"]}}],"collection":[{"href":"https:\/\/www.europesays.com\/es\/wp-json\/wp\/v2\/posts"}],"about":[{"href":"https:\/\/www.europesays.com\/es\/wp-json\/wp\/v2\/types\/post"}],"author":[{"embeddable":true,"href":"https:\/\/www.europesays.com\/es\/wp-json\/wp\/v2\/users\/2"}],"replies":[{"embeddable":true,"href":"https:\/\/www.europesays.com\/es\/wp-json\/wp\/v2\/comments?post=269854"}],"version-history":[{"count":0,"href":"https:\/\/www.europesays.com\/es\/wp-json\/wp\/v2\/posts\/269854\/revisions"}],"wp:featuredmedia":[{"embeddable":true,"href":"https:\/\/www.europesays.com\/es\/wp-json\/wp\/v2\/media\/269855"}],"wp:attachment":[{"href":"https:\/\/www.europesays.com\/es\/wp-json\/wp\/v2\/media?parent=269854"}],"wp:term":[{"taxonomy":"category","embeddable":true,"href":"https:\/\/www.europesays.com\/es\/wp-json\/wp\/v2\/categories?post=269854"},{"taxonomy":"post_tag","embeddable":true,"href":"https:\/\/www.europesays.com\/es\/wp-json\/wp\/v2\/tags?post=269854"}],"curies":[{"name":"wp","href":"https:\/\/api.w.org\/{rel}","templated":true}]}}