{"id":269860,"date":"2025-12-04T00:14:12","date_gmt":"2025-12-04T00:14:12","guid":{"rendered":"https:\/\/www.europesays.com\/es\/269860\/"},"modified":"2025-12-04T00:14:12","modified_gmt":"2025-12-04T00:14:12","slug":"se-retira-de-los-escenarios-y-ya-se-sabe-su-ultimo-concierto","status":"publish","type":"post","link":"https:\/\/www.europesays.com\/es\/269860\/","title":{"rendered":"se retira de los escenarios y ya se sabe su \u00faltimo concierto"},"content":{"rendered":"<p>En el caso de <a title=\"Isabel Pantoja\" href=\"https:\/\/www.larazon.es\/gente\/famosos\/diego-gomez-media-kiko-rivera-hermana-zascas-isabel-pantoja_20251126692713a66e5e5012dccee3b4.html\" target=\"_blank\" rel=\"nofollow noopener\">Isabel Pantoja<\/a>, decir que son malos tiempos para ella resulta algo impreciso. Y es que ya uno no se acuerda de cu\u00e1ndo fueron las temporadas buenas de la artista. Lleva a\u00f1os <b>sorteando obst\u00e1culos profesionales, de salud y, sobre todo, familiares. Tambi\u00e9n econ\u00f3micos e inmobiliarios<\/b>, que le han llevado a dar un sinf\u00edn de tumbos desde su finca de Cantora a Madrid, de vuelta a C\u00e1diz, pasando por Canarias y ahora sin un lugar fijo en el que formar un hogar. Se estima que su futuro pasa por hacer las maletas e instalarse m\u00e1s all\u00e1 de nuestras fronteras, <a title=\"sonando Rep\u00fablica Dominicana como principal opci\u00f3n\" href=\"https:\/\/www.larazon.es\/gente\/famosos\/isabel-pantoja-asienta-republica-dominicana-agustin_20251130692bb29855584d48fb636ffa.html\" target=\"_blank\" rel=\"nofollow noopener\">sonando Rep\u00fablica Dominicana como principal opci\u00f3n<\/a>. Pero hay novedades. <\/p>\n<p>Y es que este pa\u00eds caribe\u00f1o era la que m\u00e1s apuestas recib\u00eda para acoger a la tonadillera espa\u00f1ola. Un lugar clave en el que se establecer\u00eda para afrontar su pr\u00f3xima gira de conciertos, por la que se asegura que <b>habr\u00eda cobrados dos millones de euros<\/b>. Una que, tal y como anuncian ahora desde \u2018el tiempo justo\u2019 de Telecinco, ser\u00e1 su \u00faltimo tour. Y es que la cantante habr\u00eda tomado la decisi\u00f3n de bajarse de una vez por todas de los escenarios y <b>despedirse de manera definitiva de su p\u00fablico en sus \u00faltimos conciertos<\/b>. Un adi\u00f3s marcado por un sinf\u00edn de controversias que le deja cierto sabor amargo, pero que entiende como necesario. <\/p>\n<p>La retirada de Isabel Pantoja de los escenarios<\/p>\n<p>Ha sido Antonio Rossi quien ha dado a conocer los planes de futuro de la artista. Anuncia que la gira que est\u00e1 organizando Isabel Pantoja para los pr\u00f3ximos meses <b>son \u201clas \u00faltimas oportunidades para verla sobre los escenarios\u201d<\/b>, dado que desea jubilarse. <b>Se retira despu\u00e9s de m\u00e1s de cinco d\u00e9cadas en el mundo de la m\u00fasica<\/b> y con miles de incondicionales jaleando sus canciones como himnos. Pero ya no desea seguir cantando para ellos, optando por una retirada a tiempo para encontrar la paz y la tranquilidad que tanto ans\u00eda. \u201cYa tiene fecha de retirada\u201d, se anuncia.<\/p>\n<p>Esta ser\u00e1 la \u00faltima gira de la tonadillera y la realizar\u00e1 por algunos enclaves del territorio americano. Este a\u00f1o ha hecho lo propio por distintas ciudades de Espa\u00f1a, sin mucho \u00e9xito debido a cancelaciones inesperadas, problemas de salud y dem\u00e1s pol\u00e9micas. Pero a\u00fan tiene una cita con sus fieles espa\u00f1oles: <b>\u201cA d\u00eda de hoy, tal y como lo tienen planeado, el \u00faltimo concierto de Isabel Pantoja ser\u00e1 en Sevilla el 27 de junio con Il Divo<\/b>, que es el pistoletazo de salida a su broche de oro, a su proyecto musical con ellos muy importante para hacer el cierre absoluto de su carrera musical, que le va a llevar a distintas ciudades europeas y americanas\u201d. <\/p>\n<p>Como no podr\u00eda ser de otra forma, Isabel Pantoja desear\u00eda despedirse de su p\u00fablico fiel en Sevilla, la tierra que la vio nacer y en la que comenz\u00f3 a coquetear con la m\u00fasica. \u201cLa gente tendr\u00e1 la \u00faltima oportunidad de verla en las ciudades que act\u00fae. <b>Es un a\u00f1o, a\u00f1o y algo, lo que pretende hacer de conciertos y no volver\u00e1 a subirse a los escenarios<\/b>. Esto lo han planeado durante este a\u00f1o, por eso va a cobrar esa cantidad tan importante\u201d. Se habla de dos millones de euros. Despu\u00e9s pensar\u00e1 d\u00f3nde vivir. No ser\u00e1 en Espa\u00f1a, donde dicen que \u201cya no tiene nada\u201d, sino en Rep\u00fablica Dominicana \u201ccon todo absolutamente pagado, saneado\u201d. <\/p>\n<p>Desde el programa de Telecinco se afirma que <b>Isabel Pantoja cobrar\u00e1 por cada concierto de su \u00faltima gira 188.000 euros \u201clibres de impuestos\u201d<\/b>. Un buen montante que incluye otras condiciones por contrato. Las han desvelado, entre las que se encuentra volar en un avi\u00f3n privado, dormir en las mejores suites de hoteles de 5 estrellas, una dieta diaria de 300 euros para saciar el apetito, as\u00ed como un equipo reforzado de miembros de seguridad para protegerla de ataques y, por supuesto tambi\u00e9n, de periodistas. <\/p>\n","protected":false},"excerpt":{"rendered":"En el caso de Isabel Pantoja, decir que son malos tiempos para ella resulta algo impreciso. Y es&hellip;\n","protected":false},"author":2,"featured_media":269861,"comment_status":"","ping_status":"","sticky":false,"template":"","format":"standard","meta":{"footnotes":""},"categories":[174],"tags":[255,146,147,25,24,256,23],"class_list":{"0":"post-269860","1":"post","2":"type-post","3":"status-publish","4":"format-standard","5":"has-post-thumbnail","7":"category-famosos","8":"tag-celebrities","9":"tag-entertainment","10":"tag-entretenimiento","11":"tag-es","12":"tag-espana","13":"tag-famosos","14":"tag-spain"},"share_on_mastodon":{"url":"https:\/\/pubeurope.com\/@es\/115658415357419448","error":""},"_links":{"self":[{"href":"https:\/\/www.europesays.com\/es\/wp-json\/wp\/v2\/posts\/269860","targetHints":{"allow":["GET"]}}],"collection":[{"href":"https:\/\/www.europesays.com\/es\/wp-json\/wp\/v2\/posts"}],"about":[{"href":"https:\/\/www.europesays.com\/es\/wp-json\/wp\/v2\/types\/post"}],"author":[{"embeddable":true,"href":"https:\/\/www.europesays.com\/es\/wp-json\/wp\/v2\/users\/2"}],"replies":[{"embeddable":true,"href":"https:\/\/www.europesays.com\/es\/wp-json\/wp\/v2\/comments?post=269860"}],"version-history":[{"count":0,"href":"https:\/\/www.europesays.com\/es\/wp-json\/wp\/v2\/posts\/269860\/revisions"}],"wp:featuredmedia":[{"embeddable":true,"href":"https:\/\/www.europesays.com\/es\/wp-json\/wp\/v2\/media\/269861"}],"wp:attachment":[{"href":"https:\/\/www.europesays.com\/es\/wp-json\/wp\/v2\/media?parent=269860"}],"wp:term":[{"taxonomy":"category","embeddable":true,"href":"https:\/\/www.europesays.com\/es\/wp-json\/wp\/v2\/categories?post=269860"},{"taxonomy":"post_tag","embeddable":true,"href":"https:\/\/www.europesays.com\/es\/wp-json\/wp\/v2\/tags?post=269860"}],"curies":[{"name":"wp","href":"https:\/\/api.w.org\/{rel}","templated":true}]}}