{"id":269866,"date":"2025-12-04T00:19:15","date_gmt":"2025-12-04T00:19:15","guid":{"rendered":"https:\/\/www.europesays.com\/es\/269866\/"},"modified":"2025-12-04T00:19:15","modified_gmt":"2025-12-04T00:19:15","slug":"la-pelicula-que-enamorara-a-los-fans-de-las-comedias-romanticas-de-antano-llega-por-fin-a-los-cines","status":"publish","type":"post","link":"https:\/\/www.europesays.com\/es\/269866\/","title":{"rendered":"La pel\u00edcula que enamorar\u00e1 a los fans de las comedias rom\u00e1nticas de anta\u00f1o llega por fin a los cines"},"content":{"rendered":"<p data-journey-content=\"true\" data-node-id=\"3\" class=\"css-6wxqfj emevuu60\"><strong data-node-id=\"3.0\"\/>En un m\u00e1s all\u00e1 donde las almas tienen que decidir d\u00f3nde y con qui\u00e9n pasar\u00e1n la eternidad, Joan debe elegir entre el hombre con el que ha compartido su vida y su primer amor, que muri\u00f3 poco despu\u00e9s de casarse y ha estado d\u00e9cadas esper\u00e1ndola. Con esa premisa, David Freyne firma en &#8216;Eternity&#8217; una f\u00e1bula luminosa a la antigua, una amable comedia de enredo tradicional que obvia el drama metaf\u00edsico que su argumento podr\u00eda sugerir para conseguir la sonrisa perenne de su p\u00fablico.<\/p>\n<p><img draggable=\"true\" alt=\"eternity\" title=\"eternity\" loading=\"lazy\" width=\"3840\" height=\"2160\" decoding=\"async\" data-nimg=\"1\" style=\"color:transparent;width:100%;height:auto;\"   src=\"https:\/\/www.europesays.com\/es\/wp-content\/uploads\/2025\/12\/eternity-pelicula-critica-opinion-estreno-cines-69306bfc42b74.jpg\" class=\"css-0 e1g79fud0\"\/><\/p>\n<p>A24<\/p>\n<p data-journey-content=\"true\" data-node-id=\"8\" class=\"css-6wxqfj emevuu60\"><strong data-node-id=\"8.0\">Miles Teller destaca como lo mejor de la funci\u00f3n.<\/strong> Su cl\u00e1sico gal\u00e1n en apuros, m\u00e1s Cary Grant que fantasma melanc\u00f3lico, roba cada escena con un encantador magnetismo relajado. Elizabeth Olsen brilla especialmente junto a \u00e9l, aportando con su qu\u00edmica la emoci\u00f3n que el guion dosifica mientras Callum Turner, siempre a cierta distancia de los dos verdaderos protagonistas, sigue el ritmo como puede.<\/p>\n<p><img draggable=\"true\" alt=\"eternity\" title=\"eternity\" loading=\"lazy\" width=\"2000\" height=\"2600\" decoding=\"async\" data-nimg=\"1\" style=\"color:transparent;width:100%;height:auto;\"   src=\"https:\/\/www.europesays.com\/es\/wp-content\/uploads\/2025\/12\/eternity-pelicula-critica-69306bfc416d1.jpg\" class=\"css-0 e1g79fud0\"\/><\/p>\n<p>A24<\/p>\n<p data-journey-content=\"true\" data-node-id=\"11\" class=\"css-6wxqfj emevuu60\">Una pel\u00edcula tan sencilla como efectiva, &#8216;<strong data-node-id=\"11.1\">Eternity&#8217; convierte una excusa fant\u00e1stica en un elegante divertimento que no parece aspirar a nada m\u00e1s \u2013ni a menos\u2013 que nuestro entretenimiento.<\/strong> L\u00e1stima que sus casi dos horas pesen m\u00e1s de lo necesario.<\/p>\n<p><img draggable=\"true\" alt=\"eternity\" title=\"eternity\" loading=\"lazy\" width=\"3840\" height=\"2160\" decoding=\"async\" data-nimg=\"1\" style=\"color:transparent;width:100%;height:auto;\"   src=\"https:\/\/www.europesays.com\/es\/wp-content\/uploads\/2025\/12\/eternity-pelicula-critica-opinion-69306bfc46ffb.jpg\" class=\"css-0 e1g79fud0\"\/><\/p>\n<p>A24<\/p>\n<p>Para los que a\u00f1oran los encantadores enredos de anta\u00f1o<\/p>\n<p data-journey-content=\"true\" data-node-id=\"17\" class=\"body-tip css-1n723qz emevuu60\"><strong data-node-id=\"17.0\">Lo mejor: <\/strong>ver c\u00f3mo Miles Teller se hace con la pel\u00edcula sin aparente esfuerzo. <\/p>\n<p data-journey-content=\"true\" data-node-id=\"19\" class=\"body-tip css-1n723qz emevuu60\"><strong data-node-id=\"19.0\">Lo peor:<\/strong> un metraje algo excesivo.<\/p>\n<p><img draggable=\"true\" alt=\"eternity\" title=\"eternity\" loading=\"lazy\" width=\"1923\" height=\"3000\" decoding=\"async\" data-nimg=\"1\" style=\"color:transparent;width:100%;height:auto;\"   src=\"https:\/\/www.europesays.com\/es\/wp-content\/uploads\/2025\/12\/eternity-csp-online-teaser-1-sheet-6927f73ebd952.jpg\" class=\"css-0 e1g79fud0\"\/><\/p>\n<p>A24<\/p>\n<p>Ficha t\u00e9cnica<\/p>\n<p data-journey-content=\"true\" data-node-id=\"23\" class=\"css-6wxqfj emevuu60\"><strong data-node-id=\"23.0\">Direcci\u00f3n:<\/strong> David Freyne  <strong data-node-id=\"23.2\">Reparto:<\/strong> Elizabeth Olsen, Miles Teller, Callum Turner, John Early, Da\u2019Vine Joy Randolph <strong data-node-id=\"23.4\">Pa\u00eds:<\/strong> Estados Unidos <strong data-node-id=\"23.6\">A\u00f1o:<\/strong> 2025 <strong data-node-id=\"23.8\">Fecha de estreno: <\/strong>5-12-2025 <strong data-node-id=\"23.10\">G\u00e9nero:<\/strong> Comedia rom\u00e1ntica <strong data-node-id=\"23.12\">Guion: <\/strong>Patrick Cunnane, David Freyne <strong data-node-id=\"23.14\">Duraci\u00f3n:<\/strong> 112 min.<\/p>\n<p data-journey-content=\"true\" data-node-id=\"25\" class=\"css-6wxqfj emevuu60\"><strong data-node-id=\"25.0\">Sinopsis: <\/strong>En un m\u00e1s all\u00e1 donde las almas tienen una semana para decidir d\u00f3nde pasar\u00e1n la eternidad, Joan se enfrenta a la diab\u00f3lica disyuntiva de elegir entre el hombre con el que ha compartido su vida y su primer amor, que muri\u00f3 joven y ha estado d\u00e9cadas esperando a que ella llegara.<strong data-node-id=\"25.2\"\/><\/p>\n<p><img src=\"https:\/\/www.europesays.com\/es\/wp-content\/uploads\/2025\/12\/7541bb6a-16f2-4527-9c94-b4ff6ee098ce_1646215165.file\" alt=\"Headshot of Ricardo Rosado\" title=\"Headshot of Ricardo Rosado\" width=\"100%\" height=\"100%\" decoding=\"async\" loading=\"lazy\" class=\"css-o0wq4v ev8dhu53\"\/><\/p>\n<p><a href=\"https:\/\/www.linkedin.com\/in\/ricardo-rosado-benito-609a5a40\/\" rel=\"nofollow noopener\" target=\"_blank\">Ricardo Rosado<\/a> es cr\u00edtico de cine, periodista cultural, experto en comedia norteamericana, pel\u00edculas de terror de cualquier tipo y todo lo que ocurra entre g\u00e9neros y formatos. Criado entre pel\u00edculas de Steven Spielberg, y malcriado desde que se top\u00f3 con David Lynch, lleva una d\u00e9cada escribiendo sobre el arte que consume.<\/p>\n<p>En FOTOGRAMAS le leer\u00e1s comentando los \u00faltimos estrenos en salas, fomentando la paz entre fans de Marvel y DC, repasando todas las novedades de Star Wars o sumergido en las profundidades de los cat\u00e1logos de Netflix, HBO Max, Prime Video y Filmin. Tambi\u00e9n le gusta hacer galer\u00edas y rankings de pel\u00edculas y series, pero nadie se f\u00eda demasiado de su criterio.<\/p>\n<p>Tras estudiar Comunicaci\u00f3n Audiovisual en la Universidad Complutense de Madrid, cre\u00f3 <a href=\"http:\/\/www.comboduoplus.com\/\" rel=\"nofollow noopener\" target=\"_blank\">un blog de rese\u00f1as cinematogr\u00e1ficas<\/a> con la esperanza de acudir gratis a festivales de cine y pases de prensa. Ahora, tras siete a\u00f1os escribiendo en FOTOGRAMAS sobre los \u00faltimos estrenos en salas, las series del momento y cualquier contenido disponible en los diferentes canales de streaming, sigue pensando que mereci\u00f3 la pena.<\/p>\n<p>Frontman de dos vergonzantes proyectos musicales, director de diversos videoclips de bandas de heavy metal madrile\u00f1as y autor de no pocos cortometrajes escondidos en la red de redes, es el editor y uno de los orgullosos contertulios del podcast cultural &#8216;<a href=\"https:\/\/www.ivoox.com\/podcast-de-al-lado-pumares_sq_f1627488_1.html\" rel=\"nofollow noopener\" target=\"_blank\">Los de al lado de Pumares<\/a>&#8216;, espacio que le ha permitido participar como colaborador en otros formatos de radio como &#8216;Estamos de cine&#8217; (Castilla-La Mancha Media) y <a href=\"https:\/\/cadenaser.com\/audio\/1627348931165\/\" rel=\"nofollow noopener\" target=\"_blank\">&#8216;El faro&#8217; (Cadena SER)<\/a>, adem\u00e1s de haberle convertido en una de las voces principales de los v\u00eddeos de FOTOGRAMAS. \u00a0<\/p>\n","protected":false},"excerpt":{"rendered":"En un m\u00e1s all\u00e1 donde las almas tienen que decidir d\u00f3nde y con qui\u00e9n pasar\u00e1n la eternidad, Joan&hellip;\n","protected":false},"author":2,"featured_media":269867,"comment_status":"","ping_status":"","sticky":false,"template":"","format":"standard","meta":{"footnotes":""},"categories":[169],"tags":[177,253,146,147,25,24,176,175,8788,12719,23],"class_list":{"0":"post-269866","1":"post","2":"type-post","3":"status-publish","4":"format-standard","5":"has-post-thumbnail","7":"category-cine","8":"tag-cine","9":"tag-discover","10":"tag-entertainment","11":"tag-entretenimiento","12":"tag-es","13":"tag-espana","14":"tag-film","15":"tag-movies","16":"tag-prescripcion","17":"tag-print","18":"tag-spain"},"share_on_mastodon":{"url":"https:\/\/pubeurope.com\/@es\/115658435513678378","error":""},"_links":{"self":[{"href":"https:\/\/www.europesays.com\/es\/wp-json\/wp\/v2\/posts\/269866","targetHints":{"allow":["GET"]}}],"collection":[{"href":"https:\/\/www.europesays.com\/es\/wp-json\/wp\/v2\/posts"}],"about":[{"href":"https:\/\/www.europesays.com\/es\/wp-json\/wp\/v2\/types\/post"}],"author":[{"embeddable":true,"href":"https:\/\/www.europesays.com\/es\/wp-json\/wp\/v2\/users\/2"}],"replies":[{"embeddable":true,"href":"https:\/\/www.europesays.com\/es\/wp-json\/wp\/v2\/comments?post=269866"}],"version-history":[{"count":0,"href":"https:\/\/www.europesays.com\/es\/wp-json\/wp\/v2\/posts\/269866\/revisions"}],"wp:featuredmedia":[{"embeddable":true,"href":"https:\/\/www.europesays.com\/es\/wp-json\/wp\/v2\/media\/269867"}],"wp:attachment":[{"href":"https:\/\/www.europesays.com\/es\/wp-json\/wp\/v2\/media?parent=269866"}],"wp:term":[{"taxonomy":"category","embeddable":true,"href":"https:\/\/www.europesays.com\/es\/wp-json\/wp\/v2\/categories?post=269866"},{"taxonomy":"post_tag","embeddable":true,"href":"https:\/\/www.europesays.com\/es\/wp-json\/wp\/v2\/tags?post=269866"}],"curies":[{"name":"wp","href":"https:\/\/api.w.org\/{rel}","templated":true}]}}