{"id":269870,"date":"2025-12-04T00:22:11","date_gmt":"2025-12-04T00:22:11","guid":{"rendered":"https:\/\/www.europesays.com\/es\/269870\/"},"modified":"2025-12-04T00:22:11","modified_gmt":"2025-12-04T00:22:11","slug":"la-unica-libertad-es-el-teatro","status":"publish","type":"post","link":"https:\/\/www.europesays.com\/es\/269870\/","title":{"rendered":"\u201cLa \u00fanica libertad es el teatro\u201d"},"content":{"rendered":"<p data-gtm-element-container=\"modulo-texto-link\" class=\"paragraph\">Una noche m\u00e1s, <a href=\"https:\/\/www.lavanguardia.com\/television\/20251203\/11326377\/clara-victoria-hormiguero-frente-revuelta-superada-isla-tentaciones.html\" rel=\"nofollow noopener\" target=\"_blank\">La Revuelta<\/a> ha aterrizado en RTVE.\u00a0\u201cPresent\u00f3 programas en Televisi\u00f3n Espa\u00f1ola y trabaj\u00f3 muchos a\u00f1os tambi\u00e9n en otras cadenas. Yo creo que est\u00e1 jubilado ya, lo que pasa es que est\u00e1 muy din\u00e1mico y muy fresco. Yo creo que este hombre tendr\u00e1 80 a\u00f1os, pero aparenta 61\u201d, ha asegurado Broncano antes de presentar al invitado de la noche.<\/p>\n<p data-gtm-element-container=\"modulo-texto-link\" class=\"paragraph\"><a href=\"https:\/\/www.lavanguardia.com\/television\/20251203\/11330025\/la-revuelta-david-broncano-pedro-ruiz-epm.html\" rel=\"nofollow noopener\" target=\"_blank\">Pedro Ruiz<\/a>, una de las figuras hist\u00f3ricas de la televisi\u00f3n en nuestro pa\u00eds, ha acudido a La Revuelta para presentar su nuevo espect\u00e1culo Mi vida es una an\u00e9cdota.\u00a0\u201dMe has presentado como un presentador, y yo creo que t\u00fa no eres presentador, t\u00fa eres &#8216;prepensador&#8217;, presentador es el que sale diciendo &#8216;con ustedes, el chorizo\u201d, le ha explicado Pedro Ruiz a Broncano nada m\u00e1s aparecer en el escenario.<\/p>\n<p>                <img loading=\"lazy\" decoding=\"async\" data-full-src=\"https:\/\/www.lavanguardia.com\/uploads\/2025\/12\/04\/6930c3d21c14a.png\" alt=\"Pedro Ruiz le ha escrito un poema a David Broncano\" width=\"449\" height=\"253\" src=\"https:\/\/www.europesays.com\/es\/wp-content\/uploads\/2025\/12\/6930c3d21c14a.png\" class=\"lazy\"\/><\/p>\n<p class=\"caption-title \">Pedro Ruiz le ha escrito un poema a David Broncano<\/p>\n<p>                    RTVE<\/p>\n<p data-gtm-element-container=\"modulo-texto-link\" class=\"paragraph\">Poco despu\u00e9s, el comunicador ha recordado su etapa en televisi\u00f3n: \u201cYo conoc\u00ed a Franco, pero de lejos&#8230; La vez que m\u00e1s cerca le tuve fue a dos kil\u00f3metros, pero aun as\u00ed me asust\u00f3\u201d, ha contado Ruiz, de 78 a\u00f1os, que en aquellos a\u00f1os viv\u00eda en Barcelona y presentaba el programa deportivo de TVE\u00a0Estudio Estadio.\u00a0<\/p>\n<p data-gtm-element-container=\"modulo-texto-link\" class=\"paragraph\">Ruiz ha detallado el motivo por el que decidi\u00f3 dejar la televisi\u00f3n: \u201cViv\u00eda en Barcelona, como empec\u00e9 a hacer teatro, me dijeron que no era digno hacer la televisi\u00f3n y la far\u00e1ndula. Me hicieron elegir entre el teatro o la televisi\u00f3n y eleg\u00ed el teatro&#8230;Fue en el a\u00f1o 71\u201d, ha detallado. Al final el teatro es el \u00fanico sitio en el que eres libre de verdad\u201d, ha asegurado.\u00a0Cabe destacar que durante el franquismo, la televisi\u00f3n estaba fuertemente controlada por el r\u00e9gimen, lo que llev\u00f3 a muchos artistas a buscar mayor libertad en el teatro.<\/p>\n<p data-gtm-element-container=\"modulo-texto-link\" class=\"paragraph\">Ruiz eligi\u00f3 el teatro como refugio de libertad en una \u00e9poca de censura, una decisi\u00f3n que a\u00fan hoy reivindica. \u201c\u00bfY a qu\u00e9 es el \u00fanico sitio donde te sientes libre del todo?\u201d, le ha preguntado Ruiz a Broncano. \u201cYo no, la verdad. Entiendo a lo que te refieres, pero yo aqu\u00ed me siento libre tambi\u00e9n. S\u00e9 que hay gente que piensa que no, pero yo hago aqu\u00ed cada d\u00eda lo que me sale de los huevos\u201d, ha asegurado Broncano entre risas.<\/p>\n<p data-gtm-element-container=\"modulo-texto-link\" class=\"paragraph\">A sus 78 a\u00f1os, Pedro sigue llenando salas con su nuevo espect\u00e1culo, Mi vida es una an\u00e9cdota, con el que asegura que se divertir\u00e1 \u201cincluso la gente joven que no me ha visto nunca\u201d. El comunicador ha comentado que \u201cquien no me ha visto en el teatro, no me conoce de verdad\u201d.<\/p>\n<p>&#8216;La Revuelta&#8217;<br \/>\nLa buena relaci\u00f3n entre David Broncano y Pedro Ruiz<\/p>\n<p data-gtm-element-container=\"modulo-texto-link\" class=\"paragraph\">Broncano y Pedro son vecinos y, seg\u00fan han contado en La Revuelta, se suelen encontrar por la calle: \u201cAdem\u00e1s, de vez en cuando me manda videos suyos tir\u00e1ndose a la piscina\u201d, ha confesado Broncano. Ha sido entonces cuando los espectadores hemos podido ver un v\u00eddeo de\u00a0una de las figuras hist\u00f3ricas de la televisi\u00f3n en nuestro pa\u00eds saltando a la piscina y haciendo volteretas en el aire.<\/p>\n<p data-gtm-element-container=\"modulo-texto-link\" class=\"paragraph\">\u201cEn casa es lo \u00fanico a lo que me puedo tirar, porque no tengo compa\u00f1\u00eda de ninguna clase\u201d, ha asegurado Pedro Ruiz entre risas. Una entrevista especialmente entretenida, repleta de titulares llamativos, comentarios ir\u00f3nicos y gui\u00f1os c\u00f3mplices entre Broncano y Ruiz.<\/p>\n","protected":false},"excerpt":{"rendered":"Una noche m\u00e1s, La Revuelta ha aterrizado en RTVE.\u00a0\u201cPresent\u00f3 programas en Televisi\u00f3n Espa\u00f1ola y trabaj\u00f3 muchos a\u00f1os tambi\u00e9n&hellip;\n","protected":false},"author":2,"featured_media":269871,"comment_status":"","ping_status":"","sticky":false,"template":"","format":"standard","meta":{"footnotes":""},"categories":[91],"tags":[146,147,25,24,23],"class_list":{"0":"post-269870","1":"post","2":"type-post","3":"status-publish","4":"format-standard","5":"has-post-thumbnail","7":"category-entretenimiento","8":"tag-entertainment","9":"tag-entretenimiento","10":"tag-es","11":"tag-espana","12":"tag-spain"},"share_on_mastodon":{"url":"https:\/\/pubeurope.com\/@es\/115658448075182073","error":""},"_links":{"self":[{"href":"https:\/\/www.europesays.com\/es\/wp-json\/wp\/v2\/posts\/269870","targetHints":{"allow":["GET"]}}],"collection":[{"href":"https:\/\/www.europesays.com\/es\/wp-json\/wp\/v2\/posts"}],"about":[{"href":"https:\/\/www.europesays.com\/es\/wp-json\/wp\/v2\/types\/post"}],"author":[{"embeddable":true,"href":"https:\/\/www.europesays.com\/es\/wp-json\/wp\/v2\/users\/2"}],"replies":[{"embeddable":true,"href":"https:\/\/www.europesays.com\/es\/wp-json\/wp\/v2\/comments?post=269870"}],"version-history":[{"count":0,"href":"https:\/\/www.europesays.com\/es\/wp-json\/wp\/v2\/posts\/269870\/revisions"}],"wp:featuredmedia":[{"embeddable":true,"href":"https:\/\/www.europesays.com\/es\/wp-json\/wp\/v2\/media\/269871"}],"wp:attachment":[{"href":"https:\/\/www.europesays.com\/es\/wp-json\/wp\/v2\/media?parent=269870"}],"wp:term":[{"taxonomy":"category","embeddable":true,"href":"https:\/\/www.europesays.com\/es\/wp-json\/wp\/v2\/categories?post=269870"},{"taxonomy":"post_tag","embeddable":true,"href":"https:\/\/www.europesays.com\/es\/wp-json\/wp\/v2\/tags?post=269870"}],"curies":[{"name":"wp","href":"https:\/\/api.w.org\/{rel}","templated":true}]}}