{"id":269874,"date":"2025-12-04T00:26:20","date_gmt":"2025-12-04T00:26:20","guid":{"rendered":"https:\/\/www.europesays.com\/es\/269874\/"},"modified":"2025-12-04T00:26:20","modified_gmt":"2025-12-04T00:26:20","slug":"rescatados-mas-de-300-corzos-en-lagos-congelados-de-rusia","status":"publish","type":"post","link":"https:\/\/www.europesays.com\/es\/269874\/","title":{"rendered":"Rescatados m\u00e1s de 300 corzos en lagos congelados de Rusia"},"content":{"rendered":"<p class=\"c-paragraph\">M\u00e1s de 300 corzos han sido rescatados recientemente de lagos congelados en la regi\u00f3n rusa de Novosibirsk, seg\u00fan el Ministerio de Naturaleza local. Los animales <b>no pod\u00edan caminar<\/b> sobre la superficie resbaladiza de las masas de agua heladas durante su migraci\u00f3n.\u00a0<\/p>\n<p class=\"c-paragraph\">La semana pasada, pescadores del distrito de Karasuk encontraron unos 30 animales atrapados en el hielo del lago Chernoye. Los hombres cargaron a los animales de 40 kilogramos<b> sobre sus hombros y trineos<\/b> hasta la orilla m\u00e1s cercana, lo cual fue un desaf\u00edo, ya que los corzos se resistieron activamente, incluso mordieron y patearon.\u00a0<\/p>\n<p class=\"c-paragraph\">Uno de los pescadores, Ilya Zaitsev, film\u00f3 la operaci\u00f3n de rescate y la public\u00f3 en su canal de YouTube. \u00abPara ser sincero, es una visi\u00f3n terrible. <b>Est\u00e1n tendidos y gritando<\/b>. Los que est\u00e1n sentados est\u00e1n bien, pero puedo ver uno tendido; lo m\u00e1s probable es que est\u00e9 muerto\u00bb, dijo Zaitsev.\u00a0<\/p>\n<p class=\"c-paragraph\">El Ministerio de Naturaleza local inform\u00f3 que los trabajadores del Ministerio de Emergencias tambi\u00e9n utilizaron un aerodeslizador para rescatar a la manada atrapada y confirmaron que <b>no todos los corzos sobrevivieron<\/b>, pero la mayor\u00eda s\u00ed.<\/p>\n<p class=\"c-paragraph\">Los corzos siberianos suelen migrar desde las tierras altas de las vecinas regiones de Alt\u00e1i en enero, cuando la nieve se vuelve demasiado profunda para ellos. Para entonces, <b>los lagos y r\u00edos congelados <\/b>tambi\u00e9n est\u00e1n cubiertos de nieve en la regi\u00f3n de Novosibirsk, y los artiod\u00e1ctilos pueden desplazarse f\u00e1cilmente.<\/p>\n","protected":false},"excerpt":{"rendered":"M\u00e1s de 300 corzos han sido rescatados recientemente de lagos congelados en la regi\u00f3n rusa de Novosibirsk, seg\u00fan&hellip;\n","protected":false},"author":2,"featured_media":269875,"comment_status":"","ping_status":"","sticky":false,"template":"","format":"standard","meta":{"footnotes":""},"categories":[42],"tags":[914,17,18,49344,66380,13,14,11,61,62,63,64,24013,19,20,9,10,15,16,66379,1614,12,21,22,65,66,67],"class_list":{"0":"post-269874","1":"post","2":"type-post","3":"status-publish","4":"format-standard","5":"has-post-thumbnail","7":"category-internacional","8":"tag-914","9":"tag-breaking-news","10":"tag-breakingnews","11":"tag-congelados","12":"tag-corzos","13":"tag-featured-news","14":"tag-featurednews","15":"tag-headlines","16":"tag-internacional","17":"tag-international","18":"tag-international-news","19":"tag-internationalnews","20":"tag-lagos","21":"tag-latest-news","22":"tag-latestnews","23":"tag-news","24":"tag-noticias","25":"tag-noticias-destacadas","26":"tag-noticiasdestacadas","27":"tag-rescatados","28":"tag-rusia","29":"tag-titulares","30":"tag-ultimas-noticias","31":"tag-ultimasnoticias","32":"tag-world","33":"tag-world-news","34":"tag-worldnews"},"share_on_mastodon":{"url":"https:\/\/pubeurope.com\/@es\/115658462589862554","error":""},"_links":{"self":[{"href":"https:\/\/www.europesays.com\/es\/wp-json\/wp\/v2\/posts\/269874","targetHints":{"allow":["GET"]}}],"collection":[{"href":"https:\/\/www.europesays.com\/es\/wp-json\/wp\/v2\/posts"}],"about":[{"href":"https:\/\/www.europesays.com\/es\/wp-json\/wp\/v2\/types\/post"}],"author":[{"embeddable":true,"href":"https:\/\/www.europesays.com\/es\/wp-json\/wp\/v2\/users\/2"}],"replies":[{"embeddable":true,"href":"https:\/\/www.europesays.com\/es\/wp-json\/wp\/v2\/comments?post=269874"}],"version-history":[{"count":0,"href":"https:\/\/www.europesays.com\/es\/wp-json\/wp\/v2\/posts\/269874\/revisions"}],"wp:featuredmedia":[{"embeddable":true,"href":"https:\/\/www.europesays.com\/es\/wp-json\/wp\/v2\/media\/269875"}],"wp:attachment":[{"href":"https:\/\/www.europesays.com\/es\/wp-json\/wp\/v2\/media?parent=269874"}],"wp:term":[{"taxonomy":"category","embeddable":true,"href":"https:\/\/www.europesays.com\/es\/wp-json\/wp\/v2\/categories?post=269874"},{"taxonomy":"post_tag","embeddable":true,"href":"https:\/\/www.europesays.com\/es\/wp-json\/wp\/v2\/tags?post=269874"}],"curies":[{"name":"wp","href":"https:\/\/api.w.org\/{rel}","templated":true}]}}