{"id":269876,"date":"2025-12-04T00:28:10","date_gmt":"2025-12-04T00:28:10","guid":{"rendered":"https:\/\/www.europesays.com\/es\/269876\/"},"modified":"2025-12-04T00:28:10","modified_gmt":"2025-12-04T00:28:10","slug":"ferraz-incluye-al-candidato-del-psoe-en-extremadura-en-su-catalogo-de-victimas-un-hombre-honesto-sobre-el-que-hay-una-campana-de-difamacion-el-mundo","status":"publish","type":"post","link":"https:\/\/www.europesays.com\/es\/269876\/","title":{"rendered":"Ferraz incluye al candidato del PSOE en Extremadura en su cat\u00e1logo de v\u00edctimas: &quot;Un hombre honesto sobre el que hay una campa\u00f1a de difamaci\u00f3n&quot; &#8211; El Mundo"},"content":{"rendered":"<ol>\n<li><a href=\"https:\/\/news.google.com\/rss\/articles\/CBMiekFVX3lxTE1SY0dPaUJjaVFlY0hKd2xRbnRvZVR5SjRpMmFnOW9SVkttM0dSczR3b04xdWtGc04xb3JRc01Mbm5RNUxZV2xNTnhrMnMzb1NrT2puaU1TYnl0amlkcTJ5VmZBSHlYcG85eFVzMDNfaERJSVNTOHRZSG530gF6QVVfeXFMT1hGTFpkay1Qd241NDJhODhrSDhQNG5SQ1ZCWkprN2JLdmpJRlBORXRjekxzekdCSG5qU1QyODNlNEcyOWN6QWk3THNvYlRlRFdSYXBUQ2JJTXotWWNnX0hPbmtRVjBkZUxSMGt1SXJqMzVmR3B0WmNfNEE?oc=5\" target=\"_blank\" rel=\"nofollow noopener\">Ferraz incluye al candidato del PSOE en Extremadura en su cat\u00e1logo de v\u00edctimas: \u00abUn hombre honesto sobre el que hay una campa\u00f1a de difamaci\u00f3n\u00bb<\/a>&nbsp;&nbsp;El Mundo<\/li>\n<li><a href=\"https:\/\/news.google.com\/rss\/articles\/CBMilwFBVV95cUxNdGZPNzhsM1hsaW1tZGtZRm11b1dFU0tHa1JEV0FwX2diQUFlVlRQLXduYk0tblVjM2pWQndRM2YyajQzd2F1VnIzM1p4VEh6SmUyUmNaSUxBSVppdzljS0hkaEQ3WDFuLWh4MThNMndVXzNoQUNUWldMY3JDN0JTQVVIRHhkY0doNWd1ZVNlMGF4N2M4T09n?oc=5\" target=\"_blank\" rel=\"nofollow noopener\">Montero (PSOE) afea la labor de la derecha por negar \u00abcon bulos y mentiras\u00bb los logros del Gobierno<\/a>&nbsp;&nbsp;ABC<\/li>\n<li><a href=\"https:\/\/news.google.com\/rss\/articles\/CBMiuwFBVV95cUxOOVRoZlVTODdMZjhhY1pNTHgyYndmOVVNci1XVm5LQ0tFUWk2a3paWHRoU2ZRMXF6VmtxZFFMeXBFVHRDLWJPNHl0YkFSb0R1N2VvaHZwY3B2LXFjdXducFlTajNDVmtDd3dyck5UVFBMNUJGSmNYaVdtTW1qWFJSSmpGc3VHbWJ0cE9mN0Q0SWxxeEtkNU1GbUxhNk4wR21OVHhhS2pTQTNMVGM3NExwNjdYaXJPSzJTRW9B0gG7AUFVX3lxTE9RUGlzUHh6RVdlQ2N2T3Nkc3VwcVRMRC1DVUhYOHl2aF9LSkFqV1lvWFpWMHNUTFdiTWNUUEVrTk9yR3JYd3BETV80VHEyem14Sl9NQVlqeVd6M3pQMUpQUTU3bjJpREhYbDBBNFo1WXJIekllNVlLN21CdTV5UVlxVzBUSkRaT3pLQ0NGVXJ1WDhNTEhpckZ6QXp5UENBaUh0N1BKek5MTExBRWFkX05jUFdxZ3lBWmN2NG8?oc=5\" target=\"_blank\" rel=\"nofollow noopener\">Montero, desde Extremadura: \u00abTenemos el Gobierno m\u00e1s estable porque hemos aprobado 50 leyes que mejoran la vida de la gente\u00bb<\/a>&nbsp;&nbsp;El Peri\u00f3dico<\/li>\n<li><a href=\"https:\/\/news.google.com\/rss\/articles\/CBMiswFBVV95cUxOZUJVRk9ZcTRNdDZLRVJFU0VMek1NeFFZY0tQVjFzN1BWeTctc0dSQmRQc2FpcjJtSzBfU3BwRlhUUk44b0xFX00zSjF3YzdUdFJqOEtHU1hTdGRNc2FEMHByS0ZQX05zSVRmbloyTTJmNi01VUZZWGpPLVRHYURMYk4xQnZTMGxad0U2OXlhN1pTZkxQX1NSQ1NGR3RDWDM1bkJzbzVTREkxcVpsVzF1UGR2c9IBuAFBVV95cUxOdXREdXhZbFd1WHJUVXRycXBFMF9jU1lDNkwyekxGeDEwYU1FVy0wNVBwQnpKY0RTcDlWMWtmWm5LUTZtY29tTENrNUV0cmZrUHhPdlNJV0d5cXlZTzY2QXFCaTBUZG9jdDVnMXNuckQtd2FHZHVFd0NiT1MyUEhkOGRUQnluQmN0dkZKZ3NhRjJ0VTNpZURBeENwOWZ2cXFXVU83dmY1aTJBWE9BUVlIbnl3b0NRNnZB?oc=5\" target=\"_blank\" rel=\"nofollow noopener\">Mar\u00eda Jes\u00fas Montero interviene en un acto del PSOE en Extremadura, en directo<\/a>&nbsp;&nbsp;El Debate<\/li>\n<li><a href=\"https:\/\/news.google.com\/rss\/articles\/CBMivgFBVV95cUxQdU9NWTVLX05vdW5KdExuRzRxYzVNbkpNYmt3a3dheGN2MVpzRkp4MHFSWFZwSHJyc1YwZkY2OEViMG96cmRxTzdQS0dXU2hxa2RmNXRURmlNeFljTjItWDdXdHN4UTB5bjY3aHl0cTZrZUxvaW5uYUxRZXI2Zmp6bGo2YlVtVEx0Vy1ZUnBLVVlfRjhOWTgzNEZFcjI1TEJCekpTMnhsaHNzdFk4VTFKcWdSY0laRGlvSUlHNmhR?oc=5\" target=\"_blank\" rel=\"nofollow noopener\">Montero afea a la derecha por negar \u00abcon bulos y mentiras\u00bb los logros del Gobierno<\/a>&nbsp;&nbsp;Vivir Ediciones<\/li>\n<\/ol>\n","protected":false},"excerpt":{"rendered":"Ferraz incluye al candidato del PSOE en Extremadura en su cat\u00e1logo de v\u00edctimas: \u00abUn hombre honesto sobre el&hellip;\n","protected":false},"author":2,"featured_media":269877,"comment_status":"","ping_status":"","sticky":false,"template":"","format":"standard","meta":{"footnotes":""},"categories":[8],"tags":[17,18,25,24,7234,13,14,11,19,20,764,54696,9,10,15,16,1699,23,12,21,22],"class_list":{"0":"post-269876","1":"post","2":"type-post","3":"status-publish","4":"format-standard","5":"has-post-thumbnail","7":"category-espana","8":"tag-breaking-news","9":"tag-breakingnews","10":"tag-es","11":"tag-espana","12":"tag-extremadura","13":"tag-featured-news","14":"tag-featurednews","15":"tag-headlines","16":"tag-latest-news","17":"tag-latestnews","18":"tag-maria-jesus-montero","19":"tag-miguel-angel-gallardo","20":"tag-news","21":"tag-noticias","22":"tag-noticias-destacadas","23":"tag-noticiasdestacadas","24":"tag-psoe","25":"tag-spain","26":"tag-titulares","27":"tag-ultimas-noticias","28":"tag-ultimasnoticias"},"share_on_mastodon":{"url":"https:\/\/pubeurope.com\/@es\/115658470772795196","error":""},"_links":{"self":[{"href":"https:\/\/www.europesays.com\/es\/wp-json\/wp\/v2\/posts\/269876","targetHints":{"allow":["GET"]}}],"collection":[{"href":"https:\/\/www.europesays.com\/es\/wp-json\/wp\/v2\/posts"}],"about":[{"href":"https:\/\/www.europesays.com\/es\/wp-json\/wp\/v2\/types\/post"}],"author":[{"embeddable":true,"href":"https:\/\/www.europesays.com\/es\/wp-json\/wp\/v2\/users\/2"}],"replies":[{"embeddable":true,"href":"https:\/\/www.europesays.com\/es\/wp-json\/wp\/v2\/comments?post=269876"}],"version-history":[{"count":0,"href":"https:\/\/www.europesays.com\/es\/wp-json\/wp\/v2\/posts\/269876\/revisions"}],"wp:featuredmedia":[{"embeddable":true,"href":"https:\/\/www.europesays.com\/es\/wp-json\/wp\/v2\/media\/269877"}],"wp:attachment":[{"href":"https:\/\/www.europesays.com\/es\/wp-json\/wp\/v2\/media?parent=269876"}],"wp:term":[{"taxonomy":"category","embeddable":true,"href":"https:\/\/www.europesays.com\/es\/wp-json\/wp\/v2\/categories?post=269876"},{"taxonomy":"post_tag","embeddable":true,"href":"https:\/\/www.europesays.com\/es\/wp-json\/wp\/v2\/tags?post=269876"}],"curies":[{"name":"wp","href":"https:\/\/api.w.org\/{rel}","templated":true}]}}