{"id":269878,"date":"2025-12-04T00:29:50","date_gmt":"2025-12-04T00:29:50","guid":{"rendered":"https:\/\/www.europesays.com\/es\/269878\/"},"modified":"2025-12-04T00:29:50","modified_gmt":"2025-12-04T00:29:50","slug":"juan-carlos-i-define-el-enfrentamiento-entre-las-reinas-letizia-y-sofia-en-palma-como-un-desastre-mi-nuera-se-enfado-con-sofi-ante-las-camaras","status":"publish","type":"post","link":"https:\/\/www.europesays.com\/es\/269878\/","title":{"rendered":"Juan Carlos I define el enfrentamiento entre las reinas Letizia y Sof\u00eda en Palma como \u201cun desastre\u201d: \u201cMi nuera se enfad\u00f3 con Sofi ante las c\u00e1maras\u201d"},"content":{"rendered":"<p><img alt=\"Letizia se cruza frente a\" class=\"global-image\" decoding=\"async\" fetchpriority=\"high\" height=\"1080\" loading=\"eager\" src=\"https:\/\/www.europesays.com\/es\/wp-content\/uploads\/2025\/12\/4GVFQ7ULNZFO7EPXLQD5226KEU.jpg\" width=\"1920\"\/>Letizia se cruza frente a su suegra e hijas para impedir la foto. (YouTube. <\/p>\n<p class=\"paragraph\">Las librer\u00edas espa\u00f1olas ya exhiben Reconciliaci\u00f3n, el esperado libro autobiogr\u00e1fico de Juan Carlos I, escrito en colaboraci\u00f3n<a href=\"https:\/\/www.infobae.com\/espana\/2025\/12\/03\/quien-es-laurence-debray-la-mujer-detras-de-reconciliacion-las-memorias-del-rey-juan-carlos\/\" target=\"_blank\" rel=\"noreferrer nofollow noopener\" title=\"https:\/\/www.infobae.com\/espana\/2025\/12\/03\/quien-es-laurence-debray-la-mujer-detras-de-reconciliacion-las-memorias-del-rey-juan-carlos\/\"> con Laurence Debray<\/a>. Pese a las especulaciones previas sobre una posible versi\u00f3n suavizada, la edici\u00f3n publicada por Planeta es exactamente la misma que sali\u00f3 a la luz en Francia bajo el t\u00edtulo Reconciliation, de la editorial Stock. As\u00ed lo aseguran fuentes de la entidad, que niegan tajantemente cualquier modificaci\u00f3n: \u201c\u00bfC\u00f3mo se pod\u00eda pensar alguien que se suprimir\u00edan partes?<b> Eso ser\u00eda visto como censura <\/b>y nada m\u00e1s lejos de la voluntad de don Juan Carlos\u201d.<\/p>\n<p class=\"paragraph\">La obra, que vio la luz en Francia a principios de noviembre, contin\u00faa <a href=\"https:\/\/www.infobae.com\/espana\/2025\/12\/01\/el-sorprendente-mensaje-del-rey-juan-carlos-a-los-jovenes-antes-de-la-publicacion-de-sus-memorias-os-pido-que-apoyeis-a-mi-hijo\/\" target=\"_blank\" rel=\"noreferrer nofollow noopener\" title=\"https:\/\/www.infobae.com\/espana\/2025\/12\/01\/el-sorprendente-mensaje-del-rey-juan-carlos-a-los-jovenes-antes-de-la-publicacion-de-sus-memorias-os-pido-que-apoyeis-a-mi-hijo\/\">generando titulares en Espa\u00f1a. <\/a>Y no solo por los grandes asuntos hist\u00f3ricos o pol\u00edticos que aborda, sino tambi\u00e9n por los pasajes en los que el monarca reflexiona sobre su vida familiar. Algunas de esas referencias pasaron inadvertidas para la prensa francesa, pero se han convertido en objeto de especial inter\u00e9s tras la llegada del libro al mercado espa\u00f1ol.<\/p>\n<p class=\"paragraph\">Uno de los fragmentos m\u00e1s llamativos aparece en las primeras p\u00e1ginas del texto, concretamente en la 29. All\u00ed, el em\u00e9rito rememora<a href=\"https:\/\/www.infobae.com\/espana\/2024\/03\/31\/seis-anos-de-la-misa-de-pascua-que-lo-cambio-todo-en-la-familia-real-asi-fue-el-polemico-rifirrafe-entre-las-reinas-sofia-y-letizia\/\" target=\"_blank\" rel=\"noreferrer nofollow noopener\" title=\"https:\/\/www.infobae.com\/espana\/2024\/03\/31\/seis-anos-de-la-misa-de-pascua-que-lo-cambio-todo-en-la-familia-real-asi-fue-el-polemico-rifirrafe-entre-las-reinas-sofia-y-letizia\/\"> el c\u00e9lebre incidente ocurrido tras la misa de Pascua<\/a> en Palma en 2018, <b>un episodio que dio la vuelta al mundo<\/b> y que reabri\u00f3 la conversaci\u00f3n sobre las tensiones internas en la familia real.<\/p>\n<p><img alt=\"La princesa de Asturias, Leonor,\" class=\"global-image\" decoding=\"async\" fetchpriority=\"low\" height=\"3028\" loading=\"lazy\" src=\"https:\/\/www.europesays.com\/es\/wp-content\/uploads\/2025\/12\/XMAUFCI74RCJDIEEESN73EFGDM.jpg\" width=\"4542\"\/>La princesa de Asturias, Leonor, la reina consorte de Espa\u00f1a, Letizia Ortiz, rey de Espa\u00f1a, Felipe VI, Do\u00f1a Sof\u00eda, y la infanta de Espa\u00f1a, Sof\u00eda, en la misa de Pascua celebrada en la Catedral de Palma de Mallorca<br \/>\nPOLITICA. (Isaac Buj &#8211; Europa Press).<\/p>\n<p class=\"paragraph\">Buena parte de la pol\u00e9mica en torno a su fijaci\u00f3n con Letizia tiene su origen en aquella famosa secuencia de Palma. Lo que deb\u00eda ser una salida rutinaria de la catedral tras la misa de Pascua termin\u00f3 convirti\u00e9ndose en uno de los momentos m\u00e1s estudiados de la historia reciente de la monarqu\u00eda espa\u00f1ola. <\/p>\n<p class=\"paragraph\">La reina Sof\u00eda intent\u00f3 posar con sus nietas, como hab\u00eda hecho en otras ocasiones, pero <b>Letizia bloque\u00f3 la fotograf\u00eda<\/b>, coloc\u00e1ndose entre el c\u00e1mara oficial y sus hijas. En la grabaci\u00f3n, se observa c\u00f3mo Leonor se aparta del abrazo de su abuela, mientras Felipe VI y Juan Carlos I presencian la escena desconcertados. El em\u00e9rito, visiblemente irritado, pronunci\u00f3 entonces<b> un seco \u201ctenemos que hablar\u201d<\/b> dirigido a su hijo.<\/p>\n<p class=\"paragraph\">Juan Carlos describe su presencia en aquel Domingo de Ramos como un intento institucional por mostrar \u201cunidad y armon\u00eda\u201d familiar, una intenci\u00f3n que, desde su punto de vista, se vio frustrada por la actitud de su nuera. \u201c<b>Result\u00f3 ser un desastre. La reina Letizia, mi nuera, se enfad\u00f3 con Sofi <\/b>delante de las c\u00e1maras, al salir de la misa de Pascua\u201d, escribe sin rodeos. Y remata con una cr\u00edtica a la artificialidad de las puestas en escena: \u201cLos montajes de los comunicadores no consiguen milagros. Creo m\u00e1s en la espontaneidad y en la veracidad\u201d.<\/p>\n<p><img alt=\"El rey Felipe VI de\" class=\"global-image\" decoding=\"async\" fetchpriority=\"low\" height=\"1280\" loading=\"lazy\" src=\"https:\/\/www.europesays.com\/es\/wp-content\/uploads\/2025\/12\/N5IQYZKOXNELFI3R6OHYRQEWDE.jpg\" width=\"1920\"\/>El rey Felipe VI de Espa\u00f1a (centro), su esposa, la reina Letizia (segunda por la izquierda), sus hijas, la princesa Sof\u00eda (izq.) y la princesa Leonor (der.), y la ex reina Sof\u00eda posan tras asistir a la tradicional Misa de Resurrecci\u00f3n de Pascua en Palma de Mallorca el 21 de abril de 2019. (Foto de JAIME REINA \/ AFP)<\/p>\n<p class=\"paragraph\">A continuaci\u00f3n, insiste en que nunca quiso convertirse en una carga para su hijo ni para su entorno m\u00e1s cercano. Recuerda que Zarzuela ofrec\u00eda suficiente espacio para convivir sin interferencias, y aprovecha para aclarar el destino del Fortuna, el yate que sol\u00eda acompa\u00f1arle en los veranos mallorquines: asegura que se vendi\u00f3 porque <b>mantenerlo se hab\u00eda vuelto econ\u00f3micamente inviable.<\/b><\/p>\n<p class=\"paragraph\">El libro profundiza tambi\u00e9n en el terreno emocional. El rey em\u00e9rito lamenta de forma reiterada no haber podido disfrutar plenamente de <a href=\"https:\/\/www.infobae.com\/espana\/2025\/11\/28\/batacazo-de-audiencias-de-la-entrevista-de-juan-carlos-i-el-programa-frances-para-el-que-hablo-obtiene-su-peor-dato-en-mas-de-una-decada\/\" target=\"_blank\" rel=\"noreferrer nofollow noopener\" title=\"https:\/\/www.infobae.com\/espana\/2025\/11\/28\/batacazo-de-audiencias-de-la-entrevista-de-juan-carlos-i-el-programa-frances-para-el-que-hablo-obtiene-su-peor-dato-en-mas-de-una-decada\/\">sus nietas Leonor y Sof\u00eda<\/a>, a pesar de vivir durante a\u00f1os a escasa distancia del palacio de sus padres. Explica que ni \u00e9l ha podido pasear con ellas por la ciudad, ni la reina Sof\u00eda<b> ha tenido la oportunidad de compartir momentos \u00edntimos<\/b> con las ni\u00f1as.<\/p>\n<p class=\"paragraph\">\u201cS\u00e9 que Letizia y Felipe educan maravillosamente a sus hijas &#8211;<a href=\"https:\/\/www.infobae.com\/espana\/2025\/11\/28\/arantxa-perez-experta-en-reputacion-en-espana-juan-carlos-i-no-tendria-la-libertad-y-neutralidad-que-tiene-en-la-television-francesa\/\" target=\"_blank\" rel=\"noreferrer nofollow noopener\" title=\"https:\/\/www.infobae.com\/espana\/2025\/11\/28\/arantxa-perez-experta-en-reputacion-en-espana-juan-carlos-i-no-tendria-la-libertad-y-neutralidad-que-tiene-en-la-television-francesa\/\">son muy graciosas y simp\u00e1ticas<\/a>-, pero me entristece no poder entablar una relaci\u00f3n personal con ellas, contarles historias, compartir comidas en restaurantes, hacer viajes, llevarlas a ver alg\u00fan partido, tal y como he hecho con mis otros nietos. Me hubiera encantado entablar una relaci\u00f3n especial con mis herederas\u201d, confiesa. Y, por ello,<b> se define como \u201cun lobo solitario\u201d. <\/b><\/p>\n<p><img alt=\"La reina Letizia de Espa\u00f1a\" class=\"global-image\" decoding=\"async\" fetchpriority=\"low\" height=\"2566\" loading=\"lazy\" src=\"https:\/\/www.europesays.com\/es\/wp-content\/uploads\/2025\/12\/BFBYULFGBNAHNMPQFEOUP4PFEM.jpg\" width=\"1920\"\/>La reina Letizia de Espa\u00f1a y la ex reina Sof\u00eda (izq.) salen tras asistir a la tradicional Misa de Pascua de Resurrecci\u00f3n en Palma de Mallorca el 21 de abril de 2019. (Foto de JAIME REINA \/ AFP)<\/p>\n","protected":false},"excerpt":{"rendered":"Letizia se cruza frente a su suegra e hijas para impedir la foto. (YouTube. Las librer\u00edas espa\u00f1olas ya&hellip;\n","protected":false},"author":2,"featured_media":269879,"comment_status":"","ping_status":"","sticky":false,"template":"","format":"standard","meta":{"footnotes":""},"categories":[5],"tags":[17,18,25,24,13,14,11,19,20,9,10,15,16,23,12,21,22],"class_list":{"0":"post-269878","1":"post","2":"type-post","3":"status-publish","4":"format-standard","5":"has-post-thumbnail","7":"category-titulares","8":"tag-breaking-news","9":"tag-breakingnews","10":"tag-es","11":"tag-espana","12":"tag-featured-news","13":"tag-featurednews","14":"tag-headlines","15":"tag-latest-news","16":"tag-latestnews","17":"tag-news","18":"tag-noticias","19":"tag-noticias-destacadas","20":"tag-noticiasdestacadas","21":"tag-spain","22":"tag-titulares","23":"tag-ultimas-noticias","24":"tag-ultimasnoticias"},"share_on_mastodon":{"url":"https:\/\/pubeurope.com\/@es\/115658478851971431","error":""},"_links":{"self":[{"href":"https:\/\/www.europesays.com\/es\/wp-json\/wp\/v2\/posts\/269878","targetHints":{"allow":["GET"]}}],"collection":[{"href":"https:\/\/www.europesays.com\/es\/wp-json\/wp\/v2\/posts"}],"about":[{"href":"https:\/\/www.europesays.com\/es\/wp-json\/wp\/v2\/types\/post"}],"author":[{"embeddable":true,"href":"https:\/\/www.europesays.com\/es\/wp-json\/wp\/v2\/users\/2"}],"replies":[{"embeddable":true,"href":"https:\/\/www.europesays.com\/es\/wp-json\/wp\/v2\/comments?post=269878"}],"version-history":[{"count":0,"href":"https:\/\/www.europesays.com\/es\/wp-json\/wp\/v2\/posts\/269878\/revisions"}],"wp:featuredmedia":[{"embeddable":true,"href":"https:\/\/www.europesays.com\/es\/wp-json\/wp\/v2\/media\/269879"}],"wp:attachment":[{"href":"https:\/\/www.europesays.com\/es\/wp-json\/wp\/v2\/media?parent=269878"}],"wp:term":[{"taxonomy":"category","embeddable":true,"href":"https:\/\/www.europesays.com\/es\/wp-json\/wp\/v2\/categories?post=269878"},{"taxonomy":"post_tag","embeddable":true,"href":"https:\/\/www.europesays.com\/es\/wp-json\/wp\/v2\/tags?post=269878"}],"curies":[{"name":"wp","href":"https:\/\/api.w.org\/{rel}","templated":true}]}}