{"id":269892,"date":"2025-12-04T00:46:12","date_gmt":"2025-12-04T00:46:12","guid":{"rendered":"https:\/\/www.europesays.com\/es\/269892\/"},"modified":"2025-12-04T00:46:12","modified_gmt":"2025-12-04T00:46:12","slug":"santiago-segura-confirma-la-fecha-de-estreno-de-torrente-presidente","status":"publish","type":"post","link":"https:\/\/www.europesays.com\/es\/269892\/","title":{"rendered":"Santiago Segura confirma la fecha de estreno de &#8216;Torrente, Presidente&#8217;"},"content":{"rendered":"<p>Poco a poco y con el paso del tiempo,<strong> Santiago Segura no solamente se ha convertido en uno de los actores m\u00e1s reconocidos de nuestro pa\u00eds, sino tambi\u00e9n es considerado como <a href=\"https:\/\/okdiario.com\/happyfm\/santiago-segura-propone-abalos-papel-proxima-pelicula-torrente-seria-gracioso-15009687\" target=\"_blank\" rel=\"noopener noreferrer nofollow\">un director excepcional<\/a>.<\/strong> Entre los numerosos proyectos que ha dirigido, se encuentran todas y cada una de las pel\u00edculas de Torrente que, adem\u00e1s, \u00e9l mismo ha protagonizado. Despu\u00e9s de que salieran a la luz cinco de ellas, <strong>Santiago Segura se anim\u00f3 a hacer todo lo que estaba en su mano para hacer realidad un nuevo largometraje.<\/strong> Finalmente, logr\u00f3 hacer realidad esa sexta pel\u00edcula que llevar\u00e1 por t\u00edtulo Torrente, presidente. A lo largo de estos meses, han salido a la luz algunas cuestiones que se incluir\u00e1n en esta pel\u00edcula, pero no han trascendido muchos m\u00e1s detalles. Es m\u00e1s, la quinta pel\u00edcula vio la luz en 2014, por lo que, como no pod\u00eda ser de otra manera, la expectaci\u00f3n es m\u00e1xima.<\/p>\n<p>Ahora bien, son muchos los que se est\u00e1n preguntando cu\u00e1ndo ver\u00e1 la luz la sexta pel\u00edcula de la saga de Torrente, dirigida y protagonizada por Santiago Segura. Lo cierto es que su estreno est\u00e1 m\u00e1s cerca de lo que algunos pueden llegar a imaginar. <strong>Y es que este largometraje ya se encuentra en fase de posproducci\u00f3n, por lo que, si todo sale como est\u00e1 previsto, Torrente, presidente se estrenar\u00e1 en cines el 13 de marzo de 2026<\/strong>. A pesar de que no se han dado muchos m\u00e1s detalles sobre en qu\u00e9 consistir\u00e1 este filme, m\u00e1s all\u00e1 de lo evidente por el nombre escogido, s\u00ed que se han compartido algunos datos. Entre ellos, el tiempo de duraci\u00f3n de la pel\u00edcula. Un misterio que, por fortuna para muchos, ya habr\u00eda quedado resuelto.<\/p>\n<p>Tal y como el propio director de Torrente ha confesado, la sexta de las entregas de esta saga tendr\u00e1 una duraci\u00f3n de 80 minutos. <strong>\u00abEn pel\u00edculas con duraci\u00f3n normal, de unos 90-95 minutos, la gente tiene que sacar el m\u00f3vil. Me parece tan triste, macho\u00bb<\/strong>, coment\u00f3. De esta forma, desvel\u00f3 que, con esta decisi\u00f3n, su intenci\u00f3n era conseguir que los que acudieran al cine se adentraran de lleno en la trama y no se les hiciera pesada, ni mucho menos.<\/p>\n<p>Pero no todo queda ah\u00ed, puesto que, hace unos cuantos meses, Santiago Segura se pronunci\u00f3 respecto a c\u00f3mo hab\u00eda tenido que tirar de ingenio para que lo que se reflejara en Torrente, presidente superase la realidad. Algo que no ha sido, ni mucho menos, f\u00e1cil: <strong>\u00abEn la \u00faltima ya yo me fui para adelante en el tiempo, yo ya hac\u00eda que Catalu\u00f1a no estaba en Espa\u00f1a, que hab\u00edamos vuelto a la peseta\u00bb<\/strong>, coment\u00f3 en una entrevista con El Debate.<\/p>\n<p>Por si fuera poco, fue mucho m\u00e1s all\u00e1: <strong>\u00abSiempre dicen que la realidad supera a la ficci\u00f3n y es verdad, siempre te quedas corto\u00bb<\/strong>. Lejos de que todo quede ah\u00ed, Santiago Segura quiso a\u00f1adir algo m\u00e1s: \u00abEn este pa\u00eds es muy dif\u00edcil hacer pol\u00edtica ficci\u00f3n o s\u00e1tira social porque la sociedad te supera\u00bb. Y a\u00f1ade: <strong>\u00abAun as\u00ed estoy d\u00e1ndole vueltas, llevo cuatro a\u00f1os pensando en esta pel\u00edcula, yo creo que al final tendr\u00e9 que buscar una forma de hacerla para que sea divertida\u00bb.<\/strong><\/p>\n","protected":false},"excerpt":{"rendered":"Poco a poco y con el paso del tiempo, Santiago Segura no solamente se ha convertido en uno&hellip;\n","protected":false},"author":2,"featured_media":269893,"comment_status":"","ping_status":"","sticky":false,"template":"","format":"standard","meta":{"footnotes":""},"categories":[169],"tags":[177,146,147,25,24,176,175,23],"class_list":{"0":"post-269892","1":"post","2":"type-post","3":"status-publish","4":"format-standard","5":"has-post-thumbnail","7":"category-cine","8":"tag-cine","9":"tag-entertainment","10":"tag-entretenimiento","11":"tag-es","12":"tag-espana","13":"tag-film","14":"tag-movies","15":"tag-spain"},"share_on_mastodon":{"url":"https:\/\/pubeurope.com\/@es\/115658541278912768","error":""},"_links":{"self":[{"href":"https:\/\/www.europesays.com\/es\/wp-json\/wp\/v2\/posts\/269892","targetHints":{"allow":["GET"]}}],"collection":[{"href":"https:\/\/www.europesays.com\/es\/wp-json\/wp\/v2\/posts"}],"about":[{"href":"https:\/\/www.europesays.com\/es\/wp-json\/wp\/v2\/types\/post"}],"author":[{"embeddable":true,"href":"https:\/\/www.europesays.com\/es\/wp-json\/wp\/v2\/users\/2"}],"replies":[{"embeddable":true,"href":"https:\/\/www.europesays.com\/es\/wp-json\/wp\/v2\/comments?post=269892"}],"version-history":[{"count":0,"href":"https:\/\/www.europesays.com\/es\/wp-json\/wp\/v2\/posts\/269892\/revisions"}],"wp:featuredmedia":[{"embeddable":true,"href":"https:\/\/www.europesays.com\/es\/wp-json\/wp\/v2\/media\/269893"}],"wp:attachment":[{"href":"https:\/\/www.europesays.com\/es\/wp-json\/wp\/v2\/media?parent=269892"}],"wp:term":[{"taxonomy":"category","embeddable":true,"href":"https:\/\/www.europesays.com\/es\/wp-json\/wp\/v2\/categories?post=269892"},{"taxonomy":"post_tag","embeddable":true,"href":"https:\/\/www.europesays.com\/es\/wp-json\/wp\/v2\/tags?post=269892"}],"curies":[{"name":"wp","href":"https:\/\/api.w.org\/{rel}","templated":true}]}}