{"id":269899,"date":"2025-12-04T00:52:09","date_gmt":"2025-12-04T00:52:09","guid":{"rendered":"https:\/\/www.europesays.com\/es\/269899\/"},"modified":"2025-12-04T00:52:09","modified_gmt":"2025-12-04T00:52:09","slug":"maduro-rompe-su-silencio-sobre-la-llamada-con-trump-fue-en-un-tono-de-respeto-y-cordial","status":"publish","type":"post","link":"https:\/\/www.europesays.com\/es\/269899\/","title":{"rendered":"Maduro rompe su silencio sobre la llamada con Trump: \u201cFue en un tono de respeto y cordial\u201d"},"content":{"rendered":"<p class=\"\">El presidente de Venezuela, Nicol\u00e1s Maduro, se ha referido este mi\u00e9rcoles por primera vez <a href=\"https:\/\/elpais.com\/internacional\/2025-11-28\/maduro-y-trump-hablaron-la-semana-pasada-segun-the-new-york-times.html\" target=\"_self\" rel=\"nofollow noopener\" title=\"https:\/\/elpais.com\/internacional\/2025-11-28\/maduro-y-trump-hablaron-la-semana-pasada-segun-the-new-york-times.html\">a la conversaci\u00f3n que mantuvo con Donald Trump el pasado 21 de noviembre<\/a>. \u201cHace unos 10 d\u00edas de la Casa Blanca llamaron a Miraflores y tuve una conversaci\u00f3n con el presidente Donald Trump\u201d, arranc\u00f3 Maduro. \u201cFue en un tono de respeto y cordial. Si esa llamada significa que se est\u00e1n dando pasos a un di\u00e1logo respetuoso de pa\u00eds a pa\u00eds, bienvenido el di\u00e1logo y la diplomacia\u201d, dijo en directo en la televisi\u00f3n. Maduro, que rompe as\u00ed su silencio sobre la conversaci\u00f3n, remarc\u00f3 que sus a\u00f1os de canciller le ense\u00f1aron a guardar prudencia en temas de importancia. <\/p>\n<p class=\"\">El chavismo llevaba d\u00edas preservando cualquier informaci\u00f3n sobre esta llamada que ha dado pie a un sinf\u00edn de especulaciones. La existencia de esa conversaci\u00f3n <a href=\"https:\/\/elpais.com\/internacional\/2025-11-28\/maduro-y-trump-hablaron-la-semana-pasada-segun-the-new-york-times.html\" target=\"_self\" rel=\"nofollow noopener\" title=\"https:\/\/elpais.com\/internacional\/2025-11-28\/maduro-y-trump-hablaron-la-semana-pasada-segun-the-new-york-times.html\">fue revelada por The New York Times<\/a>, que la interpret\u00f3 como un paso hacia el di\u00e1logo entre ambos l\u00edderes. Fuentes conocedoras de esa charla coincidieron en resaltar a EL PA\u00cdS el tono \u201ccorrecto\u201d entre ambos l\u00edderes y que, como sugiere ahora Maduro, podr\u00eda ser un primer paso para continuar con el di\u00e1logo en un contexto de \u201calta tensi\u00f3n\u201d.<\/p>\n<p class=\"\">Trump ya se hab\u00eda referido a la existencia de esa llamada. \u201cNo quiero hacer comentarios al respecto. La respuesta es s\u00ed\u201d, asegur\u00f3 este domingo. El magnate republicano volvi\u00f3 a ser ambiguo, como en muchas de las declaraciones que ha hecho en las \u00faltimas semanas acerca de Venezuela. <a href=\"https:\/\/elpais.com\/internacional\/2025-12-01\/trump-reconoce-que-converso-con-maduro-no-diria-que-salio-bien-ni-mal-fue-una-llamada-telefonica.html\" target=\"_self\" rel=\"nofollow noopener\" title=\"https:\/\/elpais.com\/internacional\/2025-12-01\/trump-reconoce-que-converso-con-maduro-no-diria-que-salio-bien-ni-mal-fue-una-llamada-telefonica.html\">\u201cNo dir\u00eda que sali\u00f3 bien ni mal. Fue una llamada telef\u00f3nica\u201d<\/a>, zanj\u00f3. A preguntas de los periodistas, Trump volvi\u00f3 a hablar este mi\u00e9rcoles sobre su conversaci\u00f3n con Maduro. Fue escueto. \u201cHabl\u00e9 brevemente con \u00e9l sobre un par de asuntos. Vamos a ver qu\u00e9 pasa\u201d, dijo en la Casa Blanca. <\/p>\n<p class=\"\">En su intervenci\u00f3n ante la prensa, Trump neg\u00f3 que haya habido una segunda conversaci\u00f3n con Maduro, un escenario con el que se ha especulado en los \u00faltimos d\u00edas. Fuentes familiarizadas con las entra\u00f1as de la crisis, consideran que si la hubo, se habr\u00eda pactado mantenerla en silencio.<\/p>\n<p class=\"\">Desde que se conoci\u00f3 que ambos dirigentes conversaron, se han filtrado todo tipo de teor\u00edas sobre los t\u00e9rminos de aquella llamada. Seg\u00fan public\u00f3 Reuters, Maduro habr\u00eda condicionado su salida del poder a una amnist\u00eda para \u00e9l y su familia, el levantamiento de sanciones contra un centenar de altos cargos, as\u00ed como la instalaci\u00f3n de un Gobierno interino comandado por su vicepresidenta Delcy Rodr\u00edguez. Esta propuesta habr\u00eda sido rechazada por Trump, seg\u00fan diversos medios estadounidenses. No es lo que se desprende de las palabras de Maduro. <\/p>\n<p class=\"\">El l\u00edder del chavismo habl\u00f3 desde un barrio en Petare, una zona popular en Caracas, adonde acudi\u00f3 con el ministro de Defensa, Vladimir Padrino L\u00f3pez, y otros jefes militares, para celebrar un encuentro con las comunidades. Durante la cita tambi\u00e9n confirm\u00f3 <a href=\"https:\/\/elpais.com\/us\/migracion\/2025-12-02\/venezuela-asegura-que-estados-unidos-le-pidio-permiso-para-reanudar-vuelos-con-deportados.html\" target=\"_self\" rel=\"nofollow noopener\" title=\"https:\/\/elpais.com\/us\/migracion\/2025-12-02\/venezuela-asegura-que-estados-unidos-le-pidio-permiso-para-reanudar-vuelos-con-deportados.html\">la reanudaci\u00f3n de los vuelos de migrantes de deportados <\/a>e inform\u00f3 que uno estar\u00eda aterrizando la tarde de este mi\u00e9rcoles en Maiquet\u00eda, a pesar de que se mantienen las restricciones sobre el espacio a\u00e9reo por la advertencia de Washington de un aumento de las operaciones militares. La reactivaci\u00f3n de estas deportaciones fue seg\u00fan el chavismo tras una solicitud de Estados Unidos, lo que revelar\u00eda que la conversaci\u00f3n entre ambos pa\u00edses mantiene alg\u00fan canal abierto.<\/p>\n<p class=\"\">En la breve referencia que ha hecho de la llamada, el presidente venezolano parece mantener la puerta abierta a una negociaci\u00f3n. El mandatario record\u00f3, c\u00f3mo lo ha hecho \u00faltimamente, su conocimiento de Estados Unidos y todas las veces que ha viajado al pa\u00eds en misiones diplom\u00e1ticas durante el Gobierno de Hugo Ch\u00e1vez. <\/p>\n<p class=\"\">No se refiri\u00f3, sin embargo, a las \u00faltimas declaraciones de Trump en las que anunciaba que pronto comenzar\u00edan las operaciones por tierra, en referencia a los carteles de droga que operan en Venezuela, y en las que asegur\u00f3 que acabar\u00eda \u201ccon todos esos hijos de perra\u201d. Para responder a Trump, Maduro prefiere poner en la primera l\u00ednea de frente a sus colaboradores m\u00e1s cercanos. El l\u00edder chavista maldice al antiimperialismo, env\u00eda advertencias de resistencia, pero se cuida de referirse a Trump directamente en t\u00e9rminos despectivos.<\/p>\n<p class=\"\">La conversaci\u00f3n se produjo en mitad de la escalada militar que mantiene Estados Unidos contra Venezuela, con un despliegue in\u00e9dito de aeronaves y buques militares en el Caribe. La llamada supuso un impasse en un tenso escenario en el que Washington aprieta, cada d\u00eda un poco m\u00e1s, las cuerdas al chavismo: desde los ataques a supuestas narcolanchas, el cierre del espacio a\u00e9reo o, m\u00e1s recientemente, los ataques contra narcotraficantes en territorio venezolano. Trump asegur\u00f3 este mi\u00e9rcoles que no se trata de \u201cuna estrategia de presi\u00f3n\u201d, contra el r\u00e9gimen. \u201cEs mucho m\u00e1s que eso\u201d, dijo. Fuera como fuese esa llamada, la tensi\u00f3n sigue disparada.<\/p>\n","protected":false},"excerpt":{"rendered":"El presidente de Venezuela, Nicol\u00e1s Maduro, se ha referido este mi\u00e9rcoles por primera vez a la conversaci\u00f3n que&hellip;\n","protected":false},"author":2,"featured_media":269900,"comment_status":"","ping_status":"","sticky":false,"template":"","format":"standard","meta":{"footnotes":""},"categories":[42],"tags":[17,18,1196,47619,72,352,629,13,14,11,61,62,63,64,19,20,1804,9,1194,10,15,16,952,12,21,22,1192,65,66,67],"class_list":{"0":"post-269899","1":"post","2":"type-post","3":"status-publish","4":"format-standard","5":"has-post-thumbnail","7":"category-internacional","8":"tag-breaking-news","9":"tag-breakingnews","10":"tag-chavismo","11":"tag-conflictos-diplomaticos","12":"tag-conflictos-internacionales","13":"tag-donald-trump","14":"tag-estados-unidos","15":"tag-featured-news","16":"tag-featurednews","17":"tag-headlines","18":"tag-internacional","19":"tag-international","20":"tag-international-news","21":"tag-internationalnews","22":"tag-latest-news","23":"tag-latestnews","24":"tag-latinoamerica","25":"tag-news","26":"tag-nicolas-maduro","27":"tag-noticias","28":"tag-noticias-destacadas","29":"tag-noticiasdestacadas","30":"tag-politica","31":"tag-titulares","32":"tag-ultimas-noticias","33":"tag-ultimasnoticias","34":"tag-venezuela","35":"tag-world","36":"tag-world-news","37":"tag-worldnews"},"share_on_mastodon":{"url":"","error":"Validation failed: Text character limit of 500 exceeded"},"_links":{"self":[{"href":"https:\/\/www.europesays.com\/es\/wp-json\/wp\/v2\/posts\/269899","targetHints":{"allow":["GET"]}}],"collection":[{"href":"https:\/\/www.europesays.com\/es\/wp-json\/wp\/v2\/posts"}],"about":[{"href":"https:\/\/www.europesays.com\/es\/wp-json\/wp\/v2\/types\/post"}],"author":[{"embeddable":true,"href":"https:\/\/www.europesays.com\/es\/wp-json\/wp\/v2\/users\/2"}],"replies":[{"embeddable":true,"href":"https:\/\/www.europesays.com\/es\/wp-json\/wp\/v2\/comments?post=269899"}],"version-history":[{"count":0,"href":"https:\/\/www.europesays.com\/es\/wp-json\/wp\/v2\/posts\/269899\/revisions"}],"wp:featuredmedia":[{"embeddable":true,"href":"https:\/\/www.europesays.com\/es\/wp-json\/wp\/v2\/media\/269900"}],"wp:attachment":[{"href":"https:\/\/www.europesays.com\/es\/wp-json\/wp\/v2\/media?parent=269899"}],"wp:term":[{"taxonomy":"category","embeddable":true,"href":"https:\/\/www.europesays.com\/es\/wp-json\/wp\/v2\/categories?post=269899"},{"taxonomy":"post_tag","embeddable":true,"href":"https:\/\/www.europesays.com\/es\/wp-json\/wp\/v2\/tags?post=269899"}],"curies":[{"name":"wp","href":"https:\/\/api.w.org\/{rel}","templated":true}]}}