{"id":269901,"date":"2025-12-04T00:53:10","date_gmt":"2025-12-04T00:53:10","guid":{"rendered":"https:\/\/www.europesays.com\/es\/269901\/"},"modified":"2025-12-04T00:53:10","modified_gmt":"2025-12-04T00:53:10","slug":"el-juez-cree-que-el-director-de-acciona-pacto-con-santos-cerdan-en-2015-por-una-capacidad-de-influencia-que-solo-tendria-3-anos-despues-tribunales","status":"publish","type":"post","link":"https:\/\/www.europesays.com\/es\/269901\/","title":{"rendered":"El juez cree que el director de Acciona pact\u00f3 con Santos Cerd\u00e1n en 2015 por una capacidad de influencia que solo tendr\u00eda 3 a\u00f1os despu\u00e9s | Tribunales"},"content":{"rendered":"<p class=\"loc\">Madrid<\/p>\n<p>El juez instructor del caso Cerd\u00e1n, Leopoldo Puente, ha afirmado en el auto por el que ha acordado medidas cautelares para el exdirector de Acciona Construcci\u00f3n, Justo Vicente Pelegrini, que el directivo suscribi\u00f3 el 16 de septiembre de 2015 un acuerdo de colaboraci\u00f3n con Servinabar, constituida solo 11 d\u00edas antes y supuestamente vinculada a Santos Cerd\u00e1n, porque \u201cconfiaba\u201d en que se producir\u00edan \u201cadjudicaciones futuras\u201d para las que el pol\u00edtico \u201cdesplegar\u00eda\u201d su \u201cindebida influencia sobre otros investigados en esta causa que ocupaban cargos p\u00fablicos decisivos\u201d en relaci\u00f3n a las contrataciones.<\/p>\n<p>En septiembre de 2015 Santos Cerd\u00e1n era secretario de organizaci\u00f3n del Partido Socialista de Navarra y portavoz parlamentario auton\u00f3mico, pero se encontraba en la oposici\u00f3n. Tampoco ten\u00eda capacidad de influencia en el Gobierno central, entonces dirigido por el PP con mayor\u00eda absoluta. <\/p>\n<p>El PSOE no llegar\u00eda a la Moncloa hasta 2018 y de forma sorpresiva tras la moci\u00f3n de censura por la sentencia de la Audiencia Nacional sobre el caso G\u00fcrtel, por lo que los \u201ccargos p\u00fablicos decisivos\u201d tambi\u00e9n \u201cinvestigados\u201d sobre los que Cerd\u00e1n podr\u00eda \u201cdesplegar\u201d su influencia, como Jos\u00e9 Luis \u00c1balos o Koldo Garc\u00eda, no ser\u00edan elegidos hasta tres a\u00f1os despu\u00e9s de que Pelegrini ideara su plan, seg\u00fan la teor\u00eda del magistrado.<\/p>\n<p>Durante el interrogatorio, Justo Vicente Pelegrini ha dicho que los trabajos por los que Acciona factur\u00f3 6.7 millones a Servinabar fueron efectivamente realizados en materia de prevenci\u00f3n de riesgos laborales y otros conceptos, de los que puede aportar facturas, y ha negado el pago de comisiones o irregularidad alguna. Asevera que el 2% era el l\u00edmite m\u00e1ximo a pagar en condiciones normales de contrato, no una mordida. Sostiene que ten\u00eda una buena relaci\u00f3n con el gerente de Servinabar, Antxon Alonso, y que en un par de ocasiones comieron ambos con Santos Cerd\u00e1n, pero niega que fueran reuniones de negocios. Que se trat\u00f3 de encuentros enmarcados con agentes sociales para ver el impacto de los proyectos en Navarra. El juez le ha preguntado si hab\u00eda mantenido reuniones similares con otros pol\u00edticos, y Pelegrini ha dicho que s\u00ed, aunque no ha especificado con quienes.<\/p>\n<p>En similares t\u00e9rminos se ha pronunciado Tom\u00e1s Olarte, directivo de Acciona para el norte, quien ha afirmado que ni conoc\u00eda al resto de investigados, a excepci\u00f3n de Alonso, y que comprob\u00f3 que Servinabar ejecut\u00f3 los trabajos. <\/p>\n<p>El juez les impone las medidas cautelares solicitadas por el fiscal: comparecencias quincenales, prohibici\u00f3n de abandonar el territorio nacional y retirada de pasaporte.<\/p>\n<p>Por otra parte, el Supremo ha rechazado el recurso de \u00c1balos contrario a que se le investigue por supuestos ama\u00f1os en Transportes. Dice que la queja del ministro es inasumible, valida la apertura de la pieza separada para analizar las contrataciones en el Ministerio que ocupaba y desestima todas sus pretensiones.<\/p>\n","protected":false},"excerpt":{"rendered":"Madrid El juez instructor del caso Cerd\u00e1n, Leopoldo Puente, ha afirmado en el auto por el que ha&hellip;\n","protected":false},"author":2,"featured_media":269902,"comment_status":"","ping_status":"","sticky":false,"template":"","format":"standard","meta":{"footnotes":""},"categories":[8],"tags":[17,18,25,24,13,14,11,19,20,9,10,15,16,23,12,21,22],"class_list":{"0":"post-269901","1":"post","2":"type-post","3":"status-publish","4":"format-standard","5":"has-post-thumbnail","7":"category-espana","8":"tag-breaking-news","9":"tag-breakingnews","10":"tag-es","11":"tag-espana","12":"tag-featured-news","13":"tag-featurednews","14":"tag-headlines","15":"tag-latest-news","16":"tag-latestnews","17":"tag-news","18":"tag-noticias","19":"tag-noticias-destacadas","20":"tag-noticiasdestacadas","21":"tag-spain","22":"tag-titulares","23":"tag-ultimas-noticias","24":"tag-ultimasnoticias"},"share_on_mastodon":{"url":"https:\/\/pubeurope.com\/@es\/115658568934186005","error":""},"_links":{"self":[{"href":"https:\/\/www.europesays.com\/es\/wp-json\/wp\/v2\/posts\/269901","targetHints":{"allow":["GET"]}}],"collection":[{"href":"https:\/\/www.europesays.com\/es\/wp-json\/wp\/v2\/posts"}],"about":[{"href":"https:\/\/www.europesays.com\/es\/wp-json\/wp\/v2\/types\/post"}],"author":[{"embeddable":true,"href":"https:\/\/www.europesays.com\/es\/wp-json\/wp\/v2\/users\/2"}],"replies":[{"embeddable":true,"href":"https:\/\/www.europesays.com\/es\/wp-json\/wp\/v2\/comments?post=269901"}],"version-history":[{"count":0,"href":"https:\/\/www.europesays.com\/es\/wp-json\/wp\/v2\/posts\/269901\/revisions"}],"wp:featuredmedia":[{"embeddable":true,"href":"https:\/\/www.europesays.com\/es\/wp-json\/wp\/v2\/media\/269902"}],"wp:attachment":[{"href":"https:\/\/www.europesays.com\/es\/wp-json\/wp\/v2\/media?parent=269901"}],"wp:term":[{"taxonomy":"category","embeddable":true,"href":"https:\/\/www.europesays.com\/es\/wp-json\/wp\/v2\/categories?post=269901"},{"taxonomy":"post_tag","embeddable":true,"href":"https:\/\/www.europesays.com\/es\/wp-json\/wp\/v2\/tags?post=269901"}],"curies":[{"name":"wp","href":"https:\/\/api.w.org\/{rel}","templated":true}]}}