{"id":269903,"date":"2025-12-04T00:54:41","date_gmt":"2025-12-04T00:54:41","guid":{"rendered":"https:\/\/www.europesays.com\/es\/269903\/"},"modified":"2025-12-04T00:54:41","modified_gmt":"2025-12-04T00:54:41","slug":"hallan-una-cincuentena-de-jabalies-muertos-dentro-de-la-zona-cero","status":"publish","type":"post","link":"https:\/\/www.europesays.com\/es\/269903\/","title":{"rendered":"Hallan una cincuentena de jabal\u00edes muertos dentro de la &#8216;zona cero&#8217;"},"content":{"rendered":"<p>Barcelona (EFE).- Los efectivos que est\u00e1n peinando Collserola para contener la peste porcina han encontrado hasta el momento una cincuentena de jabal\u00edes fallecidos dentro de la zona delimitada, aunque no significa que est\u00e9n todos contagiados, pues por ahora la cifra de positivos confirmados se mantiene en nueve.<\/p>\n<p>\u00abHemos encontrado una cincuentena de animales muertos, pero lo que no sabemos es la anal\u00edtica -para determinar si estaban contagiados-, aunque lo importante es que todos los positivos confirmados hasta ahora -nueve- son de esta zona confinada\u00bb, ha explicado en declaraciones a los medios el inspector jefe de los Agentes Rurales de la Generalitat, Josep Antoni Mur.<\/p>\n<p>Efectivos de agentes rurales, polic\u00eda y militares de la UME siguen peinando la zona de vigilancia de 6 kil\u00f3metros a la redonda del lugar donde se encontraron los primeros casos comunicados el pasado viernes, en la zona de Bellatera y dentro del t\u00e9rmino municipal de Cerdanyola del Vall\u00e8s (Barcelona).<\/p>\n<p><img data-recalc-dims=\"1\" fetchpriority=\"high\" decoding=\"async\" width=\"980\" height=\"654\" src=\"https:\/\/www.europesays.com\/es\/wp-content\/uploads\/2025\/12\/rss-efeacf6708e0f342eba44bfd6b1129247e93539719aw-1024x683.webp\" alt=\"Jabal\u00edes en libertad. EFE\/Jes\u00fas Monroy&#10;\" class=\"wp-image-2328482\"  \/>Jabal\u00edes en libertad. EFE\/Jes\u00fas Monroy<\/p>\n<p>Prospecci\u00f3n por cuadr\u00edculas<\/p>\n<p>Los efectivos han hecho una prospecci\u00f3n por cuadr\u00edculas de 300 metros cuadrados, asignadas cada una de ellas a una unidad, en una zona boscosa que est\u00e1 situado entre las autov\u00edas C-58, AP-7 y C-16.<\/p>\n<p>Los trabajos consisten en contener a los animales con barreras qu\u00edmicas (repelentes) en pasos de fauna y, desde hace dos d\u00edas, tambi\u00e9n f\u00edsicas en pasos subterr\u00e1neos (por debajo de las autov\u00edas), mientras que los Mossos controlan los puentes por encima de las carreteras.<\/p>\n<p><img loading=\"lazy\" data-recalc-dims=\"1\" decoding=\"async\" width=\"900\" height=\"600\" src=\"https:\/\/www.europesays.com\/es\/wp-content\/uploads\/2025\/12\/GRAFCAT5281-ESPANA-PESTE-PORCINA.webp\" alt=\"\" class=\"wp-image-2333205\"  \/>Miembros de la Unidad Militar de Emergencia (UME) trabajan en el rastreo de la \u2018zona cero\u2019 del brote de peste porcina africana (PPA) detectada en Barcelona. EFE\/Enric Fontcuberta<\/p>\n<p>Mur ha dicho que est\u00e1n pendientes de las indicaciones de los t\u00e9cnicos de la Comisi\u00f3n Europea y del Ministerio de Agricultura desplazados a la zona para que concreten los m\u00e9todos para el sacrificio y la captura.<\/p>\n<p>\u00abTenemos recorridos preparados y sistemas de trampas de captura masiva, pero nos tienen que decir d\u00f3nde utilizarlas y qu\u00e9 m\u00e9todos se pueden usar para el sacrificio\u00bb, ha dicho Mur.<\/p>\n<p>Barrido del terreno<\/p>\n<p>El representante de Agentes Rurales ha se\u00f1alado que \u00abhasta el momento no se han hecho capturas, sino que solo se ha barrido el terreno para detectar cad\u00e1veres y para ver si son positivos o no\u00bb, algo que debe confirmar el laboratorio de referencia del Ministerio de Agricultura.<\/p>\n<p>De momento se han encontrado \u00abuna cincuentena\u00bb de animales muertos dentro de la zona de vigilancia de 6 kil\u00f3metros que se deber\u00e1n analizar, sobre una poblaci\u00f3n de jabal\u00edes que podr\u00eda estar en torno al millar en el conjunto de la zona de Collserola, seg\u00fan Mur.<\/p>\n<p><img loading=\"lazy\" data-recalc-dims=\"1\" decoding=\"async\" width=\"900\" height=\"598\" src=\"https:\/\/www.europesays.com\/es\/wp-content\/uploads\/2025\/12\/GRAF6362-ESPANA-PESTE-PORCINA.webp\" alt=\"\" class=\"wp-image-2333218\"  \/>Puesto de desinfecci\u00f3n de la UME por donde pasan los coches que han estado en la zona contaminada. EFE\/ Alberto Est\u00e9vez<\/p>\n<p>El inspector jefe de los Agentes Rurales ha dicho que \u00abel peor escenario\u00bb es que la peste saliera por el norte en direcci\u00f3n a Matadepera (Barcelona), porque desde ah\u00ed penetrar\u00eda al centro de Catalu\u00f1a.<\/p>\n<p>Si por el contrario se expandiera hacia el sur, la situaci\u00f3n ser\u00eda menos problem\u00e1tica porque all\u00ed est\u00e1n la ciudad de Barcelona y el mar, que actuar\u00edan como barreras. EFE<\/p>\n","protected":false},"excerpt":{"rendered":"Barcelona (EFE).- Los efectivos que est\u00e1n peinando Collserola para contener la peste porcina han encontrado hasta el momento&hellip;\n","protected":false},"author":2,"featured_media":269904,"comment_status":"","ping_status":"","sticky":false,"template":"","format":"standard","meta":{"footnotes":""},"categories":[5],"tags":[3685,17,18,25,24,13,14,11,19,20,9,10,15,16,23,12,21,22],"class_list":{"0":"post-269903","1":"post","2":"type-post","3":"status-publish","4":"format-standard","5":"has-post-thumbnail","7":"category-titulares","8":"tag-animales","9":"tag-breaking-news","10":"tag-breakingnews","11":"tag-es","12":"tag-espana","13":"tag-featured-news","14":"tag-featurednews","15":"tag-headlines","16":"tag-latest-news","17":"tag-latestnews","18":"tag-news","19":"tag-noticias","20":"tag-noticias-destacadas","21":"tag-noticiasdestacadas","22":"tag-spain","23":"tag-titulares","24":"tag-ultimas-noticias","25":"tag-ultimasnoticias"},"share_on_mastodon":{"url":"https:\/\/pubeurope.com\/@es\/115658573082975819","error":""},"_links":{"self":[{"href":"https:\/\/www.europesays.com\/es\/wp-json\/wp\/v2\/posts\/269903","targetHints":{"allow":["GET"]}}],"collection":[{"href":"https:\/\/www.europesays.com\/es\/wp-json\/wp\/v2\/posts"}],"about":[{"href":"https:\/\/www.europesays.com\/es\/wp-json\/wp\/v2\/types\/post"}],"author":[{"embeddable":true,"href":"https:\/\/www.europesays.com\/es\/wp-json\/wp\/v2\/users\/2"}],"replies":[{"embeddable":true,"href":"https:\/\/www.europesays.com\/es\/wp-json\/wp\/v2\/comments?post=269903"}],"version-history":[{"count":0,"href":"https:\/\/www.europesays.com\/es\/wp-json\/wp\/v2\/posts\/269903\/revisions"}],"wp:featuredmedia":[{"embeddable":true,"href":"https:\/\/www.europesays.com\/es\/wp-json\/wp\/v2\/media\/269904"}],"wp:attachment":[{"href":"https:\/\/www.europesays.com\/es\/wp-json\/wp\/v2\/media?parent=269903"}],"wp:term":[{"taxonomy":"category","embeddable":true,"href":"https:\/\/www.europesays.com\/es\/wp-json\/wp\/v2\/categories?post=269903"},{"taxonomy":"post_tag","embeddable":true,"href":"https:\/\/www.europesays.com\/es\/wp-json\/wp\/v2\/tags?post=269903"}],"curies":[{"name":"wp","href":"https:\/\/api.w.org\/{rel}","templated":true}]}}