{"id":269909,"date":"2025-12-04T01:04:09","date_gmt":"2025-12-04T01:04:09","guid":{"rendered":"https:\/\/www.europesays.com\/es\/269909\/"},"modified":"2025-12-04T01:04:09","modified_gmt":"2025-12-04T01:04:09","slug":"la-unica-libertad-es-el-teatro-2","status":"publish","type":"post","link":"https:\/\/www.europesays.com\/es\/269909\/","title":{"rendered":"La \u00fanica libertad es el teatro"},"content":{"rendered":"<p class=\"c-paragraph\"><a href=\"https:\/\/www.20minutos.es\/tags\/temas\/la-revuelta.html\" title=\"La Revuelta\" rel=\"nofollow noopener\" target=\"_blank\">La Revuelta <\/a>ha contado en la noche de este mi\u00e9rcoles con dos invitados: <b>Pedro Ruiz, que ha presentado su nueva obra teatral<\/b>\u00a0Mi vida es una an\u00e9cdota by confidencial, y el grupo musical vasco Zetak, que han celebrado el d\u00eda del euskera interpretando su canci\u00f3n\u00a0Aralarko Dama.<\/p>\n<p class=\"c-paragraph\">\u00abMe has presentado como un presentador, y yo creo que t\u00fa no eres presentador, t\u00fa eres &#8216;prepensador&#8217;, <b>presentador es el que sale diciendo &#8216;con ustedes, el chorizo<\/b>\u00ab, le explic\u00f3 Pedro Ruiz a Broncano nada m\u00e1s aparecer en el escenario.<\/p>\n<p class=\"c-paragraph\">Fue entonces cuando el humorista rememor\u00f3 una decisi\u00f3n que tuvo que tomar durante el franquismo respecto a su profesi\u00f3n.\u00a0\u00abY<b>o conoc\u00ed a Franco, pero de lejos<\/b>&#8230; La vez que m\u00e1s cerca le tuve fue a dos kil\u00f3metros, pero aun as\u00ed me asust\u00f3\u00bb, apunt\u00f3 en una primera instancia.<\/p>\n<p class=\"c-paragraph\">\u00abEn tiempos de Franco presentaba Estudio Estadio\u00bb, aleg\u00f3 Pedro Ruiz a continuaci\u00f3n, un proyecto que le dur\u00f3 poco tiempo. \u00abViv\u00eda en Barcelona, como empec\u00e9 a hacer teatro, dijeron que <b>no era digno hacer la televisi\u00f3n y la far\u00e1ndula<\/b>. Me hicieron elegir entre el teatro o la televisi\u00f3n y eleg\u00ed el teatro [&#8230;] Fue en el a\u00f1o 71&#8243;, detall\u00f3.<\/p>\n<p class=\"c-paragraph\">\u00abLa \u00fanica libertad que hay es el teatro\u00bb, indic\u00f3 Pedro Ruiz, que aprovech\u00f3 para preguntar a Broncano si \u00e9l lo ha probado. \u00abDurante un tiempo hacia actuaciones, mon\u00f3logos&#8230;\u00bb, le respondi\u00f3.\u00a0<\/p>\n<p class=\"c-paragraph\">\u00ab\u00bfY a qu\u00e9 es el \u00fanico sitio donde te sientes libre del todo?\u00bb, quiso saber su invitado. \u00abYo no, la verdad. Entiendo a lo que te refieres, pero <b>yo aqu\u00ed me siento libre tambi\u00e9n<\/b> [&#8230;] Se que hay gente que piensa que no, pero digo cada d\u00eda lo que quiero\u00bb, zanj\u00f3 el jiennese.<\/p>\n","protected":false},"excerpt":{"rendered":"La Revuelta ha contado en la noche de este mi\u00e9rcoles con dos invitados: Pedro Ruiz, que ha presentado&hellip;\n","protected":false},"author":2,"featured_media":269910,"comment_status":"","ping_status":"","sticky":false,"template":"","format":"standard","meta":{"footnotes":""},"categories":[174],"tags":[255,9029,146,147,25,24,256,6870,29956,39979,518,23],"class_list":{"0":"post-269909","1":"post","2":"type-post","3":"status-publish","4":"format-standard","5":"has-post-thumbnail","7":"category-famosos","8":"tag-celebrities","9":"tag-david-broncano","10":"tag-entertainment","11":"tag-entretenimiento","12":"tag-es","13":"tag-espana","14":"tag-famosos","15":"tag-la-1","16":"tag-la-revuelta","17":"tag-pedro-ruiz","18":"tag-rtve","19":"tag-spain"},"share_on_mastodon":{"url":"https:\/\/pubeurope.com\/@es\/115658611871201566","error":""},"_links":{"self":[{"href":"https:\/\/www.europesays.com\/es\/wp-json\/wp\/v2\/posts\/269909","targetHints":{"allow":["GET"]}}],"collection":[{"href":"https:\/\/www.europesays.com\/es\/wp-json\/wp\/v2\/posts"}],"about":[{"href":"https:\/\/www.europesays.com\/es\/wp-json\/wp\/v2\/types\/post"}],"author":[{"embeddable":true,"href":"https:\/\/www.europesays.com\/es\/wp-json\/wp\/v2\/users\/2"}],"replies":[{"embeddable":true,"href":"https:\/\/www.europesays.com\/es\/wp-json\/wp\/v2\/comments?post=269909"}],"version-history":[{"count":0,"href":"https:\/\/www.europesays.com\/es\/wp-json\/wp\/v2\/posts\/269909\/revisions"}],"wp:featuredmedia":[{"embeddable":true,"href":"https:\/\/www.europesays.com\/es\/wp-json\/wp\/v2\/media\/269910"}],"wp:attachment":[{"href":"https:\/\/www.europesays.com\/es\/wp-json\/wp\/v2\/media?parent=269909"}],"wp:term":[{"taxonomy":"category","embeddable":true,"href":"https:\/\/www.europesays.com\/es\/wp-json\/wp\/v2\/categories?post=269909"},{"taxonomy":"post_tag","embeddable":true,"href":"https:\/\/www.europesays.com\/es\/wp-json\/wp\/v2\/tags?post=269909"}],"curies":[{"name":"wp","href":"https:\/\/api.w.org\/{rel}","templated":true}]}}