{"id":269911,"date":"2025-12-04T01:07:09","date_gmt":"2025-12-04T01:07:09","guid":{"rendered":"https:\/\/www.europesays.com\/es\/269911\/"},"modified":"2025-12-04T01:07:09","modified_gmt":"2025-12-04T01:07:09","slug":"dice-frente-a-broncano-lo-que-muchos-piensan-de-su-programa","status":"publish","type":"post","link":"https:\/\/www.europesays.com\/es\/269911\/","title":{"rendered":"dice frente a Broncano lo que muchos piensan de su programa"},"content":{"rendered":"\n<p> Nuevo invitado sorpresa en <a href=\"https:\/\/www.elconfidencial.com\/television\/programas-tv\/2025-12-03\/la-revuelta-error-eduardo-casanova_4259754\/\" target=\"_self\" rel=\"nofollow noopener\">La revuelta<\/a>. <strong>El show de <a href=\"https:\/\/www.elconfidencial.com\/television\/programas-tv\/2025-12-01\/la-revuelta-luis-tosar-corta-broncano-intima-pregunta-mal-gusto_4258392\/\" target=\"_self\" rel=\"nofollow noopener\">David Broncano<\/a> recibi\u00f3 a <a href=\"https:\/\/www.elconfidencial.com\/television\/programas-tv\/2025-11-23\/emma-garcia-telecinco-pedro-ruiz-pedante_4253035\/\" target=\"_self\" rel=\"nofollow noopener\">Pedro Ruiz<\/a> <\/strong>en la noche del mi\u00e9rcoles, 3 de diciembre, en el que se convirti\u00f3 en el inesperado regreso del presentador a <a href=\"https:\/\/www.elconfidencial.com\/television\/programas-tv\/2025-12-03\/saber-y-ganar-anna-carne-regreso-fer-castro-tve_4259722\/\" target=\"_self\" rel=\"nofollow noopener\">Televisi\u00f3n Espa\u00f1ola<\/a>, tras su fugaz vuelta en 2023. Fue a finales de dicho a\u00f1o cuando condujo Nada del otro mundo, formato de una \u00fanica entrega que cont\u00f3 con escaso seguimiento por parte de la audiencia (5.7% de share y 649.000 espectadores de media). <\/p>\n<p> Y es que el m\u00edtico rostro televisivo contin\u00faa con su gira televisiva, tras saltar recientemente a Mediaset, en el programa Fiesta, inmerso en la promoci\u00f3n de su nuevo espect\u00e1culo teatral: Mi vida es una an\u00e9cdota by confidencial. \u00abYo he sido siempre muy cr\u00edtico con esta casa. <strong>Pero esta casa no te elimina y otras, s\u00ed\u00bb,<\/strong> argument\u00f3 sobre sus cr\u00edticas en el pasado a <a href=\"https:\/\/www.elconfidencial.com\/television\/programas-tv\/2025-12-03\/telecinco-cancela-gran-hermano-edicion-famosos_4259565\/\" target=\"_self\" rel=\"nofollow noopener\">Telecinco<\/a>, durante su conversaci\u00f3n con Emma Garc\u00eda. <\/p>\n<p> \u00abEn el 72 estaba en TVE ya\u00bb, destac\u00f3 Broncano antes de recibir a Pedro Ruiz. <strong>\u00abCreo que tiene que estar jubilado ya\u00bb,<\/strong> apunt\u00f3 sobre sus 78 a\u00f1os de edad, reconociendo que el c\u00f3mico \u00abest\u00e1 muy din\u00e1mico y fresco\u00bb y que \u00abtiene mucha conversaci\u00f3n\u00bb por su larga trayectoria en el mundo del espect\u00e1culo. <\/p>\n<p> Tras confirmar que se hab\u00eda cumplido m\u00e1s de la mitad de un siglo desde su debut en la p\u00fablica, el invitado revel\u00f3 que contaba con dos regalos para La revuelta y David Broncano. No obstante, Pedro contaba con un obsequio m\u00e1s: <strong>un poema en el que defin\u00eda tanto al formato de La 1 como a su presentador,<\/strong> lleno de rimas e ir\u00f3nicas rimas. <\/p>\n<p>               Pedro Ruiz declama su poema, dedicado a Broncano y &#8216;La revuelta&#8217;. (TVE)             <\/p>\n<p> Fue entonces cuando Ruiz se dispuso a declamar, en directo, su creaci\u00f3n. \u00abLa revuelta. <strong>Broncano es un gamberro de r\u00e1pidos reflejos,<\/strong> con aires de \u2018extraperlo\u2019 (con equis) y libre de complejos. Le brilla hoy el flequillo con un rubio dorado que adoran los chiquillos y envidian los pelados\u201d, comenz\u00f3 a pronunciar, en verso. <\/p>\n<p> Acto seguido, el c\u00f3mico hizo menci\u00f3n del comentado desembarco de Broncano en TVE. <strong>\u00abLleg\u00f3 a Prado del Rey, tras mucha resistencia,<\/strong> por un decreto ley que respalda la audiencia. Pregunta por la pasta, polvos, gatillazos, es un iconoclasta y naci\u00f3 sin embarazos\u00bb, concluy\u00f3, desatando una ovaci\u00f3n del p\u00fablico del programa. <\/p>\n<p> Nuevo invitado sorpresa en <a href=\"https:\/\/www.elconfidencial.com\/television\/programas-tv\/2025-12-03\/la-revuelta-error-eduardo-casanova_4259754\/\" target=\"_self\" rel=\"nofollow noopener\">La revuelta<\/a>. <strong>El show de <a href=\"https:\/\/www.elconfidencial.com\/television\/programas-tv\/2025-12-01\/la-revuelta-luis-tosar-corta-broncano-intima-pregunta-mal-gusto_4258392\/\" target=\"_self\" rel=\"nofollow noopener\">David Broncano<\/a> recibi\u00f3 a <a href=\"https:\/\/www.elconfidencial.com\/television\/programas-tv\/2025-11-23\/emma-garcia-telecinco-pedro-ruiz-pedante_4253035\/\" target=\"_self\" rel=\"nofollow noopener\">Pedro Ruiz<\/a> <\/strong>en la noche del mi\u00e9rcoles, 3 de diciembre, en el que se convirti\u00f3 en el inesperado regreso del presentador a <a href=\"https:\/\/www.elconfidencial.com\/television\/programas-tv\/2025-12-03\/saber-y-ganar-anna-carne-regreso-fer-castro-tve_4259722\/\" target=\"_self\" rel=\"nofollow noopener\">Televisi\u00f3n Espa\u00f1ola<\/a>, tras su fugaz vuelta en 2023. Fue a finales de dicho a\u00f1o cuando condujo Nada del otro mundo, formato de una \u00fanica entrega que cont\u00f3 con escaso seguimiento por parte de la audiencia (5.7% de share y 649.000 espectadores de media). <\/p>\n","protected":false},"excerpt":{"rendered":"Nuevo invitado sorpresa en La revuelta. El show de David Broncano recibi\u00f3 a Pedro Ruiz en la noche&hellip;\n","protected":false},"author":2,"featured_media":269912,"comment_status":"","ping_status":"","sticky":false,"template":"","format":"standard","meta":{"footnotes":""},"categories":[171],"tags":[146,147,25,24,23,214],"class_list":{"0":"post-269911","1":"post","2":"type-post","3":"status-publish","4":"format-standard","5":"has-post-thumbnail","7":"category-tv","8":"tag-entertainment","9":"tag-entretenimiento","10":"tag-es","11":"tag-espana","12":"tag-spain","13":"tag-tv"},"share_on_mastodon":{"url":"https:\/\/pubeurope.com\/@es\/115658623920311362","error":""},"_links":{"self":[{"href":"https:\/\/www.europesays.com\/es\/wp-json\/wp\/v2\/posts\/269911","targetHints":{"allow":["GET"]}}],"collection":[{"href":"https:\/\/www.europesays.com\/es\/wp-json\/wp\/v2\/posts"}],"about":[{"href":"https:\/\/www.europesays.com\/es\/wp-json\/wp\/v2\/types\/post"}],"author":[{"embeddable":true,"href":"https:\/\/www.europesays.com\/es\/wp-json\/wp\/v2\/users\/2"}],"replies":[{"embeddable":true,"href":"https:\/\/www.europesays.com\/es\/wp-json\/wp\/v2\/comments?post=269911"}],"version-history":[{"count":0,"href":"https:\/\/www.europesays.com\/es\/wp-json\/wp\/v2\/posts\/269911\/revisions"}],"wp:featuredmedia":[{"embeddable":true,"href":"https:\/\/www.europesays.com\/es\/wp-json\/wp\/v2\/media\/269912"}],"wp:attachment":[{"href":"https:\/\/www.europesays.com\/es\/wp-json\/wp\/v2\/media?parent=269911"}],"wp:term":[{"taxonomy":"category","embeddable":true,"href":"https:\/\/www.europesays.com\/es\/wp-json\/wp\/v2\/categories?post=269911"},{"taxonomy":"post_tag","embeddable":true,"href":"https:\/\/www.europesays.com\/es\/wp-json\/wp\/v2\/tags?post=269911"}],"curies":[{"name":"wp","href":"https:\/\/api.w.org\/{rel}","templated":true}]}}