{"id":269913,"date":"2025-12-04T01:08:10","date_gmt":"2025-12-04T01:08:10","guid":{"rendered":"https:\/\/www.europesays.com\/es\/269913\/"},"modified":"2025-12-04T01:08:10","modified_gmt":"2025-12-04T01:08:10","slug":"maxx-morando-el-bateria-de-un-grupo-de-rock-de-27-anos-que-se-convertira-en-el-segundo-marido-de-miley-cyrus-el-mundo","status":"publish","type":"post","link":"https:\/\/www.europesays.com\/es\/269913\/","title":{"rendered":"Maxx Morando: el bater\u00eda de un grupo de rock de 27 a\u00f1os que se convertir\u00e1 en el segundo marido de Miley Cyrus &#8211; El Mundo"},"content":{"rendered":"<ol>\n<li><a href=\"https:\/\/news.google.com\/rss\/articles\/CBMihgFBVV95cUxPM1lwOVNPREd6NmVBaThDemlZRjVzd3lQZTBEdVdfY3Q4akUycWQ4UWlVZTlrZXAwTWNpSE9mVUF6cmhBR1VWRGJ4d3RVOVQxaVo0UEt3UFNRQnh1d1BQVVRkcU5zdEMzbVBoVm1XSXVCbEpQLU83N1JNVW93OTMxZDVLVjQ3QdIBhgFBVV95cUxNcUlCU0ZiRXdvanRlWmcyMU80R3psU0VYMXQ3MFFMam13bHYwcDA1OG10MFRDa212RE9hemJUS1ctZ1FQSktZaEJsYzJ2UmsydDE5Wmh2alVjRDc3QzhOb25fNHZLYXZqSlRkVHZoRG1zZ1dUWFoyTzRRWFlUVi16dzhlVldaZw?oc=5\" target=\"_blank\" rel=\"nofollow noopener\">Maxx Morando: el bater\u00eda de un grupo de rock de 27 a\u00f1os que se convertir\u00e1 en el segundo marido de Miley Cyrus<\/a>&nbsp;&nbsp;El Mundo<\/li>\n<li><a href=\"https:\/\/news.google.com\/rss\/articles\/CBMilwFBVV95cUxPNVFZQjgyMTYyUTlkcFlnT19PTHdVRk5RRldXdXZjM2FWMzJiYXplM1hwUHJmNndhTXY5dE1sYmQ4aWZhY0h6M1locVhTLVo0UGkyOUJhelVnSDhiU1hRV090NVVIODl3cWtzMEZhQlk0cFdUamFwQ3ZxUmZ2RFY0ekUtcExpQlFWaXFjMV9fT3pBZDV5MEZB?oc=5\" target=\"_blank\" rel=\"nofollow noopener\">Miley Cyrus se compromete con su novio, Maxx Morando<\/a>&nbsp;&nbsp;EL PA\u00cdS<\/li>\n<li><a href=\"https:\/\/news.google.com\/rss\/articles\/CBMikAFBVV95cUxPQ1VkRTh0RnpwTWtQY0pwWVRka3VDaHNMWHN6TlA2S1hURS12LXE2Q3N2VVRjc2hxb2t5aW9MZ3I0OHFUV0RzSGNCSUVaUElRSDlIZzZVYjdHR2NHWlZRYjR2V3VYSG15d3JFNk5JU3ZOcTdzdGhUODFIZkR0ZDBVdzh0N1VoWkJqTklHbHlvS3A?oc=5\" target=\"_blank\" rel=\"nofollow noopener\">Miley Cyrus se ha prometido con Maxx Morando (y el anillo es incre\u00edble)<\/a>&nbsp;&nbsp;Vogue Espa\u00f1a<\/li>\n<li><a href=\"https:\/\/news.google.com\/rss\/articles\/CBMilwFBVV95cUxOelAzMkhnQ3hWNWRhMnA5T2h0TjViV0xZaC14WlNRb2R0d3J1X1hJQi1FUmxJbXM5T0ZEb3FheU9SWDMycXBMeThFNlV5eFJjNU94VFRjNVRtdGhPYzl0MUlfR2IwaGxNd1JaS2ZKcFVDVnpXOUYzb0pQcWtsQW0yUXJydDJBWkRzLUN5SjEwaW02RnlJeWpj?oc=5\" target=\"_blank\" rel=\"nofollow noopener\">Miley Cyrus ya luce anillo de compromiso y la joya vale 385.000 euros<\/a>&nbsp;&nbsp;ABC<\/li>\n<li><a href=\"https:\/\/news.google.com\/rss\/articles\/CBMi9wFBVV95cUxOOTJUM2dTQUI3cXBHMUdweVBvdXVXVkN4bXBibWQ0TUNoT3E1bUxMWkZYRDcybFk3QVhiSWljNkZEQ2NmMy1ybjhfWk1nSGRHaHNRQkhjTlJ1aUJWcW1NeVg1ek54dXVIa2xDVU5qajAxeUlEUUdIUXJqMWZvcW9ITFh4U3lKZzBFeEFGSlN2RzdaZkxmV3NUX2dteE54UVdMR3k0N19qSDFaSk9nUHFxcFNqS3M3QzdZNDVkSGQ3enZPbmZ0WTBYNkc4bXFRWU4tQlFiSTFBMDdXeFlYTWZfMUZSS25JdkNzaHI2OWFtYU1IcTJhQTFZ0gH3AUFVX3lxTE9GZENyb3BqcUZRRmVnQW0yMzB2Y1htaDI1QnBUSUlHdndfSmowNS1NdW13TUlxSkxaVEJrVkdnc3QtS3NQTVlKMmVyY3o4TktzeXhfTjgzU0g0bmx2UUdlUy1wcF9wZjc3dkR0YWUzSTlaenZLZXNHTEQwVTNwbXh6WjRwTnlteU5NaGlmWE1jOUdUX000VVoxSGtuQUgyNnhmYk9NZHlIUzNHRVAyc3ByclRSUV9UN3RPU3VXT1RUeWpDMWw3VWNPTEJFNUZILXh4ek5pQ2lxZjJEcnAwcTJ5LVktVlVqNjg5eWN0UEZ5WU9mUmpyT0U?oc=5\" target=\"_blank\" rel=\"nofollow noopener\">\u00bfSe ha comprometido Miley Cyrus con Maxx Morando? Juan Sanguino da detalles sobre su anillo en la premiere de<\/a>&nbsp;&nbsp;LaSexta<\/li>\n<\/ol>\n","protected":false},"excerpt":{"rendered":"Maxx Morando: el bater\u00eda de un grupo de rock de 27 a\u00f1os que se convertir\u00e1 en el segundo&hellip;\n","protected":false},"author":2,"featured_media":269914,"comment_status":"","ping_status":"","sticky":false,"template":"","format":"standard","meta":{"footnotes":""},"categories":[170],"tags":[146,147,25,24,10536,184,185,23],"class_list":{"0":"post-269913","1":"post","2":"type-post","3":"status-publish","4":"format-standard","5":"has-post-thumbnail","7":"category-musica","8":"tag-entertainment","9":"tag-entretenimiento","10":"tag-es","11":"tag-espana","12":"tag-loc-celebrities","13":"tag-music","14":"tag-musica","15":"tag-spain"},"share_on_mastodon":{"url":"https:\/\/pubeurope.com\/@es\/115658627796130274","error":""},"_links":{"self":[{"href":"https:\/\/www.europesays.com\/es\/wp-json\/wp\/v2\/posts\/269913","targetHints":{"allow":["GET"]}}],"collection":[{"href":"https:\/\/www.europesays.com\/es\/wp-json\/wp\/v2\/posts"}],"about":[{"href":"https:\/\/www.europesays.com\/es\/wp-json\/wp\/v2\/types\/post"}],"author":[{"embeddable":true,"href":"https:\/\/www.europesays.com\/es\/wp-json\/wp\/v2\/users\/2"}],"replies":[{"embeddable":true,"href":"https:\/\/www.europesays.com\/es\/wp-json\/wp\/v2\/comments?post=269913"}],"version-history":[{"count":0,"href":"https:\/\/www.europesays.com\/es\/wp-json\/wp\/v2\/posts\/269913\/revisions"}],"wp:featuredmedia":[{"embeddable":true,"href":"https:\/\/www.europesays.com\/es\/wp-json\/wp\/v2\/media\/269914"}],"wp:attachment":[{"href":"https:\/\/www.europesays.com\/es\/wp-json\/wp\/v2\/media?parent=269913"}],"wp:term":[{"taxonomy":"category","embeddable":true,"href":"https:\/\/www.europesays.com\/es\/wp-json\/wp\/v2\/categories?post=269913"},{"taxonomy":"post_tag","embeddable":true,"href":"https:\/\/www.europesays.com\/es\/wp-json\/wp\/v2\/tags?post=269913"}],"curies":[{"name":"wp","href":"https:\/\/api.w.org\/{rel}","templated":true}]}}