{"id":269915,"date":"2025-12-04T01:09:12","date_gmt":"2025-12-04T01:09:12","guid":{"rendered":"https:\/\/www.europesays.com\/es\/269915\/"},"modified":"2025-12-04T01:09:12","modified_gmt":"2025-12-04T01:09:12","slug":"reconoce-al-personaje-por-sus-ojos","status":"publish","type":"post","link":"https:\/\/www.europesays.com\/es\/269915\/","title":{"rendered":"Reconoce al personaje por sus ojos"},"content":{"rendered":"<p>Test de Disney: Reconoce al personaje por sus ojos<\/p>\n<p>      Dicen que los ojos no mienten&#8230; pero pueden confundir. En este quiz pondremos a prueba tu memoria, tu atenci\u00f3n al detalle y tu amor por el universo m\u00e1gico de Disney. Te mostraremos un par de ojos y t\u00fa tendr\u00e1s que adivinar a qui\u00e9n pertenecen. Suena f\u00e1cil\u2026 hasta que ya no lo es. \ud83d\udc41\ufe0f\ud83d\udc41\ufe0f<\/p>\n","protected":false},"excerpt":{"rendered":"Test de Disney: Reconoce al personaje por sus ojos Dicen que los ojos no mienten&#8230; pero pueden confundir.&hellip;\n","protected":false},"author":2,"featured_media":269916,"comment_status":"","ping_status":"","sticky":false,"template":"","format":"standard","meta":{"footnotes":""},"categories":[169],"tags":[177,66361,146,147,25,24,48017,176,175,23],"class_list":{"0":"post-269915","1":"post","2":"type-post","3":"status-publish","4":"format-standard","5":"has-post-thumbnail","7":"category-cine","8":"tag-cine","9":"tag-culturapop","10":"tag-entertainment","11":"tag-entretenimiento","12":"tag-es","13":"tag-espana","14":"tag-evergreen","15":"tag-film","16":"tag-movies","17":"tag-spain"},"share_on_mastodon":{"url":"https:\/\/pubeurope.com\/@es\/115658631886163418","error":""},"_links":{"self":[{"href":"https:\/\/www.europesays.com\/es\/wp-json\/wp\/v2\/posts\/269915","targetHints":{"allow":["GET"]}}],"collection":[{"href":"https:\/\/www.europesays.com\/es\/wp-json\/wp\/v2\/posts"}],"about":[{"href":"https:\/\/www.europesays.com\/es\/wp-json\/wp\/v2\/types\/post"}],"author":[{"embeddable":true,"href":"https:\/\/www.europesays.com\/es\/wp-json\/wp\/v2\/users\/2"}],"replies":[{"embeddable":true,"href":"https:\/\/www.europesays.com\/es\/wp-json\/wp\/v2\/comments?post=269915"}],"version-history":[{"count":0,"href":"https:\/\/www.europesays.com\/es\/wp-json\/wp\/v2\/posts\/269915\/revisions"}],"wp:featuredmedia":[{"embeddable":true,"href":"https:\/\/www.europesays.com\/es\/wp-json\/wp\/v2\/media\/269916"}],"wp:attachment":[{"href":"https:\/\/www.europesays.com\/es\/wp-json\/wp\/v2\/media?parent=269915"}],"wp:term":[{"taxonomy":"category","embeddable":true,"href":"https:\/\/www.europesays.com\/es\/wp-json\/wp\/v2\/categories?post=269915"},{"taxonomy":"post_tag","embeddable":true,"href":"https:\/\/www.europesays.com\/es\/wp-json\/wp\/v2\/tags?post=269915"}],"curies":[{"name":"wp","href":"https:\/\/api.w.org\/{rel}","templated":true}]}}