{"id":269917,"date":"2025-12-04T01:10:14","date_gmt":"2025-12-04T01:10:14","guid":{"rendered":"https:\/\/www.europesays.com\/es\/269917\/"},"modified":"2025-12-04T01:10:14","modified_gmt":"2025-12-04T01:10:14","slug":"el-ourense-elimina-al-girona-de-la-copa-despues-de-descarrilar-al-oviedo-futbol-deportes","status":"publish","type":"post","link":"https:\/\/www.europesays.com\/es\/269917\/","title":{"rendered":"El Ourense elimina al Girona de la Copa despu\u00e9s de descarrilar al Oviedo | F\u00fatbol | Deportes"},"content":{"rendered":"<p class=\"\">El primer gol de la noche fue un presagio. Augurio de partido revoltoso en el estadio de O Couto, en donde <a href=\"https:\/\/elpais.com\/deportes\/futbol\/2025-10-28\/la-copa-empieza-con-sorpresas-y-el-ourense-se-carga-al-oviedo-el-primer-primera-que-cae-eliminado.html#?rel=mas\" target=\"_self\" rel=\"nofollow noopener\" title=\"https:\/\/elpais.com\/deportes\/futbol\/2025-10-28\/la-copa-empieza-con-sorpresas-y-el-ourense-se-carga-al-oviedo-el-primer-primera-que-cae-eliminado.html#?rel=mas\">el Ourense, de la Segunda Federaci\u00f3n<\/a>, no tard\u00f3 ni un minuto en meter el 1-0 al Girona. Lo anot\u00f3 \u00c1lvaro Yuste de cabeza, solo en el segundo palo a la salida de un c\u00f3rner que los jugadores del Girona no se molestaron en defender. Ven\u00edan satisfechos de haber empatado con el Madrid en Liga y el viaje al norte brumoso los confundi\u00f3. Hora y media m\u00e1s tarde estaban fuera <a href=\"https:\/\/elpais.com\/deportes\/futbol\/2025-10-30\/la-tercera-jornada-de-copa-transcurre-sin-sorpresas-al-ganar-todos-los-primera-sus-respectivos-encuentros.html#?rel=mas\" target=\"_self\" rel=\"nofollow noopener\" title=\"https:\/\/elpais.com\/deportes\/futbol\/2025-10-30\/la-tercera-jornada-de-copa-transcurre-sin-sorpresas-al-ganar-todos-los-primera-sus-respectivos-encuentros.html#?rel=mas\">de la Copa<\/a>, eliminados por 2-1 por un adversario de Segunda Federaci\u00f3n que hab\u00eda despedido al Oviedo en la primera ronda. Una heroicidad que el Antoniano, de Segunda Federaci\u00f3n, habr\u00eda multiplicado de haber eliminado al Villarreal en su campo de Lebrija, un tapete de hierba artificial que alarm\u00f3 a Marcelino y que por poco no fue la alfombra sobre la que sucumbi\u00f3 el tercer clasificado de la Liga, todo un equipo de Champions obligado a sufrir hasta los penaltis despu\u00e9s del 1-1 del jovencito Jes\u00fas Garc\u00eda, de 19 a\u00f1os.<\/p>\n<p class=\"\"><a href=\"https:\/\/elpais.com\/deportes\/futbol\/2025-12-02\/el-ebro-rompe-la-monotonia-de-la-segunda-ronda-de-la-copa-del-rey.html\" target=\"_self\" rel=\"nofollow noopener\" title=\"https:\/\/elpais.com\/deportes\/futbol\/2025-12-02\/el-ebro-rompe-la-monotonia-de-la-segunda-ronda-de-la-copa-del-rey.html\">La Copa<\/a> pudo acabar en tragedia para el Villarreal, que sali\u00f3 ganador de los penaltis. Para el Girona no hubo salvaci\u00f3n. El equipo de M\u00edchel empat\u00f3 de penalti \u2014falta de Yuste, precisamente\u2014 pero en la segunda mitad el Ourense comenz\u00f3 a dominarlo. Con un aplomo y una capacidad notables, el Ourense se hizo con la pelota y el Girona no supo responder. Ouhdadi volvi\u00f3 a adelantar al equipo gallego. Hubo jolgorio en la grada de O Couto. La clase de felicidad del peque\u00f1o que no pudo experimentar la afici\u00f3n del Torrent, otro Segunda Federaci\u00f3n, desplazada al Ciutat de Val\u00e8ncia. All\u00ed se enfrentaron al Betis, que no tard\u00f3 en exhibir la calidad de sus atacantes<\/p>\n<p class=\"\">Rodrigo Riquelme meti\u00f3 el 0-1 con un derechazo fulminante, tocado desde fuera del \u00e1rea. Una sorpresa para el portero, Marc Dolz, aunque no tan grande como la que le depar\u00f3 otro disparo de Riquelme antes del descanso. El extremo lucha por ganarse la titularidad en el Betis. Ven\u00eda de meterle dos tantos al Palma del R\u00edo en la primera ronda de la Copa y no se detuvo con el 0-1 en Valencia. Culmin\u00f3 un contragolpe del modo m\u00e1s inesperado: un recorte y una cucharita desde el lateral del \u00e1rea para meter la pelota sin \u00e1ngulo, entre el larguero y Dolz. El extremo madrile\u00f1o cerr\u00f3 la disputa con el 3-0 y el Betis acab\u00f3 imponi\u00e9ndose 1-4. <\/p>\n<p class=\"\">En los otros partidos que involucraron equipos de Primera, la Real Sociedad salv\u00f3 la papeleta por 0-2 en Reus; el Levante le gan\u00f3 por 0-1 al Cieza, de Tercera Federaci\u00f3n; y el Elche se impuso 1-2 al Quintanar del Rey. <\/p>\n","protected":false},"excerpt":{"rendered":"El primer gol de la noche fue un presagio. Augurio de partido revoltoso en el estadio de O&hellip;\n","protected":false},"author":2,"featured_media":269918,"comment_status":"","ping_status":"","sticky":false,"template":"","format":"standard","meta":{"footnotes":""},"categories":[93],"tags":[1540,168,1539,25,24,282,1538,22215,10286,23,167,9607],"class_list":{"0":"post-269917","1":"post","2":"type-post","3":"status-publish","4":"format-standard","5":"has-post-thumbnail","7":"category-deportes","8":"tag-competiciones","9":"tag-deportes","10":"tag-entrenadores","11":"tag-es","12":"tag-espana","13":"tag-futbol","14":"tag-futbolistas","15":"tag-ourense-cf","16":"tag-real-betis","17":"tag-spain","18":"tag-sports","19":"tag-villarreal-cf"},"share_on_mastodon":{"url":"https:\/\/pubeurope.com\/@es\/115658635568343268","error":""},"_links":{"self":[{"href":"https:\/\/www.europesays.com\/es\/wp-json\/wp\/v2\/posts\/269917","targetHints":{"allow":["GET"]}}],"collection":[{"href":"https:\/\/www.europesays.com\/es\/wp-json\/wp\/v2\/posts"}],"about":[{"href":"https:\/\/www.europesays.com\/es\/wp-json\/wp\/v2\/types\/post"}],"author":[{"embeddable":true,"href":"https:\/\/www.europesays.com\/es\/wp-json\/wp\/v2\/users\/2"}],"replies":[{"embeddable":true,"href":"https:\/\/www.europesays.com\/es\/wp-json\/wp\/v2\/comments?post=269917"}],"version-history":[{"count":0,"href":"https:\/\/www.europesays.com\/es\/wp-json\/wp\/v2\/posts\/269917\/revisions"}],"wp:featuredmedia":[{"embeddable":true,"href":"https:\/\/www.europesays.com\/es\/wp-json\/wp\/v2\/media\/269918"}],"wp:attachment":[{"href":"https:\/\/www.europesays.com\/es\/wp-json\/wp\/v2\/media?parent=269917"}],"wp:term":[{"taxonomy":"category","embeddable":true,"href":"https:\/\/www.europesays.com\/es\/wp-json\/wp\/v2\/categories?post=269917"},{"taxonomy":"post_tag","embeddable":true,"href":"https:\/\/www.europesays.com\/es\/wp-json\/wp\/v2\/tags?post=269917"}],"curies":[{"name":"wp","href":"https:\/\/api.w.org\/{rel}","templated":true}]}}