{"id":269919,"date":"2025-12-04T01:12:14","date_gmt":"2025-12-04T01:12:14","guid":{"rendered":"https:\/\/www.europesays.com\/es\/269919\/"},"modified":"2025-12-04T01:12:14","modified_gmt":"2025-12-04T01:12:14","slug":"el-medico-culpable-de-dar-ketamina-a-matthew-perry-es-sentenciado-a-30-meses-de-prision","status":"publish","type":"post","link":"https:\/\/www.europesays.com\/es\/269919\/","title":{"rendered":"El m\u00e9dico culpable de dar ketamina a Matthew Perry es sentenciado a 30 meses de prisi\u00f3n"},"content":{"rendered":"\n<p> Un m\u00e9dico que se declar\u00f3 culpable de facilitar ketamina a <strong>Matthew Perry<\/strong>, quien falleci\u00f3 por una <a href=\"https:\/\/www.elconfidencial.com\/cultura\/2023-11-02\/broma-infinita-matthew-perry-millones-desintoxicarse_3765860\/\" target=\"_self\" rel=\"nofollow noopener\">sobredosis<\/a> en 2023, fue sentenciado este mi\u00e9rcoles a 30 meses de prisi\u00f3n federal, inform\u00f3 la Fiscal\u00eda de los Estados Unidos para el Distrito Central de California.<\/p>\n<p>Salvador Plasencia es el primero en recibir sentencia<strong> entre los cinco acusados<\/strong> por el deceso del actor de <a href=\"https:\/\/www.elconfidencial.com\/television\/series-tv\/2023-10-29\/friends-matthew-perry-legado-pasara-estaria-bien_3763809\/\" target=\"_self\" rel=\"nofollow noopener\">&#8216;Friends&#8217;<\/a>, y su sentencia incluye dos a\u00f1os de libertad supervisada y el pago de una multa de 5.600 d\u00f3lares.<\/p>\n<p>El doctor, conocido como Dr. P., compareci\u00f3 ante un juez federal en el centro de <strong>Los \u00c1ngeles<\/strong> y de acuerdo con el peri\u00f3dico Los Angeles Times, se entreg\u00f3 inmediatamente despu\u00e9s de la audiencia para comenzar a cumplir su condena.<\/p>\n<p>Plasencia se declar\u00f3 culpable el 23 de julio de cuatro cargos de distribuci\u00f3n de ketamina y entreg\u00f3 su licencia m\u00e9dica de California en septiembre de 2025. <\/p>\n<p>                  <img decoding=\"async\" class=\"inTextNews__img\" alt=\"Foto: los-ultimos-dias-de-matthew-perry-cronologia-de-una-muerte-anunciada\" src=\"https:\/\/www.europesays.com\/es\/wp-content\/uploads\/2025\/12\/f.elconfidencial.com\/original\/607\/927\/f08\/607927f08a62eade2887d16ffcccd959.jpg\"  \/>     <\/p>\n<p>TE PUEDE INTERESAR<\/p>\n<p>      <a class=\"inTextNews__title\" href=\"https:\/\/www.elconfidencial.com\/cultura\/2024-08-31\/los-ultimos-dias-de-matthew-perry-cronologia-de-una-muerte-anunciada_3951481\/\" onclick=\"window.ECCO.emit(&#039;amplitude&#039;, { dataEventName: &#039;click_related_article_module&#039;, data: { related_article_url: &#039;https:\/\/www.elconfidencial.com\/cultura\/2024-08-31\/los-ultimos-dias-de-matthew-perry-cronologia-de-una-muerte-anunciada_3951481\/&#039;, related_article_author: &#039;Ada Nu\u00f1o&#039;, related_article_section: &#039;cultura&#039; } })\" rel=\"nofollow noopener\" target=\"_blank\"> Matthew Perry: cr\u00f3nica de la muerte anunciada del actor que se desintoxic\u00f3 65 veces <\/a>   <\/p>\n<p>    Ada Nu\u00f1o   <\/p>\n<p> El 28 de octubre de 2023, Perry fue<strong> encontrado inconsciente en un jacuzzi de su casa<\/strong> de Los \u00c1ngeles a los 54 a\u00f1os de edad y el informe de la autopsia revel\u00f3 que falleci\u00f3 por los efectos agudos de la ketamina.<\/p>\n<p>El Departamento de Justicia de EEUU acus\u00f3 a cinco personas de pertenecer a una red delictiva clandestina responsable de distribuir <strong>grandes cantidades de ketamina<\/strong>, sustancia que fue encontrada en el cuerpo del <a href=\"https:\/\/www.elconfidencial.com\/television\/series-tv\/2023-10-30\/mejores-tomas-falsas-matthew-perry-friends_3764279\/\" target=\"_self\" rel=\"nofollow noopener\">int\u00e9rprete<\/a> en el momento de su muerte, y los cinco aceptaron acuerdos de culpabilidad. <\/p>\n<p>              <img decoding=\"async\" class=\"inTextNews__img\" alt=\"Foto: broma-infinita-matthew-perry-millones-desintoxicarse\" src=\"https:\/\/www.europesays.com\/es\/wp-content\/uploads\/2025\/12\/f.elconfidencial.com\/original\/729\/c49\/de3\/729c49de3e052dd273c4b377ee84752d.jpg\"  \/>     <\/p>\n<p>TE PUEDE INTERESAR<\/p>\n<p>      <a class=\"inTextNews__title\" href=\"https:\/\/www.elconfidencial.com\/cultura\/2023-11-02\/broma-infinita-matthew-perry-millones-desintoxicarse_3765860\/\" onclick=\"window.ECCO.emit(&#039;amplitude&#039;, { dataEventName: &#039;click_related_article_module&#039;, data: { related_article_url: &#039;https:\/\/www.elconfidencial.com\/cultura\/2023-11-02\/broma-infinita-matthew-perry-millones-desintoxicarse_3765860\/&#039;, related_article_author: &#039;Carlos Prieto&#039;, related_article_section: &#039;cultura&#039; } })\" rel=\"nofollow noopener\" target=\"_blank\"> La broma infinita: c\u00f3mo Matthew Perry gast\u00f3 siete millones en desintoxicarse para nada <\/a>   <\/p>\n<p>    Carlos Prieto   <\/p>\n<p> Los fiscales afirmaron en un memorando de sentencia, citado por la misma publicaci\u00f3n, que las \u00abgraves violaciones de la confianza y el abandono de su juramento de &#8216;no hacer da\u00f1o&#8217; por parte del m\u00e9dico contribuyeron indudablemente al perjuicio sufrido por el Sr. Perry\u00bb, por lo que solicitaron una pena m\u00ednima de tres a\u00f1os.<\/p>\n<p>Por su parte, la defensa pidi\u00f3 que fuera sentenciado a<strong> tres a\u00f1os de libertad condicional bajo supervisi\u00f3n<\/strong>, alegando que el m\u00e9dico ya hab\u00eda perdido su licencia, su cl\u00ednica y su carrera profesional. <\/p>\n<p>              <img decoding=\"async\" class=\"inTextNews__img\" alt=\"Foto: tributo-hbo-max-matthew-perry-friends\" src=\"https:\/\/www.europesays.com\/es\/wp-content\/uploads\/2025\/12\/f.elconfidencial.com\/original\/279\/bc9\/e15\/279bc9e156d0c8793cab58cfcb488c1a.jpg\"  \/>     <\/p>\n<p>TE PUEDE INTERESAR<\/p>\n<p>      <a class=\"inTextNews__title\" href=\"https:\/\/www.elconfidencial.com\/television\/series-tv\/2023-10-30\/tributo-hbo-max-matthew-perry-friends_3764423\/\" onclick=\"window.ECCO.emit(&#039;amplitude&#039;, { dataEventName: &#039;click_related_article_module&#039;, data: { related_article_url: &#039;https:\/\/www.elconfidencial.com\/television\/series-tv\/2023-10-30\/tributo-hbo-max-matthew-perry-friends_3764423\/&#039;, related_article_author: &#039;Mar\u00eda del Pilar D\u00edaz&#039;, related_article_section: &#039;series-tv&#039; } })\" rel=\"nofollow noopener\" target=\"_blank\"> El bonito tributo de HBO Max en honor a Matthew Perry: esto es lo que se ver\u00e1 en cada temporada de &#8216;Friends&#8217; <\/a>   <\/p>\n<p>    El Confidencial   <\/p>\n<p> En una declaraci\u00f3n de impacto de la v\u00edctima presentada en un tribunal federal esta semana, la madre y el padrastro de Perry, <strong>Suzanne y Keith Morrison<\/strong>, escribieron que cre\u00edan que Plasencia era \u00abuno de los m\u00e1s culpables de todos\u00bb.<\/p>\n<p>Seg\u00fan el acuerdo de culpabilidad de Plasencia, distribuy\u00f3 20 frascos de ketamina, pastillas de ketamina y jeringas a Perry y al asistente del actor, Kenneth Iwamasa, otro de los culpables del caso, en los meses de septiembre y octubre de 2023.<\/p>\n<p>El int\u00e9rprete, celebrado por su personaje de <strong>Chandler Bing<\/strong>, hab\u00eda hablado p\u00fablicamente de su lucha contra las adicciones en su libro de memorias <a href=\"https:\/\/www.amazon.es\/Amigos-amantes-aquello-terrible-Contraluz\/dp\/841894532X\/ref=sr_1_1?tag=elconfi-21\" target=\"_blank\" rel=\"nofollow noopener\">&#8216;Friends, Lovers, and the Big Terrible Thing: A Memoir&#8217; (2022)<\/a>. <\/p>\n<p> Un m\u00e9dico que se declar\u00f3 culpable de facilitar ketamina a <strong>Matthew Perry<\/strong>, quien falleci\u00f3 por una <a href=\"https:\/\/www.elconfidencial.com\/cultura\/2023-11-02\/broma-infinita-matthew-perry-millones-desintoxicarse_3765860\/\" target=\"_self\" rel=\"nofollow noopener\">sobredosis<\/a> en 2023, fue sentenciado este mi\u00e9rcoles a 30 meses de prisi\u00f3n federal, inform\u00f3 la Fiscal\u00eda de los Estados Unidos para el Distrito Central de California.<\/p>\n<p>Salvador Plasencia es el primero en recibir sentencia<strong> entre los cinco acusados<\/strong> por el deceso del actor de <a href=\"https:\/\/www.elconfidencial.com\/television\/series-tv\/2023-10-29\/friends-matthew-perry-legado-pasara-estaria-bien_3763809\/\" target=\"_self\" rel=\"nofollow noopener\">&#8216;Friends&#8217;<\/a>, y su sentencia incluye dos a\u00f1os de libertad supervisada y el pago de una multa de 5.600 d\u00f3lares.<\/p>\n<p>El doctor, conocido como Dr. P., compareci\u00f3 ante un juez federal en el centro de <strong>Los \u00c1ngeles<\/strong> y de acuerdo con el peri\u00f3dico Los Angeles Times, se entreg\u00f3 inmediatamente despu\u00e9s de la audiencia para comenzar a cumplir su condena.<\/p>\n<p>Plasencia se declar\u00f3 culpable el 23 de julio de cuatro cargos de distribuci\u00f3n de ketamina y entreg\u00f3 su licencia m\u00e9dica de California en septiembre de 2025. <\/p>\n","protected":false},"excerpt":{"rendered":"Un m\u00e9dico que se declar\u00f3 culpable de facilitar ketamina a Matthew Perry, quien falleci\u00f3 por una sobredosis en&hellip;\n","protected":false},"author":2,"featured_media":269920,"comment_status":"","ping_status":"","sticky":false,"template":"","format":"standard","meta":{"footnotes":""},"categories":[91],"tags":[146,147,25,24,23],"class_list":{"0":"post-269919","1":"post","2":"type-post","3":"status-publish","4":"format-standard","5":"has-post-thumbnail","7":"category-entretenimiento","8":"tag-entertainment","9":"tag-entretenimiento","10":"tag-es","11":"tag-espana","12":"tag-spain"},"share_on_mastodon":{"url":"https:\/\/pubeurope.com\/@es\/115658643797842648","error":""},"_links":{"self":[{"href":"https:\/\/www.europesays.com\/es\/wp-json\/wp\/v2\/posts\/269919","targetHints":{"allow":["GET"]}}],"collection":[{"href":"https:\/\/www.europesays.com\/es\/wp-json\/wp\/v2\/posts"}],"about":[{"href":"https:\/\/www.europesays.com\/es\/wp-json\/wp\/v2\/types\/post"}],"author":[{"embeddable":true,"href":"https:\/\/www.europesays.com\/es\/wp-json\/wp\/v2\/users\/2"}],"replies":[{"embeddable":true,"href":"https:\/\/www.europesays.com\/es\/wp-json\/wp\/v2\/comments?post=269919"}],"version-history":[{"count":0,"href":"https:\/\/www.europesays.com\/es\/wp-json\/wp\/v2\/posts\/269919\/revisions"}],"wp:featuredmedia":[{"embeddable":true,"href":"https:\/\/www.europesays.com\/es\/wp-json\/wp\/v2\/media\/269920"}],"wp:attachment":[{"href":"https:\/\/www.europesays.com\/es\/wp-json\/wp\/v2\/media?parent=269919"}],"wp:term":[{"taxonomy":"category","embeddable":true,"href":"https:\/\/www.europesays.com\/es\/wp-json\/wp\/v2\/categories?post=269919"},{"taxonomy":"post_tag","embeddable":true,"href":"https:\/\/www.europesays.com\/es\/wp-json\/wp\/v2\/tags?post=269919"}],"curies":[{"name":"wp","href":"https:\/\/api.w.org\/{rel}","templated":true}]}}