{"id":269923,"date":"2025-12-04T01:15:13","date_gmt":"2025-12-04T01:15:13","guid":{"rendered":"https:\/\/www.europesays.com\/es\/269923\/"},"modified":"2025-12-04T01:15:13","modified_gmt":"2025-12-04T01:15:13","slug":"guerra-ucrania-rusia-hoy-ultima-hora-en-directo-6","status":"publish","type":"post","link":"https:\/\/www.europesays.com\/es\/269923\/","title":{"rendered":"Guerra Ucrania \u2013 Rusia hoy: \u00faltima hora en directo"},"content":{"rendered":"<p><strong>La Asamblea General de ONU exige a Rusia devolver ni\u00f1os ucranianos trasladados a la fuerza<\/strong><\/p>\n<p>\u00a0<\/p>\n<p>La Asamblea General de la ONU ha adoptado\u00a0este mi\u00e9rcoles una resoluci\u00f3n que exige a Rusia devolver a los ni\u00f1os ucranianos trasladados a la fuerza o deportados a su territorio, adem\u00e1s de <strong>cesar esas pr\u00e1cticas y el \u00abcambio de estatus\u00bb de los menores.<\/strong><\/p>\n<p>&#13;<br \/>\nLa resoluci\u00f3n ha sido presentada en una reuni\u00f3n de urgencia por la ministra adjunta de Asuntos Exteriores de Ucrania, Mariana Betsa, quien ha aprovechado para denunciar que los ni\u00f1os ucranianos sean vistos por Rusia como <strong>\u00abtrofeos de guerra\u00bb,<\/strong>\u00a0siendo aprobada con <strong>91 votos a favor, 12 en contra y 57 abstenciones.<\/strong><\/p>\n<p>&#13;<br \/>\nPese a <strong>no ser vinculante<\/strong>, la declaraci\u00f3n pol\u00edtica s\u00ed que ha recogido el amplio respaldo internacional a la medida, superando la mayor\u00eda de dos tercios de los miembros presentes con poder de voto.<\/p>\n<p>&#13;<br \/>\nBetsa tambi\u00e9n ha recalcado que <strong>Rusia ha deportado al menos a 20.000 ni\u00f1os ucranianos,<\/strong> de los cuales algunos han sido devueltos pero muchos siguen sin ser localizados, llamando a la \u00abhumanidad\u00bb y recordando, como otros representantes, que esas pr\u00e1cticas violan el derecho internacional.<\/p>\n","protected":false},"excerpt":{"rendered":"La Asamblea General de ONU exige a Rusia devolver ni\u00f1os ucranianos trasladados a la fuerza \u00a0 La Asamblea&hellip;\n","protected":false},"author":2,"featured_media":269924,"comment_status":"","ping_status":"","sticky":false,"template":"","format":"standard","meta":{"footnotes":""},"categories":[42],"tags":[17,18,13,14,11,61,62,63,64,19,20,9,10,15,16,12,21,22,65,66,67],"class_list":{"0":"post-269923","1":"post","2":"type-post","3":"status-publish","4":"format-standard","5":"has-post-thumbnail","7":"category-internacional","8":"tag-breaking-news","9":"tag-breakingnews","10":"tag-featured-news","11":"tag-featurednews","12":"tag-headlines","13":"tag-internacional","14":"tag-international","15":"tag-international-news","16":"tag-internationalnews","17":"tag-latest-news","18":"tag-latestnews","19":"tag-news","20":"tag-noticias","21":"tag-noticias-destacadas","22":"tag-noticiasdestacadas","23":"tag-titulares","24":"tag-ultimas-noticias","25":"tag-ultimasnoticias","26":"tag-world","27":"tag-world-news","28":"tag-worldnews"},"share_on_mastodon":{"url":"https:\/\/pubeurope.com\/@es\/115658655337645885","error":""},"_links":{"self":[{"href":"https:\/\/www.europesays.com\/es\/wp-json\/wp\/v2\/posts\/269923","targetHints":{"allow":["GET"]}}],"collection":[{"href":"https:\/\/www.europesays.com\/es\/wp-json\/wp\/v2\/posts"}],"about":[{"href":"https:\/\/www.europesays.com\/es\/wp-json\/wp\/v2\/types\/post"}],"author":[{"embeddable":true,"href":"https:\/\/www.europesays.com\/es\/wp-json\/wp\/v2\/users\/2"}],"replies":[{"embeddable":true,"href":"https:\/\/www.europesays.com\/es\/wp-json\/wp\/v2\/comments?post=269923"}],"version-history":[{"count":0,"href":"https:\/\/www.europesays.com\/es\/wp-json\/wp\/v2\/posts\/269923\/revisions"}],"wp:featuredmedia":[{"embeddable":true,"href":"https:\/\/www.europesays.com\/es\/wp-json\/wp\/v2\/media\/269924"}],"wp:attachment":[{"href":"https:\/\/www.europesays.com\/es\/wp-json\/wp\/v2\/media?parent=269923"}],"wp:term":[{"taxonomy":"category","embeddable":true,"href":"https:\/\/www.europesays.com\/es\/wp-json\/wp\/v2\/categories?post=269923"},{"taxonomy":"post_tag","embeddable":true,"href":"https:\/\/www.europesays.com\/es\/wp-json\/wp\/v2\/tags?post=269923"}],"curies":[{"name":"wp","href":"https:\/\/api.w.org\/{rel}","templated":true}]}}