{"id":269925,"date":"2025-12-04T01:16:22","date_gmt":"2025-12-04T01:16:22","guid":{"rendered":"https:\/\/www.europesays.com\/es\/269925\/"},"modified":"2025-12-04T01:16:22","modified_gmt":"2025-12-04T01:16:22","slug":"pedro-sanchez-ha-dado-la-razon-a-junts-la-valoracion-de-marta-garcia-aller-tras-las-concesiones-del-gobierno","status":"publish","type":"post","link":"https:\/\/www.europesays.com\/es\/269925\/","title":{"rendered":"\u201cPedro S\u00e1nchez ha dado la raz\u00f3n a Junts\u201d, la valoraci\u00f3n de Marta Garc\u00eda Aller tras las concesiones del Gobierno"},"content":{"rendered":"<p class=\"articleParagraph\">La <b>portavoz de Junts per Catalunya, M\u00edriam Nogueras, ha reafirmado su ruptura con el Gobierno<\/b> tras asegurar que los compromisos acordados no se han cumplido. Nogueras ha valorado el <b>real decreto ley aprobado el pasado martes en el Consejo de Ministros<\/b>, que recoge las medidas demandadas por su partido, como acuerdos econ\u00f3micos y apoyo a entes locales. Unas medidas con las que <b>el Gobierno pretende reconducir su relaci\u00f3n con los catalanes<\/b> tras reconocer que no se cumplieron los acuerdos pactados. Los de Junts han asegurado que estas medidas \u00abno son suficientes\u00bb.<\/p>\n<p class=\"articleParagraph\">En la comparecencia, <b>M\u00edriam Nogueras ha reafirmado que no hay negociaci\u00f3n<\/b> y \u00abno va a haber conversaciones con el Ejecutivo\u00bb. Sobre este asunto han comentado los tertulianos del programa M\u00e1s de Uno de Onda Cero c\u00f3mo influyen estas medidas a los pactos y a las demandas de los catalanes. Una de ellas, la periodista <b>Marta Garc\u00eda Aller, quien ha opinado que aunque S\u00e1nchez trata de restablecer el v\u00ednculo<\/b>, \u00able est\u00e1 dando la raz\u00f3n a Junts\u00bb.<\/p>\n<p>Las pegas de Junts al Gobierno<\/p>\n<p class=\"articleParagraph\">La portavoz de Junts ha insistido adem\u00e1s en su comparecencia que <b>no hay \u00abning\u00fan tipo de comunicaci\u00f3n con el PSOE\u00bb<\/b>, pero ha dejado la puerta abierta a una supuesta reconciliaci\u00f3n si S\u00e1nchez sigue cediendo. A lo que esto respecta, Marta Garc\u00eda Aller ha asegurado que \u00abno est\u00e1 claro que el Gobierno cumpla lo que promete\u00bb. <b>\u00abVolver\u00e1n cuando les convenga pedir m\u00e1s<\/b>, con estas minor\u00edas no se puede gobernar\u00bb, ha se\u00f1alado la periodista.<\/p>\n<p class=\"articleParagraph\">En este an\u00e1lisis, la periodista ha comentado la viabilidad del acuerdo, ya que, seg\u00fan informa, S\u00e1nchez \u00abno est\u00e1 haciendo todo lo que pod\u00eda por satisfacer las demandas\u00bb. Marta Garc\u00eda Aller ha asegurado que, efectivamente, <b>hace dos semanas el Presidente \u00abment\u00eda\u00bb <\/b>y ha finalizado su an\u00e1lisis afirmando que si se llevan a cabo los acuerdos, <b>Junts volver\u00e1 a protestar porque \u00absiempre quiere un poco m\u00e1s\u00bb<\/b>.<\/p>\n","protected":false},"excerpt":{"rendered":"La portavoz de Junts per Catalunya, M\u00edriam Nogueras, ha reafirmado su ruptura con el Gobierno tras asegurar que&hellip;\n","protected":false},"author":2,"featured_media":269926,"comment_status":"","ping_status":"","sticky":false,"template":"","format":"standard","meta":{"footnotes":""},"categories":[8],"tags":[17,18,25,24,13,14,11,19,20,9,10,15,16,23,12,21,22],"class_list":{"0":"post-269925","1":"post","2":"type-post","3":"status-publish","4":"format-standard","5":"has-post-thumbnail","7":"category-espana","8":"tag-breaking-news","9":"tag-breakingnews","10":"tag-es","11":"tag-espana","12":"tag-featured-news","13":"tag-featurednews","14":"tag-headlines","15":"tag-latest-news","16":"tag-latestnews","17":"tag-news","18":"tag-noticias","19":"tag-noticias-destacadas","20":"tag-noticiasdestacadas","21":"tag-spain","22":"tag-titulares","23":"tag-ultimas-noticias","24":"tag-ultimasnoticias"},"share_on_mastodon":{"url":"https:\/\/pubeurope.com\/@es\/115658659307647147","error":""},"_links":{"self":[{"href":"https:\/\/www.europesays.com\/es\/wp-json\/wp\/v2\/posts\/269925","targetHints":{"allow":["GET"]}}],"collection":[{"href":"https:\/\/www.europesays.com\/es\/wp-json\/wp\/v2\/posts"}],"about":[{"href":"https:\/\/www.europesays.com\/es\/wp-json\/wp\/v2\/types\/post"}],"author":[{"embeddable":true,"href":"https:\/\/www.europesays.com\/es\/wp-json\/wp\/v2\/users\/2"}],"replies":[{"embeddable":true,"href":"https:\/\/www.europesays.com\/es\/wp-json\/wp\/v2\/comments?post=269925"}],"version-history":[{"count":0,"href":"https:\/\/www.europesays.com\/es\/wp-json\/wp\/v2\/posts\/269925\/revisions"}],"wp:featuredmedia":[{"embeddable":true,"href":"https:\/\/www.europesays.com\/es\/wp-json\/wp\/v2\/media\/269926"}],"wp:attachment":[{"href":"https:\/\/www.europesays.com\/es\/wp-json\/wp\/v2\/media?parent=269925"}],"wp:term":[{"taxonomy":"category","embeddable":true,"href":"https:\/\/www.europesays.com\/es\/wp-json\/wp\/v2\/categories?post=269925"},{"taxonomy":"post_tag","embeddable":true,"href":"https:\/\/www.europesays.com\/es\/wp-json\/wp\/v2\/tags?post=269925"}],"curies":[{"name":"wp","href":"https:\/\/api.w.org\/{rel}","templated":true}]}}