{"id":269929,"date":"2025-12-04T01:22:13","date_gmt":"2025-12-04T01:22:13","guid":{"rendered":"https:\/\/www.europesays.com\/es\/269929\/"},"modified":"2025-12-04T01:22:13","modified_gmt":"2025-12-04T01:22:13","slug":"la-convulsa-vida-de-la-leyenda-del-tenis","status":"publish","type":"post","link":"https:\/\/www.europesays.com\/es\/269929\/","title":{"rendered":"la convulsa vida de la leyenda del tenis"},"content":{"rendered":"<p id=\"eMohee-P-b\" data-wc=\"104\">Si por algo se caracteriza la vida de Boris Becker es por ser de todo menos aburrida. La trayectoria de la estrella del tenis ha estado marcada por un <strong>\u00e9xito estratosf\u00e9rico en su carrera deportiva desde una edad muy temprana, pero tambi\u00e9n seguida de graves problemas financieros, legales y personales que culminaron en una condena a prisi\u00f3n<\/strong>. No obstante, desde que fue liberado en diciembre de 2022, el alem\u00e1n comenz\u00f3 a reconstruir su vida, trabajando como comentarista de tenis y centrado en otros proyectos personales, \u00abuna vida loca\u00bb como \u00e9l mismo dijo a David Broncano en La Revuelta, donde fue a promocionar sus memorias.<\/p>\n<p> <img src=\"https:\/\/www.europesays.com\/es\/wp-content\/uploads\/2025\/12\/982ac45b44ff-boris2.jpg\"   width=\"1024\" height=\"618\" loading=\"lazy\" decoding=\"async\" alt=\"Boris Becker, en 'La Revuelta'\" fetchpriority=\"auto\" class=\"image ho-image\"\/>\u00a9 RTVEBoris Becker junto a David Broncano en &#8216;La Revuelta&#8217;<br \/>\nCarrera deportiva: un campe\u00f3n precoz<\/p>\n<p id=\"eugPJXD8-J4\" data-wc=\"95\">Con tan solo 17 a\u00f1os, se convirti\u00f3 en el <strong>campe\u00f3n m\u00e1s joven y el primer jugador no cabeza de serie en ganar Wimbledon<\/strong> en 1985, un logro sin precedentes que lo catapult\u00f3 al estrellato global. A lo largo de su carrera, Becker fue consolidando poco a poco su estatus como leyenda del deporte: gan\u00f3 un total de <strong>49 t\u00edtulos individuale<\/strong><strong>s<\/strong>, incluyendo seis <strong>Grand Slams<\/strong>; tres en Wimbledon, dos Abiertos de Australia y un Abierto de Estados Unidos. Tambi\u00e9n alcanz\u00f3 el <strong>puesto n\u00famero 1 del ranking mundial<\/strong> y gan\u00f3 una <strong>medalla de oro ol\u00edmpica en dobles<\/strong>.\u00a0<\/p>\n<p> <img src=\"https:\/\/www.europesays.com\/es\/wp-content\/uploads\/2025\/12\/65257d963dfd-gettyimages-2227149250.jpg\"   width=\"1024\" height=\"682\" loading=\"lazy\" decoding=\"async\" alt=\"Boris Becker asiste a una sesi\u00f3n fotogr\u00e1fica para la campa\u00f1a fenster.com en el Hotel Adlon \" fetchpriority=\"auto\" class=\"image ho-image\"\/>\u00a9 Getty ImagesBoris Becker asiste a una sesi\u00f3n fotogr\u00e1fica para la campa\u00f1a fenster.com en el Hotel Adlon <\/p>\n<p id=\"e7BH206BAEC\" data-wc=\"85\">Tras colgar la raqueta, Boris<strong>\u00a0regres\u00f3 en 2013 al circuito de la\u00a0<\/strong><strong>ATP (Asociaci\u00f3n de Tenistas Profesionales)<\/strong>, asumiendo el puesto de entrenador principal de Novak Djokovic. Bajo la tutela de Becker, Djokovic captur\u00f3 seis t\u00edtulos de Grand Slam: el Abierto de Australia, Wimbledon y Estados Unidos. Gracias a la exitosa relaci\u00f3n profesional con Boris, el tenista serbio afianzar su posici\u00f3n como el jugador n\u00famero, algo que tambi\u00e9n le vali\u00f3 a Becker para reafirmarse una vez m\u00e1s como uno de los m\u00e1s grandes en su deporte.\u00a0<\/p>\n<p>Vida personal y ca\u00edda<\/p>\n<p id=\"eiiLsw3ZluZ\" data-wc=\"103\">Aunque abrumadoramente exitoso en su carrera deportiva, la vida de Becker fuera de las canchas ha estado repleta de controversias y malas decisiones financieras. Contra todo pron\u00f3stico, ya a pesar de ganar millones de d\u00f3lares en premios,<strong>\u00a0se declar\u00f3 en bancarrota en 2017 debido a una acumulaci\u00f3n de malas inversiones, deudas significativas y una gesti\u00f3n financiera desastrosa<\/strong> a lo largo de los a\u00f1os. En 2002, Boris Becker se enfrent\u00f3 a la justicia alemana por cargos de <strong>evasi\u00f3n fiscal<\/strong> y, aunque la fiscal\u00eda lleg\u00f3 a pedir una pena de c\u00e1rcel, el extenista finalmente recibi\u00f3 una condena de dos a\u00f1os de prisi\u00f3n en libertad condicional.\u00a0<\/p>\n<p id=\"ee5fsDPtj0p\" data-wc=\"105\">A\u00f1os despu\u00e9s, su historial legal empeor\u00f3 significativamente en el Reino Unido. En abril de 2022, un tribunal londinense lo declar\u00f3 culpable de cuatro cargos, incluyendo la <strong>ocultaci\u00f3n de activos y pr\u00e9stamos<\/strong>. Por estos delitos, fue <strong>condenado a dos a\u00f1os y medio de prisi\u00f3n<\/strong>. Con todo, su sentencia fue adem\u00e1s agravada por contar con una condena previa en Alemania, lo que demostr\u00f3 una falta de arrepentimiento y una conducta deliberada. Boris <strong>fue liberado el 15 de diciembre de 2022, \u00a0tras cumplir ocho meses de condena<\/strong>. Su liberaci\u00f3n anticipada se produjo bajo un programa de deportaci\u00f3n acelerada para ciudadanos extranjeros, tras lo cual fue extraditado a Alemania.<\/p>\n<p> <img src=\"https:\/\/www.europesays.com\/es\/wp-content\/uploads\/2025\/12\/015aa3c9d01b-gettyimages-2221494960.jpg\"   width=\"682\" height=\"1024\" loading=\"lazy\" decoding=\"async\" alt=\"Boris Becker en una exposici\u00f3n de arte de su hijo Noah Becker\" fetchpriority=\"auto\" class=\"image ho-image\"\/>\u00a9 Getty ImagesBoris Becker en una exposici\u00f3n de arte de su hijo Noah Becker<br \/>\nSus pol\u00e9micas relaciones<\/p>\n<p id=\"eZgVtmNHSb1\" data-wc=\"87\">Boris se ha <a class=\"hm-link ho-link\" href=\"https:\/\/www.hola.com\/actualidad\/20240814712388\/boris-becker-hijos-quienes-son-posado\/\" data-mrf-recirculation=\"article-body-link\" rel=\"nofollow noopener\" target=\"_blank\">casado tres veces y es padre de cinco hijos<\/a>. Su vida amorosa siempre compleja y medi\u00e1tica. Su primer matrimonio fue con la <strong>actriz y dise\u00f1adora Barbara Feltus<\/strong>, con quien se cas\u00f3 a fines de 1993. Tuvieron <strong>dos hijos, Noah y Elias<\/strong>, antes de divorciarse en 2001. Durante este matrimonio, Becker tuvo una breve y muy publicitada aventura con la modelo rusa <strong>Angela Ermakova<\/strong>, que result\u00f3 en el nacimiento de su<strong>\u00a0hija Anna Ermakova<\/strong> en 2000; un esc\u00e1ndalo que fue ampliamente cubierto por la prensa.<\/p>\n<p> <img src=\"https:\/\/www.europesays.com\/es\/wp-content\/uploads\/2025\/12\/ea87c8c943d8-blweddingday0165.jpg\"   width=\"1024\" height=\"682\" loading=\"lazy\" decoding=\"async\" alt=\"HOLA+4184 Boda Boris Becker\" fetchpriority=\"auto\" class=\"image ho-image\"\/>\u00a9 Tom Oldham\/action pressBoris Becker y Lilian de Carvalho se besan tras darse el &#8216;s\u00ed, quiero&#8217;<\/p>\n<p id=\"ewzTKhWbB5w\" data-wc=\"91\">El segundo matrimonio del alem\u00e1n fue con la modelo neerlandesa <strong>Lilly Kerssenberg\u00a0<\/strong>en 2009, con quien tuvo un hijo, <strong>Amadeus<\/strong>, en 2010. La pareja se separ\u00f3 en 2018 despu\u00e9s de casi nueve a\u00f1os de matrimonio y, en septiembre de 2024, Becker se cas\u00f3 por tercera vez con la consultora pol\u00edtica <strong>Lilian de Carvalho Monteiro<\/strong>, quien lo acompa\u00f1\u00f3 durante sus problemas legales y su tiempo en prisi\u00f3n. Recientemente, en noviembre de 2025, la pareja dio la bienvenida a su <a class=\"hm-link ho-link\" href=\"https:\/\/www.hola.com\/actualidad\/20251130870323\/boris-becker-con-su-hija-recien-nacida-y-58-cumpleanos\/\" data-mrf-recirculation=\"article-body-link\" rel=\"nofollow noopener\" target=\"_blank\">primera hija juntos, Zoe, el quinto hijo de Becker a sus 58 a\u00f1os<\/a>.\u00a0<\/p>\n<p> <img src=\"https:\/\/www.europesays.com\/es\/wp-content\/uploads\/2025\/12\/3ae82b376a57-gettyimages-2234190127.jpg\"   width=\"1024\" height=\"682\" loading=\"lazy\" decoding=\"async\" alt=\"Boris Becker en la presentaci\u00f3n de su libro, 'Inside'\" fetchpriority=\"auto\" class=\"image ho-image\"\/>\u00a9 dpa\/picture alliance via Getty I, Getty ImagesBoris Becker en la presentaci\u00f3n de su libro, &#8216;Inside&#8217;<\/p>\n<p id=\"emeDNXi8fRd\" data-wc=\"131\">En la actualidad, Boris vive una vida m\u00e1s sosegada en Mil\u00e1n junto a su tercera esposa quien, seg\u00fan cuenta en sus memorias, ha sido un pilar fundamental en su recuperaci\u00f3n personal. El exdeportista ha retomado su carrera p\u00fablica, principalmente como comentarista experto de tenis para cadenas deportivas. En su nueva biograf\u00eda, Inside, reflexiona sobre la naturaleza dual de su vida: desde el ascenso mete\u00f3rico a la fama mundial hasta su posterior y dolorosa ca\u00edda personal y financiera. El libro tambi\u00e9n aborda la\u00a0presi\u00f3n abrumadora de la fama, los errores catastr\u00f3ficos que provocaron su bancarrota y, principalmente, la experiencia transformadora de sus ocho meses en una prisi\u00f3n brit\u00e1nica. En esencia, la obra es un relato de arrepentimiento, redenci\u00f3n y una b\u00fasqueda de estabilidad y prop\u00f3sito en esta nueva etapa de su vida.<\/p>\n","protected":false},"excerpt":{"rendered":"Si por algo se caracteriza la vida de Boris Becker es por ser de todo menos aburrida. La&hellip;\n","protected":false},"author":2,"featured_media":269930,"comment_status":"","ping_status":"","sticky":false,"template":"","format":"standard","meta":{"footnotes":""},"categories":[274],"tags":[517,14526,168,25,24,23,167,327,326],"class_list":{"0":"post-269929","1":"post","2":"type-post","3":"status-publish","4":"format-standard","5":"has-post-thumbnail","7":"category-tenis","8":"tag-actualidad","9":"tag-boris-becker","10":"tag-deportes","11":"tag-es","12":"tag-espana","13":"tag-spain","14":"tag-sports","15":"tag-tenis","16":"tag-tennis"},"share_on_mastodon":{"url":"https:\/\/pubeurope.com\/@es\/115658683671279974","error":""},"_links":{"self":[{"href":"https:\/\/www.europesays.com\/es\/wp-json\/wp\/v2\/posts\/269929","targetHints":{"allow":["GET"]}}],"collection":[{"href":"https:\/\/www.europesays.com\/es\/wp-json\/wp\/v2\/posts"}],"about":[{"href":"https:\/\/www.europesays.com\/es\/wp-json\/wp\/v2\/types\/post"}],"author":[{"embeddable":true,"href":"https:\/\/www.europesays.com\/es\/wp-json\/wp\/v2\/users\/2"}],"replies":[{"embeddable":true,"href":"https:\/\/www.europesays.com\/es\/wp-json\/wp\/v2\/comments?post=269929"}],"version-history":[{"count":0,"href":"https:\/\/www.europesays.com\/es\/wp-json\/wp\/v2\/posts\/269929\/revisions"}],"wp:featuredmedia":[{"embeddable":true,"href":"https:\/\/www.europesays.com\/es\/wp-json\/wp\/v2\/media\/269930"}],"wp:attachment":[{"href":"https:\/\/www.europesays.com\/es\/wp-json\/wp\/v2\/media?parent=269929"}],"wp:term":[{"taxonomy":"category","embeddable":true,"href":"https:\/\/www.europesays.com\/es\/wp-json\/wp\/v2\/categories?post=269929"},{"taxonomy":"post_tag","embeddable":true,"href":"https:\/\/www.europesays.com\/es\/wp-json\/wp\/v2\/tags?post=269929"}],"curies":[{"name":"wp","href":"https:\/\/api.w.org\/{rel}","templated":true}]}}