{"id":269933,"date":"2025-12-04T01:25:13","date_gmt":"2025-12-04T01:25:13","guid":{"rendered":"https:\/\/www.europesays.com\/es\/269933\/"},"modified":"2025-12-04T01:25:13","modified_gmt":"2025-12-04T01:25:13","slug":"no-apto-para-cardiacos-de-la-canasta-final-de-iyana-a-la-celebracion-en-el-vestuario","status":"publish","type":"post","link":"https:\/\/www.europesays.com\/es\/269933\/","title":{"rendered":"No apto para card\u00edacos: de la canasta final de Iyana a la celebraci\u00f3n en el vestuario"},"content":{"rendered":"<p class=\"v-p\">Si alguien pensaba que Avenida iba a claudicar, ante todo un Valencia Basket, estaba muy equivocado. Y es que las pupilas de <strong>Anna Monta\u00f1ana tiraron de raza para doblegar en los minutos finales al cuadro taronja.<\/strong><\/p>\n<p><a href=\"http:\/\/www.lagacetadesalamanca.es\/deportes\/baloncesto-local\/perfumeriasavenida\/locura-total-perfumerias-avenida-logra-victoria-recuerdo-20251203205227-nt.html#vtm_modulosEngag=mod-rel:deportes:noticia:1:cmp:1-not\" class=\"v-a-link\" aria-label=\"Imagen\" rel=\"nofollow noopener\" target=\"_blank\"><\/p>\n<p><img decoding=\"async\" loading=\"lazy\" src=\"https:\/\/www.europesays.com\/es\/wp-content\/uploads\/2025\/12\/WhatsApp Image 2025-12-03 at 20.34.31-U34653365372wba-366x256@Gaceta Salamanca.jpeg\" class=\"v-a-img\" width=\"258\" height=\"180\" alt=\"\" data-voc-vtm-id=\"in-text-traffic\"\/><\/p>\n<p><\/a><\/p>\n<p class=\"v-p\">Esperanza, alegr\u00eda, expectaci\u00f3n y, finalmente, una celebraci\u00f3n en el vestuario que permiti\u00f3 a<strong> las perfumeras llevarse una victoria necesaria en sus aspiraciones que, a buen seguro, la secuencia quedar\u00e1 en el recuerdo <\/strong>de la Marea Azul.<\/p>\n<p>Reporta un error<\/p>\n","protected":false},"excerpt":{"rendered":"Si alguien pensaba que Avenida iba a claudicar, ante todo un Valencia Basket, estaba muy equivocado. Y es&hellip;\n","protected":false},"author":2,"featured_media":269934,"comment_status":"","ping_status":"","sticky":false,"template":"","format":"standard","meta":{"footnotes":""},"categories":[269],"tags":[55938,299,298,18786,33947,11231,168,25,24,1058,38845,23,167,28690],"class_list":{"0":"post-269933","1":"post","2":"type-post","3":"status-publish","4":"format-standard","5":"has-post-thumbnail","7":"category-baloncesto","8":"tag-apto","9":"tag-baloncesto","10":"tag-basketball","11":"tag-canasta","12":"tag-cardiacos","13":"tag-celebracion","14":"tag-deportes","15":"tag-es","16":"tag-espana","17":"tag-final","18":"tag-iyana","19":"tag-spain","20":"tag-sports","21":"tag-vestuario"},"share_on_mastodon":{"url":"https:\/\/pubeurope.com\/@es\/115658695118801361","error":""},"_links":{"self":[{"href":"https:\/\/www.europesays.com\/es\/wp-json\/wp\/v2\/posts\/269933","targetHints":{"allow":["GET"]}}],"collection":[{"href":"https:\/\/www.europesays.com\/es\/wp-json\/wp\/v2\/posts"}],"about":[{"href":"https:\/\/www.europesays.com\/es\/wp-json\/wp\/v2\/types\/post"}],"author":[{"embeddable":true,"href":"https:\/\/www.europesays.com\/es\/wp-json\/wp\/v2\/users\/2"}],"replies":[{"embeddable":true,"href":"https:\/\/www.europesays.com\/es\/wp-json\/wp\/v2\/comments?post=269933"}],"version-history":[{"count":0,"href":"https:\/\/www.europesays.com\/es\/wp-json\/wp\/v2\/posts\/269933\/revisions"}],"wp:featuredmedia":[{"embeddable":true,"href":"https:\/\/www.europesays.com\/es\/wp-json\/wp\/v2\/media\/269934"}],"wp:attachment":[{"href":"https:\/\/www.europesays.com\/es\/wp-json\/wp\/v2\/media?parent=269933"}],"wp:term":[{"taxonomy":"category","embeddable":true,"href":"https:\/\/www.europesays.com\/es\/wp-json\/wp\/v2\/categories?post=269933"},{"taxonomy":"post_tag","embeddable":true,"href":"https:\/\/www.europesays.com\/es\/wp-json\/wp\/v2\/tags?post=269933"}],"curies":[{"name":"wp","href":"https:\/\/api.w.org\/{rel}","templated":true}]}}