{"id":269937,"date":"2025-12-04T01:27:08","date_gmt":"2025-12-04T01:27:08","guid":{"rendered":"https:\/\/www.europesays.com\/es\/269937\/"},"modified":"2025-12-04T01:27:08","modified_gmt":"2025-12-04T01:27:08","slug":"topuria-esta-dos-veces-y-yo-no","status":"publish","type":"post","link":"https:\/\/www.europesays.com\/es\/269937\/","title":{"rendered":"Topuria est\u00e1 dos veces y yo no"},"content":{"rendered":"<p class=\"c-paragraph\"><a href=\"https:\/\/www.20minutos.es\/tags\/instituciones-empresas\/el-hormiguero.html\" title=\"El hormiguero\" rel=\"nofollow noopener\" target=\"_blank\">El Hormiguero <\/a>ha contado este mi\u00e9rcoles con la visita de <a href=\"https:\/\/www.20minutos.es\/tags\/temas\/santiago-segura.html\" title=\"Santiago Segura\" rel=\"nofollow noopener\" target=\"_blank\">Santiago Segura<\/a> y <a href=\"https:\/\/www.20minutos.es\/tags\/personas\/ernesto-sevilla.html\" title=\"Ernesto Sevilla\" rel=\"nofollow noopener\" target=\"_blank\">Ernesto Sevilla<\/a>, a falta de <a href=\"https:\/\/www.20minutos.es\/tags\/personas\/pablo-chiapella.html\" title=\"Pablo Chiapella\" rel=\"nofollow noopener\" target=\"_blank\">Pablo Chiapella <\/a>que finalmente no ha podido acudir al programa por un cuadro de gripe. Los actores han presentado<b>\u00a0La Navidad en sus manos 2, su nuevo proyecto en com\u00fan<\/b> que ver\u00e1 la luz el pr\u00f3ximo 6 de diciembre en Netflix.<\/p>\n<p class=\"c-paragraph\">\u00ab\u00bfCre\u00e9is que realmente se ha puesto tan malo que no puede venir?\u00bb, les pregunt\u00f3 Pablo Motos a sus invitados. \u00abYo tengo un gripazo\u2026 Y cuando he llegado me dicen lo de Chiapella&#8230; <b>que traiga un certificado m\u00e9dico<\/b>. Esto es como el colegio. Yo no pod\u00eda dejar tirado a este p\u00fablico maravilloso\u00bb, brome\u00f3 el guionista, que aprovech\u00f3 su visita al espacio de Antena 3 para confirmar que Torrente Presidente se estrenar\u00e1 el 13 de marzo de 2026.<\/p>\n<p class=\"c-paragraph\">Minutos m\u00e1s tarde, Santiago Segura quiso sincerarse con el presentador por un tema relacionado con El Hormiguero que le dej\u00f3 un \u00abpoco triste\u00bb. \u00abEl otro d\u00eda fue la celebraci\u00f3n, que me hizo una gran alegr\u00eda, de los 3.000 programas.<b> Se hizo un bonito homenaje de im\u00e1genes&#8230;\u00bb<\/b>, comenz\u00f3 el int\u00e9rprete. \u00ab\u00bfY no sal\u00edas?\u00bb, se adelant\u00f3 el de Requena.\u00a0<\/p>\n<p class=\"c-paragraph\">\u00abYo soy Infinity&#8230; \u00a1y no sal\u00eda! Pero ni una imagen, Ilia Topuria sal\u00eda dos veces\u00bb, le reproch\u00f3 Santiago Segura. \u00ab<b>Eres tan egoista<\/b> [&#8230;] Por cari\u00f1o, estar\u00edas contento de que tu amigo Pablo haya conseguido 3.000 programas\u00bb, fue la respuesta que le dio Pablo Motos.\u00a0<\/p>\n<p class=\"c-paragraph\">\u00abEstoy feliz\u00bb, reconoci\u00f3 el actor. \u00abPero no est\u00e1s pendiente de eso, est\u00e1s a ver si sales o no\u00bb, prosigui\u00f3 el presentador. \u00abVamos a ver, Pablo, era el detalle. A un t\u00edo Infinity que ha venido aqu\u00ed 23 veces. Ni Revilla. <b>He sido colaborador dos a\u00f1os y ni una imagen&#8230;<\/b>\u00ab, expuso.<\/p>\n<p class=\"c-paragraph\">Tras estas \u00faltimas declaraciones, Santiago Segura<b> se subi\u00f3 a la mesa <\/b>para as\u00ed dejar una \u00abimagen memorable\u00bb y que le pongan en el siguiente v\u00eddeo recopilatorio. \u00abQue nos aplastas, t\u00edo\u00bb, exclamaron las hormigas.<\/p>\n","protected":false},"excerpt":{"rendered":"El Hormiguero ha contado este mi\u00e9rcoles con la visita de Santiago Segura y Ernesto Sevilla, a falta de&hellip;\n","protected":false},"author":2,"featured_media":269938,"comment_status":"","ping_status":"","sticky":false,"template":"","format":"standard","meta":{"footnotes":""},"categories":[174],"tags":[4040,255,5813,146,147,25,24,256,5812,19288,23],"class_list":{"0":"post-269937","1":"post","2":"type-post","3":"status-publish","4":"format-standard","5":"has-post-thumbnail","7":"category-famosos","8":"tag-antena-3","9":"tag-celebrities","10":"tag-el-hormiguero","11":"tag-entertainment","12":"tag-entretenimiento","13":"tag-es","14":"tag-espana","15":"tag-famosos","16":"tag-pablo-motos","17":"tag-santiago-segura","18":"tag-spain"},"share_on_mastodon":{"url":"https:\/\/pubeurope.com\/@es\/115658702409829577","error":""},"_links":{"self":[{"href":"https:\/\/www.europesays.com\/es\/wp-json\/wp\/v2\/posts\/269937","targetHints":{"allow":["GET"]}}],"collection":[{"href":"https:\/\/www.europesays.com\/es\/wp-json\/wp\/v2\/posts"}],"about":[{"href":"https:\/\/www.europesays.com\/es\/wp-json\/wp\/v2\/types\/post"}],"author":[{"embeddable":true,"href":"https:\/\/www.europesays.com\/es\/wp-json\/wp\/v2\/users\/2"}],"replies":[{"embeddable":true,"href":"https:\/\/www.europesays.com\/es\/wp-json\/wp\/v2\/comments?post=269937"}],"version-history":[{"count":0,"href":"https:\/\/www.europesays.com\/es\/wp-json\/wp\/v2\/posts\/269937\/revisions"}],"wp:featuredmedia":[{"embeddable":true,"href":"https:\/\/www.europesays.com\/es\/wp-json\/wp\/v2\/media\/269938"}],"wp:attachment":[{"href":"https:\/\/www.europesays.com\/es\/wp-json\/wp\/v2\/media?parent=269937"}],"wp:term":[{"taxonomy":"category","embeddable":true,"href":"https:\/\/www.europesays.com\/es\/wp-json\/wp\/v2\/categories?post=269937"},{"taxonomy":"post_tag","embeddable":true,"href":"https:\/\/www.europesays.com\/es\/wp-json\/wp\/v2\/tags?post=269937"}],"curies":[{"name":"wp","href":"https:\/\/api.w.org\/{rel}","templated":true}]}}