{"id":269939,"date":"2025-12-04T01:30:17","date_gmt":"2025-12-04T01:30:17","guid":{"rendered":"https:\/\/www.europesays.com\/es\/269939\/"},"modified":"2025-12-04T01:30:17","modified_gmt":"2025-12-04T01:30:17","slug":"triunfo-hace-unos-meses-en-telecinco-y-ahora-es-top-4-entre-las-series-mas-vistas-de-netflix-en-espana","status":"publish","type":"post","link":"https:\/\/www.europesays.com\/es\/269939\/","title":{"rendered":"Triunf\u00f3 hace unos meses en Telecinco y ahora es Top 4 entre las series m\u00e1s vistas de Netflix en Espa\u00f1a"},"content":{"rendered":"<p data-gtm-element-container=\"modulo-texto-link\" class=\"paragraph\">Telecinco ha apostado por nuevos estrenos, tambi\u00e9n en el territorio de la ficci\u00f3n. La cadena estren\u00f3 en marzo <strong>&#8216;La Favorita 1922&#8217;,<\/strong> una serie de \u00e9poca de dos temporadas. Tras convertirse en el mejor estreno en share de una serie en televisi\u00f3n desde 2022, ahora ha llegado a Netflix y <strong>ya se encuentra en el Top 4 m\u00e1s visto en Espa\u00f1a.<\/strong><\/p>\n<p>                <img loading=\"lazy\" decoding=\"async\" data-full-src=\"https:\/\/www.mundodeportivo.com\/uploads\/2025\/04\/26\/680cf84f7d47c.jpeg\" alt=\"'La Favorita 1922'\" width=\"449\" height=\"267\" src=\"https:\/\/www.europesays.com\/es\/wp-content\/uploads\/2025\/12\/680cf84f7d47c.jpeg\" class=\"lazy\"\/><\/p>\n<p class=\"caption-title \">&#8216;La Favorita 1922&#8217;<\/p>\n<p>                    Mediaset<\/p>\n<p data-gtm-element-container=\"modulo-texto-link\" class=\"paragraph\">Protagonizada por <strong>Ver\u00f3nica S\u00e1nchez y Luis Fern\u00e1ndez,<\/strong> y con la participaci\u00f3n de Andrea Duro, Maribel Salas, Elena Maroto, <strong>Raquel Querol<\/strong>, Fernando Cayo, Joel S\u00e1nchez y <strong>Javier Lago<\/strong>, entre otros int\u00e9rpretes, \u2018La Favorita 1922\u2019 es una creaci\u00f3n original de<strong> Ram\u00f3n Campos, Gema R. Neira, Paula Fern\u00e1ndez y Curro Serrano<\/strong>, con Josep Cister Rubio como productor ejecutivo.<\/p>\n<p>Sinopsis de &#8216;La Favorita 1922&#8217;<\/p>\n<p data-gtm-element-container=\"modulo-texto-link\" class=\"paragraph\">En Sevilla en 1922, la marquesa <strong>Elena de Valmonte <\/strong>(Ver\u00f3nica S\u00e1nchez), una mujer culta y de posici\u00f3n privilegiada, pasa horas en los fogones junto al servicio volcando su energ\u00eda en su gran pasi\u00f3n, cocinar, mientras se siente atrapada en un matrimonio infeliz con Adolfo, su autoritario marido que la menosprecia a la menor ocasi\u00f3n, y anhela llevar otra vida. Una noche, tras ofrecer una de sus famosas cenas en su palacete, Elena y Cecilia (Raquel Querol), su fiel doncella,<strong> se ven envueltas en un desafortunado incidente que cambiar\u00e1 sus vidas para siempre.<\/strong><\/p>\n<p>                <img loading=\"lazy\" decoding=\"async\" data-full-src=\"https:\/\/www.mundodeportivo.com\/uploads\/2025\/04\/26\/680cf84a57efe.jpeg\" alt=\"'La Favorita 1922'\" width=\"449\" height=\"267\" src=\"https:\/\/www.europesays.com\/es\/wp-content\/uploads\/2025\/12\/680cf84a57efe.jpeg\" class=\"lazy\"\/><\/p>\n<p class=\"caption-title \">&#8216;La Favorita 1922&#8217;<\/p>\n<p>                    Mediaset<\/p>\n<p data-gtm-element-container=\"modulo-texto-link\" class=\"paragraph\">Convertidas en fugitivas, llegan a Madrid y se refugian en el local de un restaurante cerrado hace a\u00f1os. Tras recorrer sus fogones,<strong> Elena se plantea reabrirlo y convertirlo en uno de los mejores de la ciudad<\/strong>. En su empe\u00f1o por lograr su sue\u00f1o empresarial, contacta con Julio (Luis Fern\u00e1ndez), el apuesto propietario del establecimiento, que le alquila el restaurante sin informarla de la letra peque\u00f1a. Decididas, Elena y Cecilia <strong>emprenden la b\u00fasqueda del equipo entre las mejores cocineras y criadas del pa\u00eds<\/strong>, escogiendo a Ana Ferrer (Andrea Duro) como jefa de sala; Lourdes Mendieta (Maribel Salas) como cocinera; y Rosa (Elena Maroto) como repostera.<\/p>\n<p>    Lee tambi\u00e9n<\/p>\n<p data-gtm-element-container=\"modulo-texto-link\" class=\"paragraph\">Ilusionadas con la nueva oportunidad que les brinda la vida, las cinco mujeres reabren el restaurante con el nombre de \u2018La Favorita Bistr\u00f3\u2019, donde entre guisos y recetas<strong> dar\u00e1n lo mejor de s\u00ed mismas, compartir\u00e1n secretos, conocer\u00e1n el amor y descubrir\u00e1n que hace falta mucho m\u00e1s que talento y ganas para mantener el restaurante a flote.<\/strong> Porque quiz\u00e1s los problemas no han acabado, sino que no han hecho m\u00e1s que empezar\u2026<\/p>\n","protected":false},"excerpt":{"rendered":"Telecinco ha apostado por nuevos estrenos, tambi\u00e9n en el territorio de la ficci\u00f3n. La cadena estren\u00f3 en marzo&hellip;\n","protected":false},"author":2,"featured_media":269940,"comment_status":"","ping_status":"","sticky":false,"template":"","format":"standard","meta":{"footnotes":""},"categories":[171],"tags":[146,147,25,24,23,214],"class_list":{"0":"post-269939","1":"post","2":"type-post","3":"status-publish","4":"format-standard","5":"has-post-thumbnail","7":"category-tv","8":"tag-entertainment","9":"tag-entretenimiento","10":"tag-es","11":"tag-espana","12":"tag-spain","13":"tag-tv"},"share_on_mastodon":{"url":"https:\/\/pubeurope.com\/@es\/115658714763830505","error":""},"_links":{"self":[{"href":"https:\/\/www.europesays.com\/es\/wp-json\/wp\/v2\/posts\/269939","targetHints":{"allow":["GET"]}}],"collection":[{"href":"https:\/\/www.europesays.com\/es\/wp-json\/wp\/v2\/posts"}],"about":[{"href":"https:\/\/www.europesays.com\/es\/wp-json\/wp\/v2\/types\/post"}],"author":[{"embeddable":true,"href":"https:\/\/www.europesays.com\/es\/wp-json\/wp\/v2\/users\/2"}],"replies":[{"embeddable":true,"href":"https:\/\/www.europesays.com\/es\/wp-json\/wp\/v2\/comments?post=269939"}],"version-history":[{"count":0,"href":"https:\/\/www.europesays.com\/es\/wp-json\/wp\/v2\/posts\/269939\/revisions"}],"wp:featuredmedia":[{"embeddable":true,"href":"https:\/\/www.europesays.com\/es\/wp-json\/wp\/v2\/media\/269940"}],"wp:attachment":[{"href":"https:\/\/www.europesays.com\/es\/wp-json\/wp\/v2\/media?parent=269939"}],"wp:term":[{"taxonomy":"category","embeddable":true,"href":"https:\/\/www.europesays.com\/es\/wp-json\/wp\/v2\/categories?post=269939"},{"taxonomy":"post_tag","embeddable":true,"href":"https:\/\/www.europesays.com\/es\/wp-json\/wp\/v2\/tags?post=269939"}],"curies":[{"name":"wp","href":"https:\/\/api.w.org\/{rel}","templated":true}]}}