{"id":269941,"date":"2025-12-04T01:32:16","date_gmt":"2025-12-04T01:32:16","guid":{"rendered":"https:\/\/www.europesays.com\/es\/269941\/"},"modified":"2025-12-04T01:32:16","modified_gmt":"2025-12-04T01:32:16","slug":"james-cameron-asegura-que-no-hay-una-nueva-pelicula-de-terminator-por-culpa-de-la-situacion-actual","status":"publish","type":"post","link":"https:\/\/www.europesays.com\/es\/269941\/","title":{"rendered":"James Cameron asegura que no hay una nueva pel\u00edcula de Terminator por culpa de la situaci\u00f3n actual"},"content":{"rendered":"<p>Ya han pasado seis a\u00f1os desde que la saga <strong>Terminator <\/strong>lanz\u00f3 su \u00faltima pel\u00edcula, que, si bien no fue la panacea, s\u00ed que fue bastante entretenida. Ahora,<strong> James Cameron<\/strong> est\u00e1 buscando una nueva idea para la pr\u00f3xima pel\u00edcula de la franquicia, pero tiene un gran problema: el mundo real.<\/p>\n<p>A trav\u00e9s de una entrevista con el medio estadounidense <a rel=\"noopener, noreferrer nofollow\" href=\"https:\/\/gizmodo.com\/james-cameron-new-terminator-film-reality-2000694235\" target=\"_blank\">Gizmodo<\/a>, el legendario cineasta canadiense explic\u00f3 que todas las ideas que le han surgido sobre la cinta ya son reales, lo que <strong>le dificulta bastante pensar en algo novedoso <\/strong>que siga siendo igual de premonitorio que su cinta de 1984.<\/p>\n<blockquote><p>\u00abVivimos en un mundo de ciencia ficci\u00f3n y, literalmente, nos enfrentamos a problemas que antes solo exist\u00edan en libros y pel\u00edculas de ciencia ficci\u00f3n. Ahora lo vivimos de verdad. Nunca ser\u00e9 tan previsor como lo fui en 1984 al imaginar esto, porque no creo que nadie sepa qu\u00e9 pasar\u00e1 dentro de uno o dos a\u00f1os\u00bb.<\/p><\/blockquote>\n<p>    <a href=\"https:\/\/www.vidaextra.com\/juegos-retro\/32x-sega-periferico-mega-drive-pretensiones-ser-autentico-salto-generacional\" class=\"pivot-outboundlink\" data-vars-post-title=\"El 32X de SEGA, el perif\u00e9rico de Mega Drive con las pretensiones de ser un aut\u00e9ntico salto generacional\" rel=\"nofollow noopener\" target=\"_blank\"><br \/>\n     <img loading=\"lazy\" decoding=\"async\" alt=\"El 32X de SEGA, el perif\u00e9rico de Mega Drive con las pretensiones de ser un aut\u00e9ntico salto generacional\" width=\"375\" height=\"142\" src=\"https:\/\/i.blogs.es\/532431\/knuckles-32x\/375_142.webp\" onerror=\"this.src=\" https:=\"\"\/><br \/>\n    <\/a><\/p>\n<p>Tal y como cuenta el director, el mundo actual ha llegado a tal punto de utop\u00eda de ciencia ficci\u00f3n que ya es dif\u00edcil pensar en alguna trama que involucre esta tecnolog\u00eda que no se haya pensado ya, algo que tambi\u00e9n le preocupa porque no sabe hacia d\u00f3nde se dirigir\u00e1 el mundo en el futuro con el avance de las <strong>inteligencias artificiales<\/strong>.<\/p>\n<p>Desde luego, lo que un d\u00eda parec\u00eda algo hipot\u00e9tico se ha vuelto una realidad, pero aun as\u00ed, creo que hay ideas suficientes que sacar de esta \u00e9poca que puedan adecuarse para una pel\u00edcula de acci\u00f3n protagonizada por un robot exterminador, que busca asesinar o ayudar a alg\u00fan miembro de la <strong>familia Connor<\/strong>.<\/p>\n<p>En VidaExtra | <a class=\"text-outboundlink\" href=\"https:\/\/www.vidaextra.com\/cine\/que-29-agosto-autentico-dia-juicio-final-verdad-mito-punto-inflexion-saga-terminator\" data-vars-post-title=\"Por qu\u00e9 el 29 de agosto es el aut\u00e9ntico d\u00eda del Juicio Final: la rebeli\u00f3n de las m\u00e1quinas en Terminator siempre fue inevitable\" data-vars-post-url=\"https:\/\/www.vidaextra.com\/cine\/que-29-agosto-autentico-dia-juicio-final-verdad-mito-punto-inflexion-saga-terminator\" target=\"_blank\" rel=\"nofollow noopener\">Por qu\u00e9 el 29 de agosto es el aut\u00e9ntico d\u00eda del Juicio Final: la rebeli\u00f3n de las m\u00e1quinas en Terminator siempre fue inevitable<\/a><\/p>\n<p>En VidaExtra | <a class=\"text-outboundlink\" href=\"https:\/\/www.vidaextra.com\/accion\/jamas-imagine-que-este-juego-divertido-fuese-a-utilizar-mi-escena-favorita-terminator-2-para-atormentarme-durante-rato\" data-vars-post-title=\"Jam\u00e1s imagin\u00e9 que este juego tan divertido fuese a utilizar mi escena favorita de Terminator 2 para atormentarme durante un rato\" data-vars-post-url=\"https:\/\/www.vidaextra.com\/accion\/jamas-imagine-que-este-juego-divertido-fuese-a-utilizar-mi-escena-favorita-terminator-2-para-atormentarme-durante-rato\" target=\"_blank\" rel=\"nofollow noopener\">Jam\u00e1s imagin\u00e9 que este juego tan divertido fuese a utilizar mi escena favorita de Terminator 2 para atormentarme durante un rato<\/a><\/p>\n","protected":false},"excerpt":{"rendered":"Ya han pasado seis a\u00f1os desde que la saga Terminator lanz\u00f3 su \u00faltima pel\u00edcula, que, si bien no&hellip;\n","protected":false},"author":2,"featured_media":269942,"comment_status":"","ping_status":"","sticky":false,"template":"","format":"standard","meta":{"footnotes":""},"categories":[169],"tags":[177,146,147,25,24,176,175,23],"class_list":{"0":"post-269941","1":"post","2":"type-post","3":"status-publish","4":"format-standard","5":"has-post-thumbnail","7":"category-cine","8":"tag-cine","9":"tag-entertainment","10":"tag-entretenimiento","11":"tag-es","12":"tag-espana","13":"tag-film","14":"tag-movies","15":"tag-spain"},"share_on_mastodon":{"url":"https:\/\/pubeurope.com\/@es\/115658722344154203","error":""},"_links":{"self":[{"href":"https:\/\/www.europesays.com\/es\/wp-json\/wp\/v2\/posts\/269941","targetHints":{"allow":["GET"]}}],"collection":[{"href":"https:\/\/www.europesays.com\/es\/wp-json\/wp\/v2\/posts"}],"about":[{"href":"https:\/\/www.europesays.com\/es\/wp-json\/wp\/v2\/types\/post"}],"author":[{"embeddable":true,"href":"https:\/\/www.europesays.com\/es\/wp-json\/wp\/v2\/users\/2"}],"replies":[{"embeddable":true,"href":"https:\/\/www.europesays.com\/es\/wp-json\/wp\/v2\/comments?post=269941"}],"version-history":[{"count":0,"href":"https:\/\/www.europesays.com\/es\/wp-json\/wp\/v2\/posts\/269941\/revisions"}],"wp:featuredmedia":[{"embeddable":true,"href":"https:\/\/www.europesays.com\/es\/wp-json\/wp\/v2\/media\/269942"}],"wp:attachment":[{"href":"https:\/\/www.europesays.com\/es\/wp-json\/wp\/v2\/media?parent=269941"}],"wp:term":[{"taxonomy":"category","embeddable":true,"href":"https:\/\/www.europesays.com\/es\/wp-json\/wp\/v2\/categories?post=269941"},{"taxonomy":"post_tag","embeddable":true,"href":"https:\/\/www.europesays.com\/es\/wp-json\/wp\/v2\/tags?post=269941"}],"curies":[{"name":"wp","href":"https:\/\/api.w.org\/{rel}","templated":true}]}}