{"id":269945,"date":"2025-12-04T01:35:12","date_gmt":"2025-12-04T01:35:12","guid":{"rendered":"https:\/\/www.europesays.com\/es\/269945\/"},"modified":"2025-12-04T01:35:12","modified_gmt":"2025-12-04T01:35:12","slug":"el-medico-que-suministro-ketamina-a-matthew-perry-condenado-a-dos-anos-y-medio-de-prision","status":"publish","type":"post","link":"https:\/\/www.europesays.com\/es\/269945\/","title":{"rendered":"El m\u00e9dico que suministr\u00f3 ketamina a Matthew Perry, condenado a dos a\u00f1os y medio de prisi\u00f3n"},"content":{"rendered":"<p class=\"article-text\">\n        El doctor Salvador Plasencia ha sido condenado este mi\u00e9rcoles a dos a\u00f1os y medio de prisi\u00f3n por haber suministrado grandes cantidades de ketamina al actor Matthew Perry. Plasencia, conocido como Dr. P., es el primero de los cinco acusados por la muerte del actor de Friends en ser condenado.\n    <\/p>\n<p class=\"article-text\">\n        Perry, que interpret\u00f3 a Chandler Bing en la popular serie de televisi\u00f3n, muri\u00f3 en octubre de 2023, a los 54 a\u00f1os. El actor hab\u00eda hablado durante su \u00faltimo a\u00f1o de vida de su adicci\u00f3n a las drogas y el alcohol. \u201cMe he gastado m\u00e1s de siete millones de d\u00f3lares para intentar mantenerme sobrio\u201d, cont\u00f3 en su autobiograf\u00eda Amigos, amantes y aquello tan terrible.\n    <\/p>\n<p class=\"article-text\">\n        Casi un a\u00f1o despu\u00e9s de su muerte, las autoridades de California aseguraron que Perry hab\u00eda sido v\u00edctima de una red clandestina de distribuci\u00f3n de ketamina. \u201cLa investigaci\u00f3n ha revelado la existencia de una amplia red criminal clandestina responsable de la distribuci\u00f3n de grandes cantidades de ketamina al se\u00f1or Perry y otros\u201d, asegur\u00f3 entonces el fiscal para el Distrito Central de California. Hablaban ya de cinco imputados.\n    <\/p>\n<p>            <img decoding=\"async\" class=\"lazy\" loading=\"lazy\" data-src=\"https:\/\/static.eldiario.es\/clip\/c134168b-4199-4ff1-a1a3-ade00000cc80_16-9-discover-aspect-ratio_default_0_x3814y2485.jpg\" src=\"data:image\/svg+xml,%3Csvg xmlns=\" http:=\"\" viewbox=\"0 0 1200 675\" alt=\"Salvador Plasencia, primer condenado por la muerte de Matthew Perry, llegando a los juzgados de Los \u00c1ngeles.\"\/><\/p>\n<p class=\"article-text\">\n        El doctor Plasencia, que dirig\u00eda una cl\u00ednica de urgencias a las afueras de Los \u00c1ngeles, reconoci\u00f3 el pasado mes de junio su participaci\u00f3n en la muerte del actor. Ante un tribunal federal asumi\u00f3 su responsabilidad en cuatro delitos graves por la distribuci\u00f3n ilegal del anest\u00e9sico.\n    <\/p>\n<p class=\"article-text\">\n        Los otros cuatro acusados, el m\u00e9dico Mark Chavez; Kenneth Iwamasa, la asistente personal de Perry; el supuesto proveedor de la droga, Erik Fleming; y Jasveen Sangha, conocida como la &#8216;reina de la ketamina&#8217;, fueron aceptando tambi\u00e9n declararse culpables.\n    <\/p>\n<p class=\"article-text\">\n        Perry muri\u00f3 en su casa de Los \u00c1ngeles. Su autopsia revel\u00f3 que fue por los efectos de \u201clos altos niveles de ketamina\u201d hallados en sus muestras de sangre post mortem.\n    <\/p>\n<p>    <a href=\"https:\/\/www.eldiario.es\/cultura\/libros\/matthew-perry-friends-alcohol-drogas-hospitales-infierno_1_9839695.html\" data-mrf-recirculation=\"saber-mas-abajo\" data-dl-event=\"saber-mas-abajo\" rel=\"nofollow noopener\" target=\"_blank\"><\/p>\n<p class=\"know-more__title\">Alcohol, drogas y hospitales: el infierno de Matthew Perry m\u00e1s all\u00e1 de &#8216;Friends&#8217;<\/p>\n<p>            <img decoding=\"async\" class=\"lazy\" loading=\"lazy\" data-src=\"https:\/\/static.eldiario.es\/clip\/990342ec-e9d1-4398-83db-09d28eb2d7a1_16-9-aspect-ratio_default_0.jpg\" src=\"data:image\/svg+xml,%3Csvg xmlns=\" http:=\"\" viewbox=\"0 0 880 495\" alt=\"Alcohol, drogas y hospitales: el infierno de Matthew Perry m\u00e1s all\u00e1 de 'Friends'\"\/><\/p>\n<p>                        <\/a><\/p>\n<p class=\"article-text\">\n        Seg\u00fan las autoridades del caso, el actor obtuvo la ketamina que termin\u00f3 con su vida de Sangha, Plasencia proporcion\u00f3 la jeringuilla y sus asistente personal inyect\u00f3 al droga al actor.\n    <\/p>\n","protected":false},"excerpt":{"rendered":"El doctor Salvador Plasencia ha sido condenado este mi\u00e9rcoles a dos a\u00f1os y medio de prisi\u00f3n por haber&hellip;\n","protected":false},"author":2,"featured_media":269946,"comment_status":"","ping_status":"","sticky":false,"template":"","format":"standard","meta":{"footnotes":""},"categories":[91],"tags":[988,25174,13653,146,147,25,24,24648,3294,12685,6016,697,8647,1249,16733,2256,23],"class_list":{"0":"post-269945","1":"post","2":"type-post","3":"status-publish","4":"format-standard","5":"has-post-thumbnail","7":"category-entretenimiento","8":"tag-anos","9":"tag-condenado","10":"tag-dio","11":"tag-entertainment","12":"tag-entretenimiento","13":"tag-es","14":"tag-espana","15":"tag-ketamina","16":"tag-le","17":"tag-matthew","18":"tag-medicos","19":"tag-medio","20":"tag-perry","21":"tag-plasencia","22":"tag-prision","23":"tag-salvador","24":"tag-spain"},"share_on_mastodon":{"url":"https:\/\/pubeurope.com\/@es\/115658733859680393","error":""},"_links":{"self":[{"href":"https:\/\/www.europesays.com\/es\/wp-json\/wp\/v2\/posts\/269945","targetHints":{"allow":["GET"]}}],"collection":[{"href":"https:\/\/www.europesays.com\/es\/wp-json\/wp\/v2\/posts"}],"about":[{"href":"https:\/\/www.europesays.com\/es\/wp-json\/wp\/v2\/types\/post"}],"author":[{"embeddable":true,"href":"https:\/\/www.europesays.com\/es\/wp-json\/wp\/v2\/users\/2"}],"replies":[{"embeddable":true,"href":"https:\/\/www.europesays.com\/es\/wp-json\/wp\/v2\/comments?post=269945"}],"version-history":[{"count":0,"href":"https:\/\/www.europesays.com\/es\/wp-json\/wp\/v2\/posts\/269945\/revisions"}],"wp:featuredmedia":[{"embeddable":true,"href":"https:\/\/www.europesays.com\/es\/wp-json\/wp\/v2\/media\/269946"}],"wp:attachment":[{"href":"https:\/\/www.europesays.com\/es\/wp-json\/wp\/v2\/media?parent=269945"}],"wp:term":[{"taxonomy":"category","embeddable":true,"href":"https:\/\/www.europesays.com\/es\/wp-json\/wp\/v2\/categories?post=269945"},{"taxonomy":"post_tag","embeddable":true,"href":"https:\/\/www.europesays.com\/es\/wp-json\/wp\/v2\/tags?post=269945"}],"curies":[{"name":"wp","href":"https:\/\/api.w.org\/{rel}","templated":true}]}}