{"id":269951,"date":"2025-12-04T01:40:12","date_gmt":"2025-12-04T01:40:12","guid":{"rendered":"https:\/\/www.europesays.com\/es\/269951\/"},"modified":"2025-12-04T01:40:12","modified_gmt":"2025-12-04T01:40:12","slug":"el-desmantelamiento-de-la-uco-coincidira-con-el-tramo-judicial-decisivo-de-pedro-sanchez","status":"publish","type":"post","link":"https:\/\/www.europesays.com\/es\/269951\/","title":{"rendered":"El desmantelamiento de la UCO coincidir\u00e1 con el tramo judicial decisivo de Pedro S\u00e1nchez"},"content":{"rendered":"<p style=\"\">Los ascensos de Rafael Yuste y Antonio Balas dejan a la <strong>Unidad Central Operativa (UCO) de la Guardia Civil<\/strong> sin sus dos nombres m\u00e1s ilustres. Estos dos profesionales abandonan sus funciones con el sentimiento del deber cumplido pero con el <a href=\"https:\/\/www.abc.es\/espana\/supremo-cita-peritos-guardia-civil-cerdan-valorar-20251201163234-nt.html\" target=\"_self\" data-voc-vtm-id=\"in-text-traffic\" title=\"caso Koldo\" data-mrf-link=\"www.abc.es\" rel=\"nofollow noopener\">caso Koldo<\/a> sin  &#8230; terminar. La sombra del miedo a posibles presiones del Gobierno est\u00e1 en el aire, seg\u00fan informan fuentes de las asociaciones a ABC.<\/p>\n<p class=\"voc-p\" style=\"\">El relevo de Yuste se produce ahora pese a que el Ejecutivo ten\u00eda hasta junio de 2026 para llevarlo a cabo. Nadie en el Ejecutivo ha aclarado los motivos de adelantar el relevo. El de Balas ni siquiera estaba del todo previsto y se producir\u00e1 en marzo, la \u00e9poca del a\u00f1o en la que est\u00e1n m\u00e1s candentes diversos procesos judiciales como el del hermano del presidente, su esposa Bego\u00f1a G\u00f3mez o el caso de hidrocarburos.<\/p>\n<p class=\"voc-p\" style=\"\">Hay que recordar adem\u00e1s que el relevo de Balas se producir\u00e1 despu\u00e9s de que la \u00abfontanera\u00bb del PSOE, Leire D\u00edez, llegase a afirmar en su momento, en una reuni\u00f3n celebrada entre ella, el empresario Hamlyn y P\u00e9rez Dolset, que \u00absi Balas est\u00e1 muerto, mejor\u00bb.<\/p>\n<p class=\"voc-p\" style=\"\">La promoci\u00f3n de ambos era un secreto a voces desde hace tiempo. Yuste ya ha pasado a ostentar el grado de <strong>general<\/strong> mientras que a Balas a\u00fan le quedan unos meses para ascender a<strong> coronel<\/strong>, aunque su marcha tambi\u00e9n se da por hecha. Las fuentes consultadas por ABC fijan su ascenso en la pr\u00f3xima primavera.<\/p>\n<p class=\"voc-p\" style=\"\">Ambos dejar\u00e1n sus puestos sin formalizarse las diligencias que han practicado tales como el caso de Bego\u00f1a G\u00f3mez, David S\u00e1nchez o la trama de los hidrocarburos de V\u00edctor de Aldama. El juicio que est\u00e1 m\u00e1s pr\u00f3ximo en el tiempo es el que implica a Jos\u00e9 Luis \u00c1balos y a Koldo Garc\u00eda en el Tribunal Supremo por el caso mascarillas.<\/p>\n<p>\nBalas tambi\u00e9n ascender\u00e1 en primavera\n<\/p>\n<p class=\"voc-p\" style=\"\">El final de esta etapa se ve con recelo y cautela entre las diferentes asociaciones por el futuro incierto que tienen por delante. Yuste y Balas han promovido en la UCO la autonom\u00eda de trabajo y una burbuja contra las filtraciones a pesar de los complejos casos que han tenido por delante y que a\u00fan no han terminado.<\/p>\n<p class=\"voc-p\" style=\"\">Han conseguido que sus subordinados se evadan de la presi\u00f3n medi\u00e1tica. Tambi\u00e9n se han alejado de las posibles injerencias externas de diligencias sobre el entorno del <strong>presidente del Gobierno Pedro S\u00e1nchez<\/strong>. Tampoco ha sido f\u00e1cil lidiar con los momentos de se\u00f1alamientos y presi\u00f3n tras la publicaci\u00f3n de los v\u00eddeos de Leire D\u00edez.<\/p>\n<p class=\"voc-p\" style=\"\">Los movimientos de Balas y sus lugartenientes han sido analizados al mil\u00edmetro por todos los actores interesados. Desde el registro en Servinabar hasta su declaraci\u00f3n en el juicio a<strong> \u00c1lvaro Garc\u00eda Ortiz<\/strong>. Quien conoce de cerca a este teniente coronel sabe que es el primero en acudir a los registros. De ah\u00ed, la importancia de visitar la sede de la empresa del socio de <strong>Santos Cerd\u00e1n<\/strong>. Uno de los momentos que m\u00e1s se difundieron por los medios de comunicaci\u00f3n fue su imagen trasladando cajas con documentaci\u00f3n a los coches del Instituto Armado.<\/p>\n<p><img decoding=\"async\" loading=\"lazy\" src=\"https:\/\/www.europesays.com\/es\/wp-content\/uploads\/2025\/12\/1437851426-U07455128712dgP-760x427@diario_abc.jpg\" class=\"voc-img\" width=\"760\" height=\"427\" alt=\"Agendes de la Unidad Central Operativa (UCO) de la Guardia Civil\" data-voc-vtm-id=\"in-text-traffic\"\/><\/p>\n<p>Agendes de la Unidad Central Operativa (UCO) de la Guardia Civil<\/p>\n<p>EFE<\/p>\n<p class=\"voc-p\" style=\"\">Con todo ello, nadie se atreve a pronosticar los nombres candidatos a comandar esta nueva etapa en la UCO. Las claves solo las conocen <strong>Fernando Grande-Marlaska<\/strong> y <strong>Mercedes Gonz\u00e1lez<\/strong>. Despu\u00e9s, el puesto tiene que ser confirmado por el Ministerio de Defensa de Margarita Robles. Los elegidos tendr\u00e1n la complicada labor de seguir con el cometido de Yuste y Balas e intentar desvincularse de la presi\u00f3n medi\u00e1tica de un cargo que supone estar en el candelero.<\/p>\n<p class=\"voc-p\" style=\"\">Hasta que se conozca el nombre de sus relevos, ser\u00e1 el <strong>coronel Guti\u00e9rrez<\/strong> el jefe accidental de la UCO. Un tr\u00e1nsito que est\u00e1 previsto que no sea durante un largo periodo ya que este mando tambi\u00e9n tendr\u00e1 que elegir destino porque acaba de formalizarse su ascenso.<\/p>\n<p>\nMiedo a las presiones del Gobierno\n<\/p>\n<p class=\"voc-p\" style=\"\">Y es que aparecer en las quinielas p\u00fablicas no es buena se\u00f1al de cara a la confirmaci\u00f3n del puesto. Las asociaciones de la Guardia Civil temen que el Gobierno quiera ubicar en estos puestos a personas m\u00e1s afines. La sombra de las <strong>injerencias y las presiones<\/strong> es el temor que tienen los agentes, seg\u00fan fuentes de las entidades que representan a este colectivo.<\/p>\n<p class=\"voc-p\" style=\"\">Sin embargo, todas estas plataformas destacan el \u00abimpecable trabajo\u00bb que est\u00e1n realizando los agentes de la unidad que llevan meses, sino a\u00f1os, en el foco de lo que ellos denominan como un<strong> \u00abterremoto medi\u00e1tico\u00bb<\/strong>. En muchas ocasiones, se han llegado a sentir solos en la vor\u00e1gine de las informaciones que iban viendo la luz de distinto signo pol\u00edtico. Con todo ello, destacan que la profesionalidad y la vocaci\u00f3n de servicio p\u00fablico ha estado lejos de toda duda.<\/p>\n<p class=\"voc-p\" style=\"\">Yuste Arenillas asumi\u00f3 la jefatura de la UCO en junio de 2023, tras la vacante que dej\u00f3 el anterior responsable, Alfonso Alberto L\u00f3pez Malo, quien fue ascendido a general de brigada y pas\u00f3 a dirigir la Jefatura de Polic\u00eda Judicial. El nombramiento de Yuste fue firmado por el ministro del Interior, Fernando Grande-Marlaska, y publicado en el <strong>Bolet\u00edn Oficial de la Guardia Civil<\/strong>, atendiendo a la propuesta del director general del Instituto Armado, Leonardo Marcos.<\/p>\n<p class=\"voc-p\" style=\"\">La trayectoria de Yuste Arenillas es amplia y reconocida dentro de la Guardia Civil. Antes de ponerse al frente de la UCO, estuvo destinado en el Estado Mayor y fue jefe del Grupo de Apoyo Operativo (GAO), una unidad clave para operaciones complejas. Adem\u00e1s, cuenta con una dilatada experiencia en la<strong> Jefatura de Informaci\u00f3n<\/strong> y ha desempe\u00f1ado funciones relevantes en la gesti\u00f3n y planificaci\u00f3n del cuerpo, lo que le ha granjeado prestigio entre sus compa\u00f1eros. Las fuentes consultadas por ABC pronostican que Yuste pasar\u00e1 a desempe\u00f1ar alg\u00fan puesto de gesti\u00f3n en la Direcci\u00f3n General del Instituto Armado.<\/p>\n<p class=\"voc-p\" style=\"\">Por su parte, Balas asumi\u00f3 en 2020 la direcci\u00f3n del <strong>Departamento de Delincuencia Econ\u00f3mica<\/strong> de la Unidad Central Operativa (UCO). Ha participado en investigaciones de alto perfil que han implicado a figuras pol\u00edticas de diversos partidos en famosos casos de corrupci\u00f3n como las operaciones P\u00fanica, Lezo o Erial y el Caso ERE en Andaluc\u00eda.<\/p>\n<p class=\"voc-pretitle\">Relevo en la UCO<\/p>\n<p class=\"voc-title\">\u00abMi grupo es el m\u00e1s potente\u00bb<\/p>\n<p class=\"voc-article-position__name\">Antonio Balas <\/p>\n<p class=\"voc-article-position__employ\">Teniente coronel de la Guardia Civil<\/p>\n<p class=\"voc-p\" style=\"\">\u00ab<strong>Mi grupo es el m\u00e1s potente<\/strong>\u00bb, lleg\u00f3 a confesar en unas jornadas donde departi\u00f3 sobre su especialidad. Tiene en su uniforme casi una veintena de condecoraciones como ejemplo de los complejos casos que ha desarrollado a lo largo de su carrera.<\/p>\n<p class=\"voc-p\" style=\"\">El por ahora teniente coronel tiene contacto directo con Leopoldo Puente y Alejandro Luz\u00f3n, con los que se re\u00fane de forma peri\u00f3dica para detallarles los avances que tiene su equipo en las diligencias del caso Koldo. Una pr\u00e1ctica que se enmarca en la m\u00e1s absoluta normalidad de seguir de cerca los casos que tienen sobre la mesa. Precisamente, esta ha sido la investigaci\u00f3n en la que m\u00e1s horas han empleado.<\/p>\n<p>\nUn ascenso dentro de la \u00abnormalidad\u00bb\n<\/p>\n<p class=\"voc-p\" style=\"\">Sobre el ascenso a general de brigada del coronel Rafael Yuste, la portavoz del Ejecutivo, Pilar Alegr\u00eda, defendi\u00f3 este procedimiento en la rueda de prensa tras el Consejo de Ministros. \u00abEs un proceso que entra<strong> dentro de la normalidad<\/strong> por el ascenso junto con otros coroneles a general de brigada\u00bb, se ha limit\u00f3 a contestar Alegr\u00eda.<\/p>\n<p class=\"voc-p\" style=\"\">Fuentes de la Guardia Civil explicaron a EFE el caso de Yuste, que cumpl\u00eda con los requisitos exigidos para alcanzar el grado de general, se enmarca dentro de los procedimientos normales de relevos en el instituto armado.<\/p>\n<p class=\"voc-p\" style=\"\">Precisamente, tres coroneles han ascendido ya a general dentro de ese ciclo: uno en agosto y dos en octubre. Ahora le ha correspondido a Yuste, con el n\u00famero 1, y a otro coronel, con el n\u00famero 2 de esta promoci\u00f3n. Una circunstancia que se repetir\u00e1 en los pr\u00f3ximos meses cuando Balas ascienda al rango de coronel y tenga que cambiar de destino y dejar la UCO.<\/p>\n","protected":false},"excerpt":{"rendered":"Los ascensos de Rafael Yuste y Antonio Balas dejan a la Unidad Central Operativa (UCO) de la Guardia&hellip;\n","protected":false},"author":2,"featured_media":269952,"comment_status":"","ping_status":"","sticky":false,"template":"","format":"standard","meta":{"footnotes":""},"categories":[8],"tags":[17,18,50631,38325,66383,25,24,13,14,11,7531,19,20,9,10,15,16,1822,199,23,12,14238,2155,21,22],"class_list":{"0":"post-269951","1":"post","2":"type-post","3":"status-publish","4":"format-standard","5":"has-post-thumbnail","7":"category-espana","8":"tag-breaking-news","9":"tag-breakingnews","10":"tag-coincidira","11":"tag-decisivo","12":"tag-desmantelamiento","13":"tag-es","14":"tag-espana","15":"tag-featured-news","16":"tag-featurednews","17":"tag-headlines","18":"tag-judicial","19":"tag-latest-news","20":"tag-latestnews","21":"tag-news","22":"tag-noticias","23":"tag-noticias-destacadas","24":"tag-noticiasdestacadas","25":"tag-pedro","26":"tag-sanchez","27":"tag-spain","28":"tag-titulares","29":"tag-tramo","30":"tag-uco","31":"tag-ultimas-noticias","32":"tag-ultimasnoticias"},"share_on_mastodon":{"url":"https:\/\/pubeurope.com\/@es\/115658753952797323","error":""},"_links":{"self":[{"href":"https:\/\/www.europesays.com\/es\/wp-json\/wp\/v2\/posts\/269951","targetHints":{"allow":["GET"]}}],"collection":[{"href":"https:\/\/www.europesays.com\/es\/wp-json\/wp\/v2\/posts"}],"about":[{"href":"https:\/\/www.europesays.com\/es\/wp-json\/wp\/v2\/types\/post"}],"author":[{"embeddable":true,"href":"https:\/\/www.europesays.com\/es\/wp-json\/wp\/v2\/users\/2"}],"replies":[{"embeddable":true,"href":"https:\/\/www.europesays.com\/es\/wp-json\/wp\/v2\/comments?post=269951"}],"version-history":[{"count":0,"href":"https:\/\/www.europesays.com\/es\/wp-json\/wp\/v2\/posts\/269951\/revisions"}],"wp:featuredmedia":[{"embeddable":true,"href":"https:\/\/www.europesays.com\/es\/wp-json\/wp\/v2\/media\/269952"}],"wp:attachment":[{"href":"https:\/\/www.europesays.com\/es\/wp-json\/wp\/v2\/media?parent=269951"}],"wp:term":[{"taxonomy":"category","embeddable":true,"href":"https:\/\/www.europesays.com\/es\/wp-json\/wp\/v2\/categories?post=269951"},{"taxonomy":"post_tag","embeddable":true,"href":"https:\/\/www.europesays.com\/es\/wp-json\/wp\/v2\/tags?post=269951"}],"curies":[{"name":"wp","href":"https:\/\/api.w.org\/{rel}","templated":true}]}}