{"id":269953,"date":"2025-12-04T01:49:39","date_gmt":"2025-12-04T01:49:39","guid":{"rendered":"https:\/\/www.europesays.com\/es\/269953\/"},"modified":"2025-12-04T01:49:39","modified_gmt":"2025-12-04T01:49:39","slug":"tenis-gala-castellon-lo-que-no-se-vio-en-la-gala-del-tenis-provincial","status":"publish","type":"post","link":"https:\/\/www.europesays.com\/es\/269953\/","title":{"rendered":"TENIS GALA, CASTELL\u00d3N Lo que no se vio en la Gala del Tenis provincial"},"content":{"rendered":"<p class=\"ft-text ft-helper-closenews\"><strong>Es la voz del <\/strong><a class=\"ft-link ft-link--decoration\" href=\"https:\/\/www.elperiodicomediterraneo.com\/tags\/tenis\/\" target=\"_blank\" rel=\"nofollow noopener\"><strong>tenis<\/strong><\/a><strong> en <\/strong><a class=\"ft-link ft-link--decoration\" href=\"https:\/\/www.elperiodicomediterraneo.com\/tags\/espana\/\" target=\"_blank\" rel=\"nofollow noopener\"><strong>Espa\u00f1a<\/strong><\/a><strong>.<\/strong> Cuando Carlos Alcaraz en la actualidad o el legendario Rafa Nadal en sus <a class=\"ft-link ft-link--decoration\" href=\"https:\/\/www.elperiodicomediterraneo.com\/tags\/anos\/\" target=\"_blank\" rel=\"nofollow noopener\">a\u00f1os<\/a> de gloria conquistaba sus Grand Slams,<strong> \u00c0lex Corretja era y es uno de los privilegiados<\/strong> que pone palabras a esos momentos hist\u00f3ricos. Magnate de la comunicaci\u00f3n y extenista, <strong>Corretja presume de una brillante trayectoria en las pistas<\/strong>: dos finales de Grand Slam y el t\u00edtulo de las ATP World Tour Finals en 1998. Los m\u00e1s j\u00f3venes no lo vieron en la pista, pero lo disfrutan en <a class=\"ft-link ft-link--decoration\" href=\"https:\/\/www.elperiodicomediterraneo.com\/ocio\/tv\/\" target=\"_blank\" rel=\"nofollow noopener\">televisi\u00f3n<\/a>. Y<strong> el impacto de su figura qued\u00f3 patentado en la Gala del Tenis Provincial de <\/strong><a class=\"ft-link ft-link--decoration\" href=\"https:\/\/www.elperiodicomediterraneo.com\/castello-provincia\/\" target=\"_blank\" rel=\"nofollow noopener\"><strong>Castell\u00f3n<\/strong><\/a><strong>, <\/strong>celebrada el martes en la <a class=\"ft-link ft-link--decoration\" href=\"https:\/\/www.elperiodicomediterraneo.com\/tags\/universitat-jaume-i\/\" target=\"_blank\" rel=\"nofollow noopener\">UJI<\/a>.<\/p>\n<p class=\"ft-text\">Un evento divertido y ameno donde se vivieron momentos muy emotivos. Corretja, al igual que sus grandes golpes cuando jugaba,<strong> cogi\u00f3 el micr\u00f3fono y dio un aut\u00e9ntico recital,<\/strong> dejando boquiabiertos a los asistentes con su brillante comunicaci\u00f3n y su sentido del humor. Entrevist\u00f3 a los campeones del Circuito Provincial y grab\u00f3 con ellos un v\u00eddeo selfi que gust\u00f3 mucho a los premiados.<\/p>\n<p><img decoding=\"async\" src=\"https:\/\/www.europesays.com\/es\/wp-content\/uploads\/2025\/12\/c94a0bac-22b3-4cf0-bb48-53f50d344640_alta-libre-aspect-ratio_default_0.jpg\" width=\"1200\" height=\"800\" alt=\"El mago Yunke actuaba en diferentes momentos de la gala sorprendiendo a ni\u00f1os y mayores con sus trucos.\" class=\"ft-helper-img-rd\" loading=\"lazy\"\/><\/p>\n<p class=\"ft-helper-fontColor-quaternary ft-helper-fontSize-body-S ft-helper-spacer-t-xxs\">El mago Yunke actuaba en diferentes momentos de la gala sorprendiendo a ni\u00f1os y mayores con sus trucos.  \/ TENIS DRIVE<\/p>\n<p>\u2018Mediterr\u00e1neo\u2019, premiado<\/p>\n<p class=\"ft-text\">Corretja, que recibi\u00f3 una espectacular ovaci\u00f3n final,<strong> fue el encargado de entregar el premio a <\/strong><a class=\"ft-link ft-link--decoration\" href=\"https:\/\/www.elperiodicomediterraneo.com\/\" target=\"_blank\" rel=\"nofollow noopener\"><strong>el Peri\u00f3dico Mediterr\u00e1neo<\/strong><\/a>, que fue homenajeado por sus 100 a\u00f1os de historia y por la gran contribuci\u00f3n a la difusi\u00f3n del deporte provincial, subiendo al escenario el director \u00c1ngel B\u00e1ez, junto a Cristina Pastor, Laura Safont, Ismael Mateu y Juanfran de la Ossa.<\/p>\n<p>Ovaci\u00f3n a Sorribes y Bautista<\/p>\n<p class=\"ft-text\">Sara Sorribes ha vuelto al tenis despu\u00e9s de su par\u00f3n <strong>y Roberto Bautista contin\u00faa compitiendo en el circuito a sus 37 a\u00f1os.<\/strong> Son la m\u00e1xima representaci\u00f3n del tenis provincial; y aunque no pudieron estar en la gala, dedicaron unas palabras a trav\u00e9s de v\u00eddeos y el p\u00fablico les brind\u00f3 todo su cari\u00f1o poni\u00e9ndose en pie. Compitiendo fuera de Espa\u00f1a, tampoco pudo recoger el premio el jugador profesional de p\u00e1del Juanlu Esbr\u00ed.<\/p>\n<p><img decoding=\"async\" src=\"https:\/\/www.europesays.com\/es\/wp-content\/uploads\/2025\/12\/014e78a9-0df7-4df4-b648-d9744014d0bd_alta-libre-aspect-ratio_default_0.jpg\" width=\"1200\" height=\"800\" alt=\"Jorge Bell\u00e9s, director de la gala, junto a  las presentadoras. Patricia Artero y Lydia Vicent.\" class=\"ft-helper-img-rd\" loading=\"lazy\"\/><\/p>\n<p class=\"ft-helper-fontColor-quaternary ft-helper-fontSize-body-S ft-helper-spacer-t-xxs\">Jorge Bell\u00e9s, director de la gala, junto a las presentadoras. Patricia Artero y Lydia Vicent.  \/ TENIS DRIVE<\/p>\n<p>Los deportistas reconocidos<\/p>\n<p class=\"ft-text\">Entre los jugadores galardonados<strong>, destacaron los campeones y finalistas del Campeonato de la <\/strong><a class=\"ft-link ft-link--decoration\" href=\"https:\/\/www.elperiodicomediterraneo.com\/tags\/comunitat-valenciana\/\" target=\"_blank\" rel=\"nofollow noopener\"><strong>Comunitat Valenciana<\/strong><\/a><strong>,<\/strong> que recibieron sus trofeos de manos de Paco Vicente (presidente de la FTCV) y de Magda Murria (delegada provincial). Entre ellos, Xavier Cuevas fue reconocido como campe\u00f3n alev\u00edn en individual y dobles; mientras que Maria Garc\u00eda y June P\u00e9rez Font-Silvestre se proclamaron campeonas de dobles en categor\u00eda alev\u00edn. En cadetes, Pedro Montero y Ana L\u00f3pez fueron distinguidos como subcampeones de dobles; y en la categor\u00eda j\u00fanior brillaron Adriana Monlle\u00f3, subcampeona individual, as\u00ed como Martina Medina (campeona de dobles) y tambi\u00e9n el d\u00fao formado por Josema Fas y Mart\u00edn Navarro.<\/p>\n<p class=\"ft-text\">Tambi\u00e9n<strong> tuvo su momento el Circuito de Aficionados y el Circuito Provincial de Tenis con muchas promesas<\/strong>. En el de aficionados, los t\u00edtulos recayeron en Manuel Naharro (sub-8), Manuel Gonz\u00e1lez (sub-10 de primera), \u00c9ric Ramos (sub-10 de segunda), Xavi Garc\u00eda (sub-12), Joan Mart\u00ednez (sub-14) y Sergio Mar\u00edn (sub-16). Por su parte, en el Circuito Provincial de Tenis se coron\u00f3 a Marcos Omella y Marina Revert\u00e9 en benjam\u00edn; Aar\u00f3n Vetokhim y Valeria Benages en alev\u00edn; Pablo Torres y Mar\u00eda Garc\u00eda en <a class=\"ft-link ft-link--decoration\" href=\"https:\/\/www.elperiodicomediterraneo.com\/tags\/infantil\/\" target=\"_blank\" rel=\"nofollow noopener\">infantil<\/a>; y Marcos Navarro y Paula Gabald\u00e0 en cadete<\/p>\n<p><img decoding=\"async\" src=\"https:\/\/www.europesays.com\/es\/wp-content\/uploads\/2025\/12\/1850ad10-7872-440d-812b-92e6ca9cc5d1_alta-libre-aspect-ratio_default_0.jpg\" width=\"1200\" height=\"800\" alt=\"El entrenador del Castell\u00f3n Pablo Hern\u00e1ndez y el director de relaciones institucionales del Villarreal Marcos Senna.\" class=\"ft-helper-img-rd\" loading=\"lazy\"\/><\/p>\n<p class=\"ft-helper-fontColor-quaternary ft-helper-fontSize-body-S ft-helper-spacer-t-xxs\">El entrenador del Castell\u00f3n Pablo Hern\u00e1ndez y el director de relaciones institucionales del Villarreal Marcos Senna.  \/ TENIS DRIVE<\/p>\n<p>Una amplia representaci\u00f3n<\/p>\n<p class=\"ft-text\">Como en cada edici\u00f3n de la Gala del Tenis, <strong>una amplia representaci\u00f3n del deporte provincial no falt\u00f3 a la cita y acompa\u00f1\u00f3 al tenis base<\/strong>. Acudieron el entrenador del <a class=\"ft-link ft-link--decoration\" href=\"https:\/\/www.elperiodicomediterraneo.com\/cd-castellon\/\" target=\"_blank\" rel=\"nofollow noopener\">CD Castell\u00f3n<\/a>, <a class=\"ft-link ft-link--decoration\" href=\"https:\/\/www.elperiodicomediterraneo.com\/tags\/pablo-hernandez\/\" target=\"_blank\" rel=\"nofollow noopener\">Pablo Hern\u00e1ndez<\/a>, junto a los jugadores Pablo Santiago y Serpeta; la atleta del Facsa <a class=\"ft-link ft-link--decoration\" href=\"https:\/\/www.elperiodicomediterraneo.com\/tags\/playas\/\" target=\"_blank\" rel=\"nofollow noopener\">Playas<\/a> Laura Alegre; el jugador de Amics del B\u00e0squet V\u00edctor Rodr\u00edguez; el portero y capit\u00e1n del Bisontes Thiago Hern\u00e1n; y las jugadoras del primer equipo del Villarreal Mar\u00eda Romero y Claudia Ense\u00f1at. Tambi\u00e9n asisti\u00f3 Marcos Senna, excampe\u00f3n del mundo y de <a class=\"ft-link ft-link--decoration\" href=\"https:\/\/www.elperiodicomediterraneo.com\/tags\/europa\/\" target=\"_blank\" rel=\"nofollow noopener\">Europa<\/a> con Espa\u00f1a y actual director de Relaciones Institucionales del Villarreal, as\u00ed como los extenistas Pablo And\u00fajar y Dani Gimeno.<\/p>\n<p class=\"ft-text\">Una noche que culmin\u00f3 con la espectacular <strong>actuaci\u00f3n del mago Yunke,<\/strong> poniendo el broche a una velada, de nuevo, inolvidable.<\/p>\n<p data-close=\"closedContent\" class=\"subscribeHideForDisplay\">Suscr\u00edbete para seguir leyendo<\/p>\n","protected":false},"excerpt":{"rendered":"Es la voz del tenis en Espa\u00f1a. Cuando Carlos Alcaraz en la actualidad o el legendario Rafa Nadal&hellip;\n","protected":false},"author":2,"featured_media":269954,"comment_status":"","ping_status":"","sticky":false,"template":"","format":"standard","meta":{"footnotes":""},"categories":[274],"tags":[3965,168,25,24,1649,5794,23,167,327,326,23337],"class_list":{"0":"post-269953","1":"post","2":"type-post","3":"status-publish","4":"format-standard","5":"has-post-thumbnail","7":"category-tenis","8":"tag-castellon","9":"tag-deportes","10":"tag-es","11":"tag-espana","12":"tag-gala","13":"tag-provincial","14":"tag-spain","15":"tag-sports","16":"tag-tenis","17":"tag-tennis","18":"tag-vio"},"share_on_mastodon":{"url":"https:\/\/pubeurope.com\/@es\/115658789444744589","error":""},"_links":{"self":[{"href":"https:\/\/www.europesays.com\/es\/wp-json\/wp\/v2\/posts\/269953","targetHints":{"allow":["GET"]}}],"collection":[{"href":"https:\/\/www.europesays.com\/es\/wp-json\/wp\/v2\/posts"}],"about":[{"href":"https:\/\/www.europesays.com\/es\/wp-json\/wp\/v2\/types\/post"}],"author":[{"embeddable":true,"href":"https:\/\/www.europesays.com\/es\/wp-json\/wp\/v2\/users\/2"}],"replies":[{"embeddable":true,"href":"https:\/\/www.europesays.com\/es\/wp-json\/wp\/v2\/comments?post=269953"}],"version-history":[{"count":0,"href":"https:\/\/www.europesays.com\/es\/wp-json\/wp\/v2\/posts\/269953\/revisions"}],"wp:featuredmedia":[{"embeddable":true,"href":"https:\/\/www.europesays.com\/es\/wp-json\/wp\/v2\/media\/269954"}],"wp:attachment":[{"href":"https:\/\/www.europesays.com\/es\/wp-json\/wp\/v2\/media?parent=269953"}],"wp:term":[{"taxonomy":"category","embeddable":true,"href":"https:\/\/www.europesays.com\/es\/wp-json\/wp\/v2\/categories?post=269953"},{"taxonomy":"post_tag","embeddable":true,"href":"https:\/\/www.europesays.com\/es\/wp-json\/wp\/v2\/tags?post=269953"}],"curies":[{"name":"wp","href":"https:\/\/api.w.org\/{rel}","templated":true}]}}