{"id":269957,"date":"2025-12-04T01:52:17","date_gmt":"2025-12-04T01:52:17","guid":{"rendered":"https:\/\/www.europesays.com\/es\/269957\/"},"modified":"2025-12-04T01:52:17","modified_gmt":"2025-12-04T01:52:17","slug":"el-partido-barca-casademont-zaragoza-cambia-de-horario","status":"publish","type":"post","link":"https:\/\/www.europesays.com\/es\/269957\/","title":{"rendered":"El partido Bar\u00e7a-Casademont Zaragoza cambia de horario"},"content":{"rendered":"<p class=\"paragraph\">La ACB ha anunciado este mi\u00e9rcoles <b>la modificaci\u00f3n de los horarios de cinco encuentros de la Liga Endesa, <\/b>correspondientes a las jornadas decimotercera y decimocuarta de la competici\u00f3n regular. Uno de sus cambios afecta al partido <a href=\"https:\/\/www.heraldo.es\/noticias\/deportes\/baloncesto\/2025\/11\/25\/el-casademont-zaragoza-se-descuelga-1873098.html\" title=\"El Casademont Zaragoza se descuelga\" rel=\"nofollow noopener\" target=\"_blank\">que enfrenta al Casademont Zaragoza con el Bar\u00e7a, en el Palau Blaugrana, <\/a>y que estaba programado inicialmente para el 2 de enero a las 21.00.\u00a0\u00a0<\/p>\n<p class=\"paragraph\">El duelo entre catalanes y aragoneses, de la decimotercera jornada liguera, mantiene ese mismo d\u00eda, el 2 de enero, aunque adelanta una hora su inicio: comenzar\u00e1 a las 20.00. El choque enfrenta al cuadro aragon\u00e9s con un rival que <b>ha reaccionado de la mano de Xavi Pascual <\/b>y que ha obtenido la victoria en sus dos \u00faltimos encuentros: ante el Baskonia (91-83) y el Gran Canaria (61-72).\u00a0<\/p>\n<p class=\"paragraph\">Antes de ese encuentro, el Casademont, <b>instalado en la antepen\u00faltima posici\u00f3n de la tabla <\/b>-con dos \u00fanicos triunfos en toda la temporada- afrontar\u00e1 otros cuatro choques de la competici\u00f3n. Su cita m\u00e1s reciente ser\u00e1 este s\u00e1bado, en Granada, contra el colista de la Liga Endesa (20.00).\u00a0<\/p>\n<p>Compromiso ante el l\u00edder<\/p>\n<p class=\"paragraph\">Posteriormente, el conjunto que prepara Jes\u00fas Ram\u00edrez<b> jugar\u00e1 ante el Valencia Basket <\/b>-actual l\u00edder-, en el Roig Arena, el pr\u00f3ximo 14 de diciembre. Y luego cerrar\u00e1 2025 con dos compromisos\u00a0en el pabell\u00f3n Pr\u00edncipe Felipe, primero ante el Andorra (d\u00eda 21, a las 18.00) y despu\u00e9s contra el Manresa (d\u00eda 27, a las 19.00).\u00a0\u00a0<\/p>\n<p class=\"paragraph\">Los otros cambios anunciados por la ACB <b>afectan a otros dos encuentos de la decimotercera jornada, <\/b>y a dos de la decimocuarta. As\u00ed, el 2 de enero se disputar\u00e1 tambi\u00e9n el choque Andorra-Lleida, que ha sido adelantado una hora y dar\u00e1 inicio a las 19.00; y el partido entre el Manresa y el Girona, que se ha retrasado dos horas y comenzar\u00e1 a las 21.00.\u00a0<\/p>\n<p class=\"paragraph\">Respecto a la decimocuarta etapa del calendario, se han modificado los duelos<b> Joventut de Badalona-Tenerife <\/b>(pasa de las 21.00 a las 18.00) y <b>R\u00edo Breog\u00e1n-Unicaja de M\u00e1laga<\/b> (comenzar\u00e1 a las 21.00 en vez de hacerlo a las 18.00). Estos dos encuentros se disputar\u00e1n el 3 de enero, s\u00e1bado.\u00a0 \u00a0\u00a0<\/p>\n","protected":false},"excerpt":{"rendered":"La ACB ha anunciado este mi\u00e9rcoles la modificaci\u00f3n de los horarios de cinco encuentros de la Liga Endesa,&hellip;\n","protected":false},"author":2,"featured_media":252244,"comment_status":"","ping_status":"","sticky":false,"template":"","format":"standard","meta":{"footnotes":""},"categories":[269],"tags":[299,298,1838,2511,168,25,24,319,1045,23,167,491],"class_list":{"0":"post-269957","1":"post","2":"type-post","3":"status-publish","4":"format-standard","5":"has-post-thumbnail","7":"category-baloncesto","8":"tag-baloncesto","9":"tag-basketball","10":"tag-cambia","11":"tag-casademont","12":"tag-deportes","13":"tag-es","14":"tag-espana","15":"tag-horario","16":"tag-partido","17":"tag-spain","18":"tag-sports","19":"tag-zaragoza"},"share_on_mastodon":{"url":"https:\/\/pubeurope.com\/@es\/115658800771929930","error":""},"_links":{"self":[{"href":"https:\/\/www.europesays.com\/es\/wp-json\/wp\/v2\/posts\/269957","targetHints":{"allow":["GET"]}}],"collection":[{"href":"https:\/\/www.europesays.com\/es\/wp-json\/wp\/v2\/posts"}],"about":[{"href":"https:\/\/www.europesays.com\/es\/wp-json\/wp\/v2\/types\/post"}],"author":[{"embeddable":true,"href":"https:\/\/www.europesays.com\/es\/wp-json\/wp\/v2\/users\/2"}],"replies":[{"embeddable":true,"href":"https:\/\/www.europesays.com\/es\/wp-json\/wp\/v2\/comments?post=269957"}],"version-history":[{"count":0,"href":"https:\/\/www.europesays.com\/es\/wp-json\/wp\/v2\/posts\/269957\/revisions"}],"wp:featuredmedia":[{"embeddable":true,"href":"https:\/\/www.europesays.com\/es\/wp-json\/wp\/v2\/media\/252244"}],"wp:attachment":[{"href":"https:\/\/www.europesays.com\/es\/wp-json\/wp\/v2\/media?parent=269957"}],"wp:term":[{"taxonomy":"category","embeddable":true,"href":"https:\/\/www.europesays.com\/es\/wp-json\/wp\/v2\/categories?post=269957"},{"taxonomy":"post_tag","embeddable":true,"href":"https:\/\/www.europesays.com\/es\/wp-json\/wp\/v2\/tags?post=269957"}],"curies":[{"name":"wp","href":"https:\/\/api.w.org\/{rel}","templated":true}]}}