{"id":269958,"date":"2025-12-04T01:53:10","date_gmt":"2025-12-04T01:53:10","guid":{"rendered":"https:\/\/www.europesays.com\/es\/269958\/"},"modified":"2025-12-04T01:53:10","modified_gmt":"2025-12-04T01:53:10","slug":"riquelme-nos-puede-dar-mucho-marco-las-diferencias","status":"publish","type":"post","link":"https:\/\/www.europesays.com\/es\/269958\/","title":{"rendered":"\u00abRiquelme nos puede dar mucho, marc\u00f3 las diferencias\u00bb"},"content":{"rendered":"<p class=\"voc-p\" style=\"\">Manuel Pellegrini, entrenador del Real Betis, hizo balance despu\u00e9s del triunfo verdiblanco ante el Torrent que le permite estar en los dieciseisavos de final de la Copa del Rey, ronda que disputar\u00e1 el pr\u00f3ximo 18 de diciembre. \u00abEra muy importante pasar, es lo que quer\u00edamos.  &#8230; Tomamos el partido desde el inicio con seriedad e intentando no s\u00f3lo ganar sino tener un buen funcionamiento colectivo y con rendimientos individuales altos. Estuvimos serios, quer\u00edamos no s\u00f3lo ganar sino rendir\u00bb, afirmaba.<\/p>\n<p class=\"voc-p\" style=\"\">Acerca de Riquelme y sus tres goles, el t\u00e9cnico chileno manifestaba que \u00abme alegro mucho por \u00e9l porque ven\u00eda con alguna intermitencia en su rendimiento. Nos puede dar mucho, muestra voluntad y ganas y le falta un punto de tranquilidad para terminar bien las jugadas, que es lo que tuvo hoy y marc\u00f3 las diferencias\u00bb.<\/p>\n<p class=\"voc-p\" style=\"\">Tras pasar en la Copa las miradas vuelven a LaLiga, donde el Betis recibir\u00e1 al Barcelona el s\u00e1bado. \u00abNos llega en un buen momento. Hab\u00edamos hablado con los jugadores que ven\u00eda una racha de ocho partidos que necesit\u00e1bamos ganar. Lamentablemente empatamos dos pero el equipo est\u00e1 rindiendo en las tres competiciones. Sin lugar a dudas han sido buenos meses de buenos resultados y funcionamiento. Ser\u00edan tres puntos m\u00e1s muy importantes, en casa adem\u00e1s. Los \u00fanicos que hemos perdido han sido en casa ante Athletic y Atl\u00e9tico. Queremos acortar las distancias con los de arriba y ser\u00eda un buen comienzo ganando el s\u00e1bado. Saldremos a buscarlo como siempre\u00bb, se\u00f1alaba con ambici\u00f3n.<\/p>\n<p class=\"voc-p\" style=\"\">Cuestionado por periodistas chilenos sobre si su renovaci\u00f3n con el Betis implicaba desechar a su selecci\u00f3n, Pellegrini dec\u00eda que \u00abno hay mucho que aclarar. Cada persona puede tener la opini\u00f3n que tenga en gana. Ojal\u00e1 pueda terminar mi carrera dirigiendo la selecci\u00f3n chilena. En la Federaci\u00f3n de Chile se va a cambiar la directiva ahora. No me gustar\u00eda estar obligado a estar con un contrato con una directiva nueva. Ahora el camino est\u00e1 en el Betis, tengo mucho apoyo de la hinchada y estoy contento en el club. Tenemos que hacer las cosas con orden y tranquilidad\u00bb.<\/p>\n<p>\nArt\u00edculo solo para suscriptores\n<\/p>\n<p>Reportar un error<\/p>\n","protected":false},"excerpt":{"rendered":"Manuel Pellegrini, entrenador del Real Betis, hizo balance despu\u00e9s del triunfo verdiblanco ante el Torrent que le permite&hellip;\n","protected":false},"author":2,"featured_media":269959,"comment_status":"","ping_status":"","sticky":false,"template":"","format":"standard","meta":{"footnotes":""},"categories":[268],"tags":[2527,168,33143,25,24,280,282,737,22479,789,2763,281,23,167],"class_list":{"0":"post-269958","1":"post","2":"type-post","3":"status-publish","4":"format-standard","5":"has-post-thumbnail","7":"category-futbol","8":"tag-dar","9":"tag-deportes","10":"tag-diferencias","11":"tag-es","12":"tag-espana","13":"tag-football","14":"tag-futbol","15":"tag-marco","16":"tag-pellegrini","17":"tag-puede","18":"tag-riquelme","19":"tag-soccer","20":"tag-spain","21":"tag-sports"},"share_on_mastodon":{"url":"https:\/\/pubeurope.com\/@es\/115658804996005711","error":""},"_links":{"self":[{"href":"https:\/\/www.europesays.com\/es\/wp-json\/wp\/v2\/posts\/269958","targetHints":{"allow":["GET"]}}],"collection":[{"href":"https:\/\/www.europesays.com\/es\/wp-json\/wp\/v2\/posts"}],"about":[{"href":"https:\/\/www.europesays.com\/es\/wp-json\/wp\/v2\/types\/post"}],"author":[{"embeddable":true,"href":"https:\/\/www.europesays.com\/es\/wp-json\/wp\/v2\/users\/2"}],"replies":[{"embeddable":true,"href":"https:\/\/www.europesays.com\/es\/wp-json\/wp\/v2\/comments?post=269958"}],"version-history":[{"count":0,"href":"https:\/\/www.europesays.com\/es\/wp-json\/wp\/v2\/posts\/269958\/revisions"}],"wp:featuredmedia":[{"embeddable":true,"href":"https:\/\/www.europesays.com\/es\/wp-json\/wp\/v2\/media\/269959"}],"wp:attachment":[{"href":"https:\/\/www.europesays.com\/es\/wp-json\/wp\/v2\/media?parent=269958"}],"wp:term":[{"taxonomy":"category","embeddable":true,"href":"https:\/\/www.europesays.com\/es\/wp-json\/wp\/v2\/categories?post=269958"},{"taxonomy":"post_tag","embeddable":true,"href":"https:\/\/www.europesays.com\/es\/wp-json\/wp\/v2\/tags?post=269958"}],"curies":[{"name":"wp","href":"https:\/\/api.w.org\/{rel}","templated":true}]}}