{"id":26996,"date":"2025-08-05T10:30:07","date_gmt":"2025-08-05T10:30:07","guid":{"rendered":"https:\/\/www.europesays.com\/es\/26996\/"},"modified":"2025-08-05T10:30:07","modified_gmt":"2025-08-05T10:30:07","slug":"rafa-nadal-debuta-en-su-primera-recepcion-en-marivent-como-marques-de-llevant-de-mallorca","status":"publish","type":"post","link":"https:\/\/www.europesays.com\/es\/26996\/","title":{"rendered":"Rafa Nadal debuta en su primera recepci\u00f3n en Marivent como marqu\u00e9s de Llevant de Mallorca"},"content":{"rendered":"<p>Ayer se celebraba en <strong>Palacio Marivent en Mallorca<\/strong> la tradicional y esperada <a href=\"https:\/\/www.libertaddigital.com\/chic\/casas-reales\/2025-08-04\/marivent-ya-no-es-lo-que-era-asi-ha-cambiado-el-veraneo-real-en-mallorca-7281813\/\" rel=\"nofollow noopener\" target=\"_blank\"><strong>recepci\u00f3n presidida por la Familia Real<\/strong><\/a> a representantes de los distintos sectores e instituciones de la sociedad. Esta vez, la cita generaba mayor expectaci\u00f3n que a\u00f1os anteriores ya que era la primera vez que<strong> la princesa Leonor y la infanta Sof\u00eda<\/strong> se sumaban al evento junto a sus padres y <a href=\"https:\/\/www.libertaddigital.com\/chic\/corazon\/2025-08-04\/la-reina-sofia-ya-en-mallorca-estara-con-los-reyes-y-sus-hijas-en-la-tradicional-recepcion-estival-7282986\/\" rel=\"nofollow noopener\" target=\"_blank\">su abuela la reina Sof\u00eda.<\/a><\/p>\n<p>Entre los asistentes tambi\u00e9n se encontraba<strong> otro debutante en la recepci\u00f3n balear<\/strong>, el cual ha llamado especialmente la atenci\u00f3n<strong>: <a href=\"https:\/\/www.libertaddigital.com\/personajes\/rafa-nadal\/\" rel=\"nofollow noopener\" target=\"_blank\">Rafa Nadal<\/a>.<\/strong> El tenista mallorqu\u00edn, siempre fiel a la discreci\u00f3n que le caracteriza e intentando pasar desapercibido entre <strong>la larga lista de personalidades invitadas a la cita,<\/strong> hizo gala de la maravillosa relaci\u00f3n que comparte con los Monarcas, especialmente con el rey Felipe VI.<\/p>\n<p>Hace poco m\u00e1s de un mes<strong> se hizo oficial la concesi\u00f3n de varios t\u00edtulos nobiliarios<\/strong> mediante Real Decreto, publicado en el Bolet\u00edn Oficial del Estado (BOE), este es el caso del tenista, que el pasado 24 de junio fue nombrado <strong>marqu\u00e9s de Llevant de Mallorca<\/strong>. En el anuncio se destacaba que las trayectorias de las personas reconocidas son<strong> ejemplo de excelencia en distintos \u00e1mbitos<\/strong>, desde el servicio a la Corona hasta disciplinas como la ciencia, el arte, la cultura, el pensamiento o el deporte. Entre los galardonados figuran la nadadora Teresa Perales, la cantante Luz Casal, el exjefe de la Casa del Rey Jaime Alfons\u00edn, el bioqu\u00edmico Carlos L\u00f3pez Ot\u00edn y la fot\u00f3grafa Cristina Garc\u00eda Rodero. Estas distinciones son <strong>las primeras de este tipo otorgadas durante el reinado del actual<\/strong> monarca.<\/p>\n<p><a class=\"fancybox\" href=\"https:\/\/s.libertaddigital.com\/2025\/08\/05\/rafa-nadal-recepcion-marivent.jpg\" title=\"\" rel=\"nofollow noopener\" target=\"_blank\"><img class=\"l\" data-  style=\"aspect-ratio: 640 \/ 421\" alt=\"rafa-nadal-recepcion-marivent.jpg\"\/><\/a><\/p>\n<p>A pesar de acudir a la cita sin la compa\u00f1\u00eda <strong>de su mujer, Xisca Perell\u00f3,<\/strong> en la recepci\u00f3n balear se reencontr\u00f3 con otra de las figuras deportivas m\u00e1s importantes de nuestro pa\u00eds, <strong>el ex jugador de baloncesto Rudy Fern\u00e1ndez<\/strong> y su mujer Helen Lindes, con qui\u00e9n esper\u00f3 pacientemente en la larga fila para saludar a la familia real.<\/p>\n<p>A pesar de que esta importante recepci\u00f3n se realiza todos los a\u00f1os, esta es la <strong>primera vez que vemos a Rafa <\/strong>en las inmediaciones del Palacio, ya que posiblemente,<strong> los entrenamientos de alto nivel <\/strong>con los que se preparaba para las competiciones, le imped\u00eda acudir a los actos sociales a los que ahora, tras su retirada del tenis profesional, ir\u00e1 sin problema. Adem\u00e1s, este verano para el mallorqu\u00edn ser\u00e1 uno de <strong>los m\u00e1s especiales<\/strong> ya que su mujer est\u00e1 a punto de dar a luz a su segundo hijo, mientras tanto, ambos se encuentran disfrutando de sus \u00faltimas vacaciones en la isla siendo tres.<\/p>\n","protected":false},"excerpt":{"rendered":"Ayer se celebraba en Palacio Marivent en Mallorca la tradicional y esperada recepci\u00f3n presidida por la Familia Real&hellip;\n","protected":false},"author":2,"featured_media":26997,"comment_status":"","ping_status":"","sticky":false,"template":"","format":"standard","meta":{"footnotes":""},"categories":[274],"tags":[6042,168,25,24,2457,14287,6894,14854,23,167,327,326],"class_list":{"0":"post-26996","1":"post","2":"type-post","3":"status-publish","4":"format-standard","5":"has-post-thumbnail","7":"category-tenis","8":"tag-casa-real","9":"tag-deportes","10":"tag-es","11":"tag-espana","12":"tag-mallorca","13":"tag-marivent","14":"tag-rafa-nadal","15":"tag-recepcion-balear","16":"tag-spain","17":"tag-sports","18":"tag-tenis","19":"tag-tennis"},"share_on_mastodon":{"url":"","error":""},"_links":{"self":[{"href":"https:\/\/www.europesays.com\/es\/wp-json\/wp\/v2\/posts\/26996","targetHints":{"allow":["GET"]}}],"collection":[{"href":"https:\/\/www.europesays.com\/es\/wp-json\/wp\/v2\/posts"}],"about":[{"href":"https:\/\/www.europesays.com\/es\/wp-json\/wp\/v2\/types\/post"}],"author":[{"embeddable":true,"href":"https:\/\/www.europesays.com\/es\/wp-json\/wp\/v2\/users\/2"}],"replies":[{"embeddable":true,"href":"https:\/\/www.europesays.com\/es\/wp-json\/wp\/v2\/comments?post=26996"}],"version-history":[{"count":0,"href":"https:\/\/www.europesays.com\/es\/wp-json\/wp\/v2\/posts\/26996\/revisions"}],"wp:featuredmedia":[{"embeddable":true,"href":"https:\/\/www.europesays.com\/es\/wp-json\/wp\/v2\/media\/26997"}],"wp:attachment":[{"href":"https:\/\/www.europesays.com\/es\/wp-json\/wp\/v2\/media?parent=26996"}],"wp:term":[{"taxonomy":"category","embeddable":true,"href":"https:\/\/www.europesays.com\/es\/wp-json\/wp\/v2\/categories?post=26996"},{"taxonomy":"post_tag","embeddable":true,"href":"https:\/\/www.europesays.com\/es\/wp-json\/wp\/v2\/tags?post=26996"}],"curies":[{"name":"wp","href":"https:\/\/api.w.org\/{rel}","templated":true}]}}