{"id":269960,"date":"2025-12-04T01:54:10","date_gmt":"2025-12-04T01:54:10","guid":{"rendered":"https:\/\/www.europesays.com\/es\/269960\/"},"modified":"2025-12-04T01:54:10","modified_gmt":"2025-12-04T01:54:10","slug":"kendall-jenner-aun-la-modelo-mejor-pagada-del-mundo","status":"publish","type":"post","link":"https:\/\/www.europesays.com\/es\/269960\/","title":{"rendered":"Kendall Jenner: \u00bfaun la modelo mejor pagada del mundo?"},"content":{"rendered":"<p class=\"\">Desde hace a\u00f1os, Kendall Jenner se ha consolidado como una de las caras <b>m\u00e1s reconocidas y cotizadas del mundo de la moda,<\/b> y est\u00e1 entre sus planes seguir si\u00e9ndolo. Con campa\u00f1as globales, desfiles en las grandes pasarelas y una enorme presencia medi\u00e1tica, su nombre aparece recurrentemente con una<b> simple b\u00fasqueda<\/b> en Google de \u201clas top models mejor pagadas\u201d. Pero en un sector tan cambiante, \u00bfqu\u00e9 tan vigente sigue siendo ese t\u00edtulo? <\/p>\n<p>Trayectoria y relevancia internacional<\/p>\n<p class=\"\">Kendall Jenner entr\u00f3 en el mundo del modelaje siendo <b>muy joven <\/b>y r\u00e1pidamente se transform\u00f3 en un <b>referente global,<\/b> ya no solo por su profesionalismo sino tambi\u00e9n por la <b>fama que tra\u00eda su familia <\/b>y su marca de <b>tequilas 818.<\/b> Su imagen ha protagonizado anuncios de grandes marcas como <b>L\u2019Or\u00e9al<\/b><b>,<\/b> defilando tambi\u00e9n para otras grandes como <b>Chanel<\/b><b> <\/b>o <b>Marc Jacobs.<\/b><\/p>\n<p>Ingresos estimados <\/p>\n<p class=\"\">Diversos <b>rankings<\/b> han colocado a Jenner en la lista de modelos <b>mejor remuneradas<\/b> durante los \u00faltimos a\u00f1os. Sus ingresos la han ubicado en par\u00e1metros muy elevados en comparaci\u00f3n con la media del sector, calculando que tiene un patrimonio neto de uno 60 millones de d\u00f3lares.<\/p>\n<p class=\"\">Sin embargo, hay que tener en cuenta que dichos ingresos <b>no son siempre los mismo<\/b> y dependen mucho del n\u00famero y tipo de campa\u00f1as que firme cada a\u00f1o, de su visibilidad medi\u00e1tica&#8230; entre otras muchas cosas. <\/p>\n<p class=\"\">La modelo mejor pagada del mundo var\u00eda seg\u00fan el a\u00f1o y la fuente, pero las listas recientes de <b>Forbes<\/b> la identifican de manera diferente. Por ejemplo, una lista de <b>2024<\/b> menciona a<b> Kendall Jenner <\/b>como la <b>n\u00famero uno en la industria de la moda,<\/b> aunque otras listas m\u00e1s antiguas mencionaban a <b>Gisele B\u00fcndchen<\/b> como la que ocup\u00f3 ese puesto durante a\u00f1os.<\/p>\n<p>Retos del contexto actual y futuro del modelajeNoticias relacionadas<a href=\"https:\/\/as.com\/us\/tikitakas\/asi-es-el-historial-de-parejas-de-bad-bunny-gabriela-berlingeri-kendall-jenner-y-mas-n\/\" class=\"s_m_w\" title=\"Bad Bunny cumple 31 a\u00f1os este 10 de marzo y hacemos un recuento de su historial de parejas: Gabriela Berlingeri, Kendall Jenner y m\u00e1s.\" data-tb-link=\"\" rel=\"nofollow noopener\" target=\"_blank\"><img decoding=\"async\" src=\"https:\/\/www.europesays.com\/es\/wp-content\/uploads\/2025\/12\/NJMFNTOKQRAZ3IQCTCXQJT4MQ4.jpg\" alt=\"As\u00ed es el historial de parejas de Bad Bunny: Gabriela Berlingeri, Kendall Jenner y m\u00e1s \" class=\"\" height=\"9\" width=\"16\"   loading=\"lazy\" data-tb-thumbnail=\"\"\/><\/a><a href=\"https:\/\/as.com\/us\/tikitakas\/asi-es-el-historial-amoroso-de-harry-styles-taylor-swift-kendall-jenner-olivia-wilde-y-mas-n\/\" class=\"s_m_w\" title=\"Adem\u00e1s de su carrera en la m\u00fasica y el cine, Harry Styles ha acaparado los titulares por sus relaciones. As\u00ed es su historial de parejas.\" data-tb-link=\"\" rel=\"nofollow noopener\" target=\"_blank\"><img decoding=\"async\" src=\"https:\/\/www.europesays.com\/es\/wp-content\/uploads\/2025\/12\/MYTE7MNKHVGITI5ZCZITXW7AQE.jpg\" alt=\"As\u00ed es el historial amoroso de Harry Styles: Taylor Swift, Kendall Jenner Olivia Wilde y m\u00e1s\" class=\"\" height=\"9\" width=\"16\"   loading=\"lazy\" data-tb-thumbnail=\"\"\/><\/a><\/p>\n<p class=\"\">El mundo de la moda est\u00e1 viviendo <b>transformaciones <\/b>con la irrupci\u00f3n de influencers, la diversificaci\u00f3n de canales digitales, y cambios en los h\u00e1bitos de consumo han modificado las reglas del juego. Para una supermodelo como Kendall, esto implica <b>adaptarse constantemente<\/b>. Adem\u00e1s, la competencia es feroz, con la aprici\u00f3n de nuevos rostros que podr\u00edan destronarla en cualquier momento.<\/p>\n<p class=\"\"><b>\u00a1Tus opiniones importan!<\/b> Comenta en los art\u00edculos y suscr\u00edbete gratis a nuestra <a href=\"https:\/\/asfan.as.com\/newsletters\/\" target=\"_blank\" rel=\"nofollow noopener\" title=\"https:\/\/asfan.as.com\/newsletters\/\">newsletter<\/a> y a las alertas informativas en la <a href=\"https:\/\/as.com\/aplicacion-de-as-n\/\" target=\"_blank\" rel=\"nofollow noopener\" title=\"https:\/\/as.com\/aplicacion-de-as-n\/\">App<\/a> o el canal de <a href=\"https:\/\/www.whatsapp.com\/channel\/0029VaAasdA7j6g745nz9M10\" target=\"_blank\" rel=\"nofollow noopener\" title=\"https:\/\/www.whatsapp.com\/channel\/0029VaAasdA7j6g745nz9M10\">WhatsApp<\/a>. \u00bfBuscas licenciar contenido? Haz clic <a href=\"https:\/\/profesional.elpais.com\/soluciones-sindicacion?utm_medium=interno&amp;utm_source=crosslinking&amp;utm_campaign=sindicacion_as_pie_articulos\" target=\"_blank\" rel=\"nofollow noopener\" title=\"https:\/\/profesional.elpais.com\/soluciones-sindicacion?utm_medium=interno&amp;utm_source=crosslinking&amp;utm_campaign=sindicacion_as_pie_articulos\">aqu\u00ed<\/a><\/p>\n","protected":false},"excerpt":{"rendered":"Desde hace a\u00f1os, Kendall Jenner se ha consolidado como una de las caras m\u00e1s reconocidas y cotizadas del&hellip;\n","protected":false},"author":2,"featured_media":269961,"comment_status":"","ping_status":"","sticky":false,"template":"","format":"standard","meta":{"footnotes":""},"categories":[174],"tags":[255,146,147,25,24,256,23],"class_list":{"0":"post-269960","1":"post","2":"type-post","3":"status-publish","4":"format-standard","5":"has-post-thumbnail","7":"category-famosos","8":"tag-celebrities","9":"tag-entertainment","10":"tag-entretenimiento","11":"tag-es","12":"tag-espana","13":"tag-famosos","14":"tag-spain"},"share_on_mastodon":{"url":"https:\/\/pubeurope.com\/@es\/115658808993753085","error":""},"_links":{"self":[{"href":"https:\/\/www.europesays.com\/es\/wp-json\/wp\/v2\/posts\/269960","targetHints":{"allow":["GET"]}}],"collection":[{"href":"https:\/\/www.europesays.com\/es\/wp-json\/wp\/v2\/posts"}],"about":[{"href":"https:\/\/www.europesays.com\/es\/wp-json\/wp\/v2\/types\/post"}],"author":[{"embeddable":true,"href":"https:\/\/www.europesays.com\/es\/wp-json\/wp\/v2\/users\/2"}],"replies":[{"embeddable":true,"href":"https:\/\/www.europesays.com\/es\/wp-json\/wp\/v2\/comments?post=269960"}],"version-history":[{"count":0,"href":"https:\/\/www.europesays.com\/es\/wp-json\/wp\/v2\/posts\/269960\/revisions"}],"wp:featuredmedia":[{"embeddable":true,"href":"https:\/\/www.europesays.com\/es\/wp-json\/wp\/v2\/media\/269961"}],"wp:attachment":[{"href":"https:\/\/www.europesays.com\/es\/wp-json\/wp\/v2\/media?parent=269960"}],"wp:term":[{"taxonomy":"category","embeddable":true,"href":"https:\/\/www.europesays.com\/es\/wp-json\/wp\/v2\/categories?post=269960"},{"taxonomy":"post_tag","embeddable":true,"href":"https:\/\/www.europesays.com\/es\/wp-json\/wp\/v2\/tags?post=269960"}],"curies":[{"name":"wp","href":"https:\/\/api.w.org\/{rel}","templated":true}]}}