{"id":269962,"date":"2025-12-04T01:57:10","date_gmt":"2025-12-04T01:57:10","guid":{"rendered":"https:\/\/www.europesays.com\/es\/269962\/"},"modified":"2025-12-04T01:57:10","modified_gmt":"2025-12-04T01:57:10","slug":"sorpresa-total-con-la-entrada-de-enrique-y-andrea-nueva-pareja-de-la-isla-de-las-tentaciones-9-no-me-lo-esperaba-telecinco","status":"publish","type":"post","link":"https:\/\/www.europesays.com\/es\/269962\/","title":{"rendered":"Sorpresa total con la entrada de Enrique y Andrea, nueva pareja de \u2018La isla de las tentaciones 9\u2019: \u201cNo me lo esperaba\u201d &#8211; Telecinco"},"content":{"rendered":"<ol>\n<li><a href=\"https:\/\/news.google.com\/rss\/articles\/CBMi1AFBVV95cUxObzFoNWpxRU9uZlphV29BaGtXWEk5ajBId085QVhoYzgxMTJhbGMzZUZlcFJPYUpHa01lT3VXVVM5ODl0cjU4Q3Q4c0dNR1c1ZlpZWm1XRmpCQWYtY3hyNS1KMEI0QlA4WlF5OUxNQW1qWEt4ZDR3WWtSVWxkaG5OV1FESGN5R0RzUHBMSGlYN1dWRWVkWkxvZy1STkVWS182ajlndEdvT0FEVlExdWpiZ0otdE51aTJmSTVtOFFrZnNXcGd3R3dORFl3NmhqS2dzajFSaA?oc=5\" target=\"_blank\" rel=\"nofollow noopener\">Sorpresa total con la entrada de Enrique y Andrea, nueva pareja de \u2018La isla de las tentaciones 9\u2019: \u201cNo me lo esperaba\u201d<\/a>&nbsp;&nbsp;Telecinco<\/li>\n<li><a href=\"https:\/\/news.google.com\/rss\/articles\/CBMivAFBVV95cUxQR090c3VMTzVIcmlVX01EZTVRcmQySHR6NE5MVExJbzJjb19od3ppWFBkSk1IRXpJTVNfSUd0NUt0WXZQbktRcWE4T1ljbld5d1M4dnROVTlQQ3JvUlZwMnBWZ0VKdDNaWnFZOF94ZVdpUnMzdHBoMTBLU1lzVktpUk56UkEwbDJzU1AtV2FTNGpXbjJ3Nmx5aHNoS3ZYX19kYmluVUtEdjF4dnBxMWpVd0phMi1yX2FsOG1RbNIByAFBVV95cUxObGRrZ1Z6Nmd3anFyeDNBX1J3eFhHOFNTZkFZUk11LWFqRFVsNF8zTTYxV3FQdmFUT21mNnIxLUJMZTlaWFliSXFNVDVZbDZTSHliRkVybUp6Q1RVaDVoMXNpQVNOa2Nuc3F4YWxzc0c1OXNPamU2X0dab2RJaUZtOXNKWGtHYkE5ZXk0alFMWnQ0TXFLS0owV3F0T2V6aU0zRG83WWNud1BoMGRWNm5GbnpOMTZOZWJWU3lReGtfd25oM05yRFJScQ?oc=5\" target=\"_blank\" rel=\"nofollow noopener\">Avance | Llega una nueva pareja y se encuentran las villas llenas de tensiones y acercamientos<\/a>&nbsp;&nbsp;Telecinco<\/li>\n<li><a href=\"https:\/\/news.google.com\/rss\/articles\/CBMitAFBVV95cUxOV2FOejhCRVZBVU91V0hfUTNtN3U2RGN0Z3NXSTE0M2xjUEx3SnktQWs5dTJVdnZXd19iNTJZT3RETmVxSEtzXzYwQjRmNnJaTFNxdUFpVmRMQlRVdnFCS1FoeVg4RUY1TFRFSUVjWFJ4Q0tJV0RVV2JHRS1ZcEhFZnFKUm05ajhheGVibXZZeHd3SkNtOFZ3bXBiWURYT293TGd4RU9PRXAwVllESHZKSUVMWGTSAboBQVVfeXFMT1ZpelF3TFhkRW84Yy11WlpiRi1ONThQdUNRd1ctWFpHRU1tdWlJVEx3OHpWdFViSUxmdU5tem95dmd2UUFKMXo1bUVEVTVYd1ZVcWNqOHVHdFJaWjE0SGYtQnB0a2hGdExLVDZERE9LMGtfT2xwMnhCR09HOEJ4SHZGckxCVXFTMUJVcFV6dzQ4OU5tSGJia2l5MzVBOWM0dkV1LWdKSHZLMi1ONWp3WXdmSlpWTGJLSHVB?oc=5\" target=\"_blank\" rel=\"nofollow noopener\">Enrique y Andrea, nueva pareja de &#8216;La isla de las tentaciones 9&#8217;: edad, tiempo juntos, c\u00f3mo se conocieron&#8230;<\/a>&nbsp;&nbsp;El Confidencial<\/li>\n<li><a href=\"https:\/\/news.google.com\/rss\/articles\/CBMisgJBVV95cUxPRUFzNkpicG1BZkFOZUdaQTZGYU9QRXFHclVUUURITUhqcmxIaEpMNjVoSVYyeFV0cFlvSnBTVE5qSl85T3k0bzJVa21uVW14VHVpNkIxY2F1S0dVTFE2Xy1UZXFFdmJxXzJLQnFuQm12eWE4eHpid0U0WEFjMXhsWWNvcXhlX0phVE9QcUNZY0xmZGlack5jTmFOZkZNb0RZR3FuYnNkUlFJRGNYc0lfQVhxVGJVLXBNWTdQNldIR3pnc2FPX2ZESHl4NFoxdm85ZEU5MGVENHlQV1EwZjg3WlBYLUltZ0NYcm1hZjdZSHlrLTcxUmxPRXdPdEJadVdDLVhFZFJWU1FXM1lQWkFZR3Z6NXNaQ2dxMkdKSDVjUktxRDlycmZSNUJSeTg1eDhXa2fSAZwCQVVfeXFMTVYtcDRZdWZMRDRMRUtoaEZSemgyNUpiQ204c2JkbHFjWGY0TFlvWm1oR0EycUR4dXJLdkhBTjJFcmJBbUdaeFdJT0o3YkU5NFdoTjR5b1I1WGUyNjU2WjBnRWEyWGJjeDlENnd2dzJDV2lVdkNhcW11b1cwbm9nZWgyUWdnb3J1SWVLNlk5Y3UzXzIweGxPY2VtQ3lvYUVORjgtMkVLUlJaUk9rb014N1NMNFd1QloxMEpKbDdrQVNybG14R3pGbm1BdkQybjhZOVhrWWxIT2p2V2JGQVVKSUVYYVBPU2YxRXQyMUhFRlduV1lfTnItQzFvYTNnMG9GV3ZDaGx0X0hFd0ZTcGlFaXlqRzhrSnczVjlXX0g?oc=5\" target=\"_blank\" rel=\"nofollow noopener\">Revoluci\u00f3n en &#8216;La isla de las tentaciones&#8217;: un concursante vetado y la llegada de Enrique y Andrea, una nueva pareja dispuesta a todo<\/a>&nbsp;&nbsp;El Economista<\/li>\n<li><a href=\"https:\/\/news.google.com\/rss\/articles\/CBMi2gFBVV95cUxOSjZvZFBmWDZmOG44Y1FVVlJiVUx6MkFqYms2OS1FZVNWWUIycHhoRDF1TmwzVjRrR3NVU2pwczJUUU1mY2NoVVl4QTZPUmZ2eUpCYzh4REF4c2NQZk5yOEp4YlltZGZPeXF2bDlKeUJJMERVbnhzQ2hUV1JUbFVnNm1idjNPLTI2QnpYMHI3M05MNGJvM3lPRXRacG1KTDlJV2ZZTzVOUG8xemIyMTg2MVBkMmtwTVBTbzFhTEtBQjVWeV9UNHo3UDV4N2VVRUdwdHlJcVlJOVJwUQ?oc=5\" target=\"_blank\" rel=\"nofollow noopener\">&#8216;La isla de las tentaciones 9&#8217; sentenci\u00f3 a Almudena con una frase lapidaria y mostr\u00f3 a los sustitutos de Mayeli y \u00c1lvaro<\/a>&nbsp;&nbsp;elDiario.es<\/li>\n<\/ol>\n","protected":false},"excerpt":{"rendered":"Sorpresa total con la entrada de Enrique y Andrea, nueva pareja de \u2018La isla de las tentaciones 9\u2019:&hellip;\n","protected":false},"author":2,"featured_media":248356,"comment_status":"","ping_status":"","sticky":false,"template":"","format":"standard","meta":{"footnotes":""},"categories":[171],"tags":[146,147,25,24,23,214],"class_list":{"0":"post-269962","1":"post","2":"type-post","3":"status-publish","4":"format-standard","5":"has-post-thumbnail","7":"category-tv","8":"tag-entertainment","9":"tag-entretenimiento","10":"tag-es","11":"tag-espana","12":"tag-spain","13":"tag-tv"},"share_on_mastodon":{"url":"https:\/\/pubeurope.com\/@es\/115658820320185800","error":""},"_links":{"self":[{"href":"https:\/\/www.europesays.com\/es\/wp-json\/wp\/v2\/posts\/269962","targetHints":{"allow":["GET"]}}],"collection":[{"href":"https:\/\/www.europesays.com\/es\/wp-json\/wp\/v2\/posts"}],"about":[{"href":"https:\/\/www.europesays.com\/es\/wp-json\/wp\/v2\/types\/post"}],"author":[{"embeddable":true,"href":"https:\/\/www.europesays.com\/es\/wp-json\/wp\/v2\/users\/2"}],"replies":[{"embeddable":true,"href":"https:\/\/www.europesays.com\/es\/wp-json\/wp\/v2\/comments?post=269962"}],"version-history":[{"count":0,"href":"https:\/\/www.europesays.com\/es\/wp-json\/wp\/v2\/posts\/269962\/revisions"}],"wp:featuredmedia":[{"embeddable":true,"href":"https:\/\/www.europesays.com\/es\/wp-json\/wp\/v2\/media\/248356"}],"wp:attachment":[{"href":"https:\/\/www.europesays.com\/es\/wp-json\/wp\/v2\/media?parent=269962"}],"wp:term":[{"taxonomy":"category","embeddable":true,"href":"https:\/\/www.europesays.com\/es\/wp-json\/wp\/v2\/categories?post=269962"},{"taxonomy":"post_tag","embeddable":true,"href":"https:\/\/www.europesays.com\/es\/wp-json\/wp\/v2\/tags?post=269962"}],"curies":[{"name":"wp","href":"https:\/\/api.w.org\/{rel}","templated":true}]}}