{"id":269963,"date":"2025-12-04T01:59:13","date_gmt":"2025-12-04T01:59:13","guid":{"rendered":"https:\/\/www.europesays.com\/es\/269963\/"},"modified":"2025-12-04T01:59:13","modified_gmt":"2025-12-04T01:59:13","slug":"mina-el-hammani-y-manuel-moron-inmejorables-en-una-pelicula-imperfecta-e-inspiradora","status":"publish","type":"post","link":"https:\/\/www.europesays.com\/es\/269963\/","title":{"rendered":"Mina El Hammani y Manuel Mor\u00f3n, inmejorables en una pel\u00edcula imperfecta e inspiradora"},"content":{"rendered":"<p class=\"c-paragraph\">Incluso arrastrando el estigma de haber interpretado al inolvidable y a la vez odioso padre de El bola (Achero Ma\u00f1as, 2000), <b>Manuel Mor\u00f3n<\/b> se ha convertido en <b>uno de los secundarios de referencia <\/b>del \u00faltimo cine espa\u00f1ol. En <b>La tierra de Amira<\/b> se reivindica de nuevo como (co) protagonista, dando vida al agricultor viudo Justino, quien tras un peque\u00f1o accidente se ve obligado a<b> compartir hogar con una joven marroqu\u00ed sin papeles<\/b>, Amira (<b>Mina El Hammani<\/b>, \u00c9lite, <a href=\"https:\/\/www.20minutos.es\/cinemania\/noticias\/raqa-thriller-espias-isis-alvaro-morte-mina-hammani-5656429\/\" rel=\"nofollow noopener\" target=\"_blank\">Raqa<\/a>).\u00a0<\/p>\n<p class=\"c-paragraph\">Entre ambos, y gracias a la hermana de Justino, Araceli (<b>Pilar G\u00f3mez<\/b>, otra estupenda actriz de reparto, de actualidad con <a href=\"https:\/\/www.20minutos.es\/cinemania\/series\/yakarta-drama-deportivo-javier-camara-movistar-plus-badminton_6664201_0.html\" rel=\"nofollow noopener\" target=\"_blank\">Yakarta <\/a>y <a href=\"https:\/\/www.20minutos.es\/cinemania\/series\/poquita-fe-serie-movistar-plus-humor-minimo-5145386\/\" rel=\"nofollow noopener\" target=\"_blank\">Poquita fe<\/a>), <b>germinar\u00e1 la curiosidad por el otro<\/b> y una especie de relaci\u00f3n paterno filial, que se interrumpe cuando Amira retoma su trabajo como jornalera irregular a las \u00f3rdenes del cacique del pueblo\u2026\u00a0<\/p>\n<p class=\"c-paragraph\">Adem\u00e1s del trabajo actoral, merece la pena<b> rese\u00f1ar la fotograf\u00eda luminosa de Tote Trenas y las canciones de Javier Ruibal<\/b>, muy enraizadas en lo que se cuenta (\u00abcaer\u00e1n las fronteras y t\u00fa ser\u00e1s la primera en tomar la tierra prometida\u00bb, dice una de sus estrofas).\u00a0La tierra de Amira\u00a0es la primera pel\u00edcula, <b>imperfecta pero inspiradora<\/b>, del guionista y productor <b>Roberto Jim\u00e9nez<\/b>: seguramente dirija m\u00e1s.<\/p>\n<p>T\u00edtulo &#8216;La tierra de Amira&#8217;<\/p>\n<ul class=\"c-card__movie__data\">\n<li class=\"c-card__movie__data__item\"> Director\n<p class=\"c-card__movie__data__item__txt\">Roberto Jim\u00e9nez<\/p>\n<\/li>\n<li class=\"c-card__movie__data__item\"> G\u00e9nero\n<p class=\"c-card__movie__data__item__txt\">Drama<\/p>\n<\/li>\n<li class=\"c-card__movie__data__item\"> Pa\u00eds\n<p class=\"c-card__movie__data__item__txt\">Espa\u00f1a<\/p>\n<\/li>\n<li class=\"c-card__movie__data__item\"> Sinopsis\n<p class=\"c-card__movie__data__item__txt\">Justino es un viudo que vive apartado del mundo en una extensa y solitaria finca en la que solo cultiva un peque\u00f1o huerto. Amira es una de tantas temporeras ilegales marroqu\u00edes que buscan en Espa\u00f1a un futuro mejor. Una noche que Justino baja al pueblo a vender sus tomates, la atropella accidentalmente. Los da\u00f1os no son graves, pero ella pierde toda posibilidad de trabajar, por lo que \u00e9l, obligado por su hermana Araceli, le ofrece su casa hasta que se recupere. Ella acepta por pura necesidad, con el riesgo que conlleva enfrentar dos mundos antag\u00f3nicos, abismados por la edad, el sexo, la cultura o la religi\u00f3n.<\/p>\n<\/li>\n<li class=\"c-card__movie__data__item\"> Gui\u00f3n\n<p class=\"c-card__movie__data__item__txt\">Pedro Garc\u00eda R\u00edos, Rodrigo Mart\u00edn<\/p>\n<\/li>\n<li class=\"c-card__movie__data__item\"> Duraci\u00f3n\n<p class=\"c-card__movie__data__item__txt\">83 min<\/p>\n<\/li>\n<li class=\"c-card__movie__data__item\"> Distribuidora\n<p class=\"c-card__movie__data__item__txt\">Filmax<\/p>\n<\/li>\n<li class=\"c-card__movie__data__item\"> Estreno\n<p class=\"c-card__movie__data__item__txt\">5 de diciembre<\/p>\n<\/li>\n<li class=\"c-card__movie__data__item\">\n<p class=\"c-card__movie__data__item__txt\"><b>Reparto:<br \/><\/b>\u200bMina El Hammani, Manuel Mor\u00f3n, Pilar G\u00f3mez<\/p>\n<\/li>\n<\/ul>\n<p><img decoding=\"async\" loading=\"lazy\" alt=\"'La tierra de Amira'\" width=\"250\" height=\"375\" src=\"https:\/\/www.europesays.com\/es\/wp-content\/uploads\/2025\/12\/692fff144fbc60-71343393.jpeg\"\/><\/p>\n","protected":false},"excerpt":{"rendered":"Incluso arrastrando el estigma de haber interpretado al inolvidable y a la vez odioso padre de El bola&hellip;\n","protected":false},"author":2,"featured_media":269964,"comment_status":"","ping_status":"","sticky":false,"template":"","format":"standard","meta":{"footnotes":""},"categories":[169],"tags":[177,1497,146,147,25,24,176,66384,66386,66385,175,23],"class_list":{"0":"post-269963","1":"post","2":"type-post","3":"status-publish","4":"format-standard","5":"has-post-thumbnail","7":"category-cine","8":"tag-cine","9":"tag-critica","10":"tag-entertainment","11":"tag-entretenimiento","12":"tag-es","13":"tag-espana","14":"tag-film","15":"tag-la-tierra-de-amira","16":"tag-manuel-moron","17":"tag-mina-el-hammani","18":"tag-movies","19":"tag-spain"},"share_on_mastodon":{"url":"https:\/\/pubeurope.com\/@es\/115658828906774022","error":""},"_links":{"self":[{"href":"https:\/\/www.europesays.com\/es\/wp-json\/wp\/v2\/posts\/269963","targetHints":{"allow":["GET"]}}],"collection":[{"href":"https:\/\/www.europesays.com\/es\/wp-json\/wp\/v2\/posts"}],"about":[{"href":"https:\/\/www.europesays.com\/es\/wp-json\/wp\/v2\/types\/post"}],"author":[{"embeddable":true,"href":"https:\/\/www.europesays.com\/es\/wp-json\/wp\/v2\/users\/2"}],"replies":[{"embeddable":true,"href":"https:\/\/www.europesays.com\/es\/wp-json\/wp\/v2\/comments?post=269963"}],"version-history":[{"count":0,"href":"https:\/\/www.europesays.com\/es\/wp-json\/wp\/v2\/posts\/269963\/revisions"}],"wp:featuredmedia":[{"embeddable":true,"href":"https:\/\/www.europesays.com\/es\/wp-json\/wp\/v2\/media\/269964"}],"wp:attachment":[{"href":"https:\/\/www.europesays.com\/es\/wp-json\/wp\/v2\/media?parent=269963"}],"wp:term":[{"taxonomy":"category","embeddable":true,"href":"https:\/\/www.europesays.com\/es\/wp-json\/wp\/v2\/categories?post=269963"},{"taxonomy":"post_tag","embeddable":true,"href":"https:\/\/www.europesays.com\/es\/wp-json\/wp\/v2\/tags?post=269963"}],"curies":[{"name":"wp","href":"https:\/\/api.w.org\/{rel}","templated":true}]}}