{"id":269967,"date":"2025-12-04T02:02:13","date_gmt":"2025-12-04T02:02:13","guid":{"rendered":"https:\/\/www.europesays.com\/es\/269967\/"},"modified":"2025-12-04T02:02:13","modified_gmt":"2025-12-04T02:02:13","slug":"kate-middleton-estrena-la-tiara-de-rubies-indios-la-favorita-de-la-reina-madre-y-que-isabel-ii-llevo-en-publico-solo-una-vez","status":"publish","type":"post","link":"https:\/\/www.europesays.com\/es\/269967\/","title":{"rendered":"Kate Middleton estrena la tiara de rub\u00edes indios, la favorita de la Reina Madre y que Isabel II llev\u00f3 en p\u00fablico solo una vez"},"content":{"rendered":"<p id=\"eKAjLNYb3b\" data-wc=\"127\">Esta ma\u00f1ana Kate Middleton y el pr\u00edncipe Guillermo de Inglaterra eran los encargados de dar la <strong>bienvenida en el aeropuerto de Heathrow<\/strong> al <strong>presidente de la Rep\u00fablica Federal de Alemania<\/strong>, Frank-Walter Steinmeier, y la primera dama, Elke B\u00fcdenbender, que <a class=\"hm-link ho-link\" href=\"https:\/\/www.hola.com\/moda\/20251126869503\/reina-letizia-cena-gala-presidente-alemania-look-vestido-negro-tiara-cartier-perlas\/\" data-mrf-recirculation=\"article-body-link\" rel=\"nofollow noopener\" target=\"_blank\">la semana pasada estuvieron en Espa\u00f1a<\/a>. Y lo hac\u00edan antes de participar en un desfile de carruajes en el castillo de Windsor, una cita muy especial en la que tambi\u00e9n <a class=\"hm-link ho-link\" href=\"https:\/\/www.hola.com\/realeza\/casa_inglesa\/20251203870911\/principe-guillermo-kate-middleton-reciben-al-presidente-aleman-en-visita-de-estado\/\" data-mrf-recirculation=\"article-body-link\" rel=\"nofollow noopener\" target=\"_blank\">han estado presentes los reyes Carlos y Camilla<\/a>. Pero uno de los momentos m\u00e1s esperados era el banquete de Estado que ha tenido lugar esta noche y en el que la princesa de Gales ha deslumbrado con un vestido azul, con capa, lleno de brillos y una tiara \u00abde estreno\u00bb, pues es la primera vez que la lleva.<\/p>\n<p> <img src=\"https:\/\/www.europesays.com\/es\/wp-content\/uploads\/2025\/12\/159f7e59a4eb-5896508151854913079804566035704203943552230n.jpg\"   width=\"821\" height=\"1024\" loading=\"lazy\" decoding=\"async\" alt=\"Kate Middleton y el pr\u00edncipe Guillermo en el banquete de Estado con el presidente de Alemania\" fetchpriority=\"auto\" class=\"image ho-image\"\/>\u00a9 @princeandprincessofwales<\/p>\n<p id=\"eAk4znF0zla\" data-wc=\"120\">Aunque Kate Middleton suele confiar en la tiara Lover\u2019s Knot, la favorita de Diana de Gales, en esta ocasi\u00f3n se ha decantado por la Indian Circlet o tiara de rub\u00edes indios. Dise\u00f1ada para la reina Victoria en <strong>la d\u00e9cada de 1850\u00a0<\/strong>por el pr\u00edncipe Alberto, es una reliquia de la corona, lo que significa que Isabel t\u00e9cnicamente hered\u00f3 su uso en 1952, al convertirse en Reina. Pero era <strong>una\u00a0de las favoritas de la Reina Madre<\/strong>, as\u00ed que fue esta quien la conserv\u00f3 hasta su muerte, cincuenta a\u00f1os despu\u00e9s. Isabel II la\u00a0us\u00f3 en p\u00fablico solo una vez, para un banquete en Malta en 2005, de modo que esta fue<strong>\u00a0la \u00faltima tiara que \u00abestren\u00f3\u00bb durante su reinado de platino<\/strong>.<\/p>\n<p id=\"eDjAf4EW0by\" data-wc=\"114\">La tiara fue <strong>realizada por la joyer\u00eda londinense Garrard &amp; Co. en 1853<\/strong> y su dise\u00f1o est\u00e1 basado en arcos mongoles que rodean flores de loto. Lo m\u00e1s llamativo es que la pieza original que encarg\u00f3 el pr\u00edncipe Alberto no ten\u00eda rub\u00edes, estaba realizada con oro, \u00f3palos (una de las piedras favoritas del Pr\u00edncipe) y 2.600 diamantes. Fue su nuera, la reina Alejandra, quien creyendo que los \u00f3palos tra\u00edan mala suerte, pidi\u00f3 reemplazarlo. Se colocaron entonces rub\u00edes de un collar regalado a la reina Victoria por el gobernante de Nepal en 1873. As\u00ed mismo se redujo el tama\u00f1o de la tiara que pas\u00f3 de 17 a los 11 arcos que tiene en la actualidad.<\/p>\n<p> <img src=\"https:\/\/www.europesays.com\/es\/wp-content\/uploads\/2025\/12\/583ad9d9d95d-gettyimages-2249144130.jpg\"   width=\"1080\" height=\"1800\" loading=\"lazy\" decoding=\"async\" alt=\"Kate Middleton en la cena de gala del presidente de Alemania\" fetchpriority=\"auto\" class=\"image ho-image\"\/>\u00a9 Getty Images<\/p>\n<p id=\"eGRppDTQlQc\" data-wc=\"151\">Igual que en las dos cenas de gala anteriores a esta, la princesa de Gales ha optado por lucirla sobre su melena suelta. Esta elecci\u00f3n suele generar debate, ya que son muchos los que consideran que, al no llevar la melena recogida, se incumple el protocolo. Sin embargo, Marina Fern\u00e1ndez, directora de comunicaci\u00f3n de la Escuela Internacional de Protocolo y Eventos, nos <a class=\"hm-link ho-link\" href=\"https:\/\/www.hola.com\/belleza\/20251107866019\/reina-letizia-kate-middleton-tiara-pelo-suelto-analisis-experta-protocolo\/\" data-mrf-recirculation=\"article-body-link\" rel=\"nofollow noopener\" target=\"_blank\">despejaba todas las dudas en una entrevista<\/a>. \u00ab<strong>No es una cuesti\u00f3n protocolaria<\/strong>.<strong>\u00a0Es una cuesti\u00f3n del gusto personal de la mujer<\/strong> y de si quiere llevar el pelo recogido de una manera muy elaborada o de una manera m\u00e1s sencilla, con el pelo suelto. No tiene nada que ver con el protocolo. <strong>No est\u00e1 escrito en ning\u00fan sitio. No existe ning\u00fan tipo de norma ni de regla<\/strong>. El protocolo tiene muy pocas normas y, desde luego, no se refieren al pelo de ninguna mujer, por muy Reina que sea\u00bb.\u00a0<\/p>\n<p> <img src=\"https:\/\/www.europesays.com\/es\/wp-content\/uploads\/2025\/12\/51c1bbc7e5cb-gettyimages-2249150650.jpg\"   width=\"682\" height=\"1024\" loading=\"lazy\" decoding=\"async\" alt=\"Kate Middleton y el pr\u00edncipe Guillermo en la cena de gala con el presidente de Alemania\" fetchpriority=\"auto\" class=\"image ho-image\"\/>\u00a9 Getty Images<\/p>\n<p id=\"euPwCSeILnm\" data-wc=\"117\">En cuanto al vestido, Kate Middleton ha vuelto a confiar en una de sus siluetas favoritas. <strong>Los dise\u00f1os con capa han marcado el armario de la esposa del pr\u00edncipe Guillermo de Inglaterra\u00a0<\/strong>en numerosas ocasiones, y esta noche han vuelto a hacerlo. La Princesa se ha decantado por un vestido azul, con escote asim\u00e9trico y cuajado de pedrer\u00eda de arriba a abajo, que se adapta con suavidad a su silueta gracias a un sutil drapeado en la zona de la cintura. De los hombros nace una capa de gasa, liviana, que acompa\u00f1a cada uno de sus pasos, y funciona a la vez de falsas mangas. Un vestido firmado por Jenny Packham, una de sus dise\u00f1adoras de cabecera.<\/p>\n<p>As\u00ed han sido los \u00faltimos looks de gala de Kate Middleton<\/p>\n<p id=\"e2gnx2bvXB\" data-wc=\"93\">El pasado mes de julio, Kate Middleton y el pr\u00edncipe Guillermo de Inglaterra participaban en otra cena de gala. En ese caso fue durante la <strong>visita de Estado del presidente franc\u00e9s, Emmanuel Macron, y la primera dama, Brigitte Macron<\/strong>; era el primer viaje de esta \u00edndole que hac\u00eda un jefe de Estado con el rey Carlos III en el trono. Ese d\u00eda la princesa de Gales volvi\u00f3 a ponerse tiara. No la llevaba desde el 5 de diciembre de 2023 con motivo de la <a class=\"hm-link ho-link\" href=\"https:\/\/www.hola.com\/moda\/actualidad\/20230602233078\/kate-middleton-vestido-lentejuelas-tiara-pendientes-isabel-ii-boda-jordania\/\" data-mrf-recirculation=\"article-body-link\" rel=\"nofollow noopener\" target=\"_blank\">recepci\u00f3n al Cuerpo Diplom\u00e1tico<\/a> en el Palacio de Buckingham.\u00a0<\/p>\n<p>  <img src=\"https:\/\/www.europesays.com\/es\/wp-content\/uploads\/2025\/12\/b2718aba878d-ready-for-what-promises-to-be-a-wonderful-state-banquet-this-evening-in-windsor.jpg\"   width=\"1080\" height=\"1800\" loading=\"lazy\" decoding=\"async\" alt=\"Media Image\" fetchpriority=\"auto\" class=\"image ho-image\"\/>\u00a9 princeandprincessofwales<\/p>\n<p>  <img src=\"https:\/\/www.europesays.com\/es\/wp-content\/uploads\/2025\/12\/de428397c170-gettyimages-2224149308.jpg\"   width=\"1080\" height=\"1800\" loading=\"lazy\" decoding=\"async\" alt=\" Kate Middleton acudir\u00e1 al banquete de Estado y se pondr\u00e1 una tiara por primera vez desde el 2023 \" fetchpriority=\"auto\" class=\"image ho-image\"\/>\u00a9 Getty Images<\/p>\n<p id=\"eyX_5iQHlJa\" data-wc=\"96\"><a class=\"hm-link ho-link\" href=\"https:\/\/www.hola.com\/realeza\/casa_inglesa\/20250708842965\/kate-middleton-con-la-tiara-favorita-de-diana-de-gales-para-su-gran-regreso-en-la-cena-de-estado-en-honor-al-matrimonio-macron\/\" data-mrf-recirculation=\"article-body-link\" rel=\"nofollow noopener\" target=\"_blank\">La Princesa deslumbr\u00f3 con un vestido rojo con capa<\/a>, de Sarah Burton para Givenchy, que luci\u00f3 con <strong>la tiara Lover\u2019s Knot, que tantas veces eligi\u00f3 Diana de Gales<\/strong>. La madre del pr\u00edncipe Guillermo la recibi\u00f3 como regalo de bodas por parte de la reina Isabel II en 1981. Esta joya tiene 19 arcos de diamantes decorados con 39 perlas y fue un encargo de la reina Mary en 1913 a la joyer\u00eda Garrard. Tras su fallecimiento, la joya permaneci\u00f3 guardada hasta que la entonces duquesa de Cambridge la recuper\u00f3 para un banquete de Estado en 2015.\u00a0<\/p>\n<p> <img src=\"https:\/\/www.europesays.com\/es\/wp-content\/uploads\/2025\/12\/efff27bc72f0-gettyimages-2223553571.jpg\"   width=\"1024\" height=\"682\" loading=\"lazy\" decoding=\"async\" alt=\" Kate Middleton acudir\u00e1 al banquete de Estado y se pondr\u00e1 una tiara por primera vez desde el 2023 \" fetchpriority=\"auto\" class=\"image ho-image\"\/>\u00a9 Getty Images<\/p>\n<p id=\"e888E2phNe\" data-wc=\"105\">Pero no ha sido la \u00fanica cena de gala en la que ha participado este a\u00f1o. El pasado 17 de septiembre los pr\u00edncipes de Gales compart\u00edan mesa con el presidente de Estados Unidos, Donald Trump, y la primera dama, Melania Trump, en un banquete de Estado celebrado con motivo de su visita a Londres. <a class=\"hm-link ho-link\" href=\"https:\/\/www.hola.com\/moda\/20250917856420\/kate-middleton-look-cena-gala-visita-trump-vestido-encaje-tiara-lovers-knot\/\" data-mrf-recirculation=\"article-body-link\" rel=\"nofollow noopener\" target=\"_blank\">Kate Middleton se decant\u00f3 por la est\u00e9tica nupcial<\/a> (algo que ya hab\u00eda hecho la reina Letizia o Charlene de M\u00f3naco) con un vestido marfil, velado con abrigo de encaje con ricos bordados florales, de la brit\u00e1nica Phillipa Lepley. Como joya principal, la Princesa recuperaba, una vez m\u00e1s,<strong data-gid=\"efABTKU24i\">\u00a0la tiara Lover\u2019s Knot<\/strong>.\u00a0<\/p>\n<p> <img src=\"https:\/\/www.europesays.com\/es\/wp-content\/uploads\/2025\/12\/0b479b91b637-549677882185324158600456603574140378514777128n.jpg\"   width=\"817\" height=\"1024\" loading=\"lazy\" decoding=\"async\" alt=\"Kate Middleton\" fetchpriority=\"auto\" class=\"image ho-image\"\/>\u00a9 princeandprincessofwales \/ Matt Porteous<\/p>\n<p> <img src=\"https:\/\/www.europesays.com\/es\/wp-content\/uploads\/2025\/12\/e62267725221-gettyimages-2235418111.jpg\"   width=\"1080\" height=\"1800\" loading=\"lazy\" decoding=\"async\" alt=\"Kate Middleton\" fetchpriority=\"auto\" class=\"image ho-image\"\/>\u00a9 Getty Images<\/p>\n<p id=\"eyf0ECorXGi\" data-wc=\"33\">Adem\u00e1s, llev\u00f3 pendientes de diamantes en forma de racimo ovalado y parte central con diamantes en degrad\u00e9, que pertenecieron a la reina Isabel II; y varias condecoraciones como la de la Orden Victoriana.<\/p>\n","protected":false},"excerpt":{"rendered":"Esta ma\u00f1ana Kate Middleton y el pr\u00edncipe Guillermo de Inglaterra eran los encargados de dar la bienvenida en&hellip;\n","protected":false},"author":2,"featured_media":269968,"comment_status":"","ping_status":"","sticky":false,"template":"","format":"standard","meta":{"footnotes":""},"categories":[91],"tags":[146,147,25,24,18700,1028,1023,23],"class_list":{"0":"post-269967","1":"post","2":"type-post","3":"status-publish","4":"format-standard","5":"has-post-thumbnail","7":"category-entretenimiento","8":"tag-entertainment","9":"tag-entretenimiento","10":"tag-es","11":"tag-espana","12":"tag-kate-middleton","13":"tag-looks-realeza","14":"tag-moda","15":"tag-spain"},"share_on_mastodon":{"url":"https:\/\/pubeurope.com\/@es\/115658840398896550","error":""},"_links":{"self":[{"href":"https:\/\/www.europesays.com\/es\/wp-json\/wp\/v2\/posts\/269967","targetHints":{"allow":["GET"]}}],"collection":[{"href":"https:\/\/www.europesays.com\/es\/wp-json\/wp\/v2\/posts"}],"about":[{"href":"https:\/\/www.europesays.com\/es\/wp-json\/wp\/v2\/types\/post"}],"author":[{"embeddable":true,"href":"https:\/\/www.europesays.com\/es\/wp-json\/wp\/v2\/users\/2"}],"replies":[{"embeddable":true,"href":"https:\/\/www.europesays.com\/es\/wp-json\/wp\/v2\/comments?post=269967"}],"version-history":[{"count":0,"href":"https:\/\/www.europesays.com\/es\/wp-json\/wp\/v2\/posts\/269967\/revisions"}],"wp:featuredmedia":[{"embeddable":true,"href":"https:\/\/www.europesays.com\/es\/wp-json\/wp\/v2\/media\/269968"}],"wp:attachment":[{"href":"https:\/\/www.europesays.com\/es\/wp-json\/wp\/v2\/media?parent=269967"}],"wp:term":[{"taxonomy":"category","embeddable":true,"href":"https:\/\/www.europesays.com\/es\/wp-json\/wp\/v2\/categories?post=269967"},{"taxonomy":"post_tag","embeddable":true,"href":"https:\/\/www.europesays.com\/es\/wp-json\/wp\/v2\/tags?post=269967"}],"curies":[{"name":"wp","href":"https:\/\/api.w.org\/{rel}","templated":true}]}}