{"id":269973,"date":"2025-12-04T02:06:23","date_gmt":"2025-12-04T02:06:23","guid":{"rendered":"https:\/\/www.europesays.com\/es\/269973\/"},"modified":"2025-12-04T02:06:23","modified_gmt":"2025-12-04T02:06:23","slug":"la-dgt-se-defiende-de-la-denuncia-de-facua-y-culpa-al-tribunal-supremo","status":"publish","type":"post","link":"https:\/\/www.europesays.com\/es\/269973\/","title":{"rendered":"la DGT se defiende de la denuncia de Facua y culpa al Tribunal Supremo"},"content":{"rendered":"<p style=\"\">La Direcci\u00f3n General de Tr\u00e1fico (DGT) ha respondido a <strong>las acusaciones de Facua-Consumidores en Acci\u00f3n<\/strong> que denunci\u00f3 que el organismo est\u00e1 favoreciendo un fraude masivo en la venta de balizas de emergencia V-16 no homologadas.<\/p>\n<p style=\"\">En su defensa la DGT ha explicado  &#8230; a Europa Press que este organismo no era partidario de la comercializaci\u00f3n de dispositivos sin conexi\u00f3n, pero la Sala Tercera del Tribunal Supremo dio la raz\u00f3n a los fabricantes en 2021 autorizando el uso de dispositivos sin geolocalizaci\u00f3n hasta enero de 2026.<\/p>\n<p class=\"voc-p\" style=\"\"> Fuentes <strong>del departamento que dirige Pere Navarro<\/strong> se\u00f1alaron que la recomendaci\u00f3n a los consumidores ha sido desde el primer momento consultar la web de la DGT para comprobar que la baliza est\u00e9 conectada al sistema antes de comprarla.<\/p>\n<p class=\"voc-p\" style=\"\">A trav\u00e9s de su web Tr\u00e1fico dispone de<a href=\"https:\/\/www.abc.es\/motor\/guardia-civil-explica-vehiculos-obligados-llevar-baliza-20251202122920-nt.html\" target=\"_self\" data-voc-vtm-id=\"in-text-traffic\" title=\" los listados y certificados oficiales\" data-mrf-link=\"www.abc.es\" rel=\"nofollow noopener\"> los listados y certificados oficiales<\/a> de los m\u00e1s de 200 modelos disponibles en el mercado que se ajustan a la normativa de cara a la obligatoriedad.<\/p>\n<p>\nLa denuncia de Facua\n<\/p>\n<p class=\"voc-p\" style=\"\"> La respuesta de Tr\u00e1fico llega despu\u00e9s de que Rub\u00e9n S\u00e1nchez secretario general de Facua acusara a la DGT de grav\u00edsima pasividad por no haber frenado el supuesto fraude.<\/p>\n<p class=\"voc-p\" style=\"\"> S\u00e1nchez afirm\u00f3 que \u00abla DGT est\u00e1 callada mientras multitud de empresas fabricantes y plataformas de venta se est\u00e1n forrando al comercializar balizas no conectadas y anunciarlas como homologadas por la DGT usando incluso su logotipo sin aclarar que no ser\u00e1n v\u00e1lidas a partir del 1 de enero de 2026\u00bb.<\/p>\n<p class=\"voc-p\" style=\"\"> Seg\u00fan Facua ning\u00fan consumidor \u00aben su sano juicio\u00bb compra una baliza de este tipo si sabe que no va a ser \u00fatil y argumenta que la omisi\u00f3n de datos absolutamente premeditada busca eliminar el stock de dispositivos no conectados incurriendo en un acto de enga\u00f1o.<\/p>\n<p class=\"voc-p\" style=\"\"><strong>Facua ha exigido a la DGT un protocolo de alerta p\u00fablica<\/strong> y una comunicaci\u00f3n directa a todos los conductores para aclarar la obligaci\u00f3n que entrar\u00e1 en vigor el pr\u00f3ximo 1 de enero.<\/p>\n<p class=\"voc-p\" style=\"\"> Rub\u00e9n S\u00e1nchez ha instado a los consumidores que hayan comprado una baliza no conectada sin la debida aclaraci\u00f3n a reclamar la devoluci\u00f3n del importe, argumentando que la venta sin informar claramente que el dispositivo no tiene el sistema de conectividad a trav\u00e9s de tarjeta SIM obligatorio a partir de 2026 vulnera el art\u00edculo 5 de la Ley de Competencia Desleal y los art\u00edculos 20 y 60 de la Ley General para la Defensa de los Consumidores y Usuarios.<\/p>\n<p class=\"voc-p\" style=\"\"> La DGT reitera que<a href=\"https:\/\/www.abc.es\/motor\/unicos-modelos-homologados-dgt-baliza-v16-conectada-20251113114739-nt.html\" target=\"_self\" data-voc-vtm-id=\"in-text-traffic\" title=\" la obligatoriedad de la baliza V-16 conectada\" data-mrf-link=\"www.abc.es\" rel=\"nofollow noopener\"> la obligatoriedad de la baliza V-16 conectada<\/a> que sustituir\u00e1 a los tri\u00e1ngulos de emergencia entra en vigor el 1 de enero de 2026. Este dispositivo funcionar\u00e1 de forma aut\u00f3noma gracias a una tarjeta SIM integrada y no requerir\u00e1 de tel\u00e9fono m\u00f3vil ni aplicaciones.<\/p>\n<p class=\"voc-p\" style=\"\"> Las infracciones por no llevarla ser\u00e1n consideradas leves y sancionadas con 80 euros La DGT enfatiza que <strong>solo ser\u00e1n v\u00e1lidas las balizas V-16 homologadas<\/strong> y publicadas en su listado oficial que hayan superado ensayos certificados y que incluyan el nombre del laboratorio y el n\u00famero de certificado grabado en la tulipa.<\/p>\n","protected":false},"excerpt":{"rendered":"La Direcci\u00f3n General de Tr\u00e1fico (DGT) ha respondido a las acusaciones de Facua-Consumidores en Acci\u00f3n que denunci\u00f3 que&hellip;\n","protected":false},"author":2,"featured_media":269974,"comment_status":"","ping_status":"","sticky":false,"template":"","format":"standard","meta":{"footnotes":""},"categories":[8],"tags":[66057,17,18,16395,5443,6775,814,25,24,8966,13,14,11,19,20,9,10,15,16,23,8312,12,9596,21,22,62318],"class_list":{"0":"post-269973","1":"post","2":"type-post","3":"status-publish","4":"format-standard","5":"has-post-thumbnail","7":"category-espana","8":"tag-balizas","9":"tag-breaking-news","10":"tag-breakingnews","11":"tag-culpa","12":"tag-defiende","13":"tag-denuncia","14":"tag-dgt","15":"tag-es","16":"tag-espana","17":"tag-facua","18":"tag-featured-news","19":"tag-featurednews","20":"tag-headlines","21":"tag-latest-news","22":"tag-latestnews","23":"tag-news","24":"tag-noticias","25":"tag-noticias-destacadas","26":"tag-noticiasdestacadas","27":"tag-spain","28":"tag-supremo","29":"tag-titulares","30":"tag-tribunal","31":"tag-ultimas-noticias","32":"tag-ultimasnoticias","33":"tag-v16"},"share_on_mastodon":{"url":"https:\/\/pubeurope.com\/@es\/115658855840166434","error":""},"_links":{"self":[{"href":"https:\/\/www.europesays.com\/es\/wp-json\/wp\/v2\/posts\/269973","targetHints":{"allow":["GET"]}}],"collection":[{"href":"https:\/\/www.europesays.com\/es\/wp-json\/wp\/v2\/posts"}],"about":[{"href":"https:\/\/www.europesays.com\/es\/wp-json\/wp\/v2\/types\/post"}],"author":[{"embeddable":true,"href":"https:\/\/www.europesays.com\/es\/wp-json\/wp\/v2\/users\/2"}],"replies":[{"embeddable":true,"href":"https:\/\/www.europesays.com\/es\/wp-json\/wp\/v2\/comments?post=269973"}],"version-history":[{"count":0,"href":"https:\/\/www.europesays.com\/es\/wp-json\/wp\/v2\/posts\/269973\/revisions"}],"wp:featuredmedia":[{"embeddable":true,"href":"https:\/\/www.europesays.com\/es\/wp-json\/wp\/v2\/media\/269974"}],"wp:attachment":[{"href":"https:\/\/www.europesays.com\/es\/wp-json\/wp\/v2\/media?parent=269973"}],"wp:term":[{"taxonomy":"category","embeddable":true,"href":"https:\/\/www.europesays.com\/es\/wp-json\/wp\/v2\/categories?post=269973"},{"taxonomy":"post_tag","embeddable":true,"href":"https:\/\/www.europesays.com\/es\/wp-json\/wp\/v2\/tags?post=269973"}],"curies":[{"name":"wp","href":"https:\/\/api.w.org\/{rel}","templated":true}]}}