{"id":269975,"date":"2025-12-04T02:07:20","date_gmt":"2025-12-04T02:07:20","guid":{"rendered":"https:\/\/www.europesays.com\/es\/269975\/"},"modified":"2025-12-04T02:07:20","modified_gmt":"2025-12-04T02:07:20","slug":"las-notas-de-los-jugadores-del-betis-ante-el-torrent","status":"publish","type":"post","link":"https:\/\/www.europesays.com\/es\/269975\/","title":{"rendered":"Las notas de los jugadores del Betis ante el Torrent"},"content":{"rendered":"<p class=\"ft-text\">El <strong>Real Betis Balompi\u00e9<\/strong> cumpli\u00f3 en el Ciutat de Val\u00e8ncia y <a class=\"ft-link ft-link--decoration\" href=\"https:\/\/www.elcorreoweb.es\/betis\/2025\/12\/03\/cronica-torrent-betis-riquelme-sella-pase-124420511.html\" target=\"_blank\" rel=\"nofollow noopener\">sell\u00f3 ante el Torrent el pase a los dieciseisavos de final de la Copa del Rey<\/a>.<\/p>\n<p class=\"ft-text\">Lo hizo gracias a<strong> tres goles de Rodrigo Riquelme y uno de \u00c1ngel Ortiz<\/strong> ya en las postrimer\u00edas en una noche en la capital del Turia en la que los de Manuel Pellegrini no dieron opci\u00f3n a los de Toni Seligrat y encaminaron la eliminatoria a los diez minutos. El martes 9 de diciembre conocer\u00e1 a su pr\u00f3ximo rival.<\/p>\n<p>Las notas de los jugadores del Betis<\/p>\n<p class=\"ft-text\"><strong>(7) Manuel Pellegrini<\/strong>: cumple en el expediente copero y avanza de ronda. Parece que recupera a Rodrigo Riquelme, jugador importante que lo ser\u00e1 m\u00e1s cuando Abde se vaya con Marruecos a la Copa \u00c1frica. El madrile\u00f1o hizo tres goles, le dio minutos a Corralejo y s\u00f3lo tuvo dos notas negativas en el verde, Chimy y Bakambu. Necesita un 9 en invierno, un verdadero refuerzo, para competir con Cucho y elevar el nivel de la plantilla.<\/p>\n<p>Titulares<\/p>\n<p class=\"ft-text\"><strong>(5) Adri\u00e1n San Miguel<\/strong>: concentrado en el 82&#8242; en un error de Deossa en el que Jos\u00e9 Vargas &#8216;Gasolina&#8217; la tuvo desde la frontal. El atacante del Torrent quiso colocarla y el meta sevillano estuvo atento para desviar a la esquina. Pudo evitar en cierta medida el gol del Torrent si llega a reaccionar antes, pero no fue s\u00f3lo fallo suyo.<\/p>\n<p class=\"ft-text\"><strong>(8) \u00c1ngel Ortiz<\/strong>: tiene much\u00edsimo futuro por delante, y presente. Cada minuto lo aprovecha al m\u00e1ximo y ante el Torrent no par\u00f3 de generar superioridad por la banda. Prob\u00f3 el disparo desde fuera hasta que en un bal\u00f3n atr\u00e1s de Junior hizo el cuarto en el 90&#8242;.<\/p>\n<p class=\"ft-text\"><strong>(6) Diego Llorente<\/strong>: no estuvo del todo certero en el gol del Torrent, pudiendo ganar el duelo a\u00e9reo a Corbal\u00e1n. Hasta el 85&#8242;, seguro y sin errores.<\/p>\n<p class=\"ft-text\"><strong>(5) Valent\u00edn G\u00f3mez<\/strong>: muy c\u00f3modo en la primera mitad en un contexto en el que apenas estuvo exigido por el rival.<\/p>\n<p class=\"ft-text\"><strong>(5) Ricardo Rodr\u00edguez<\/strong>: no comete errores, aprueba y siempre mira su carril para no sufrir a la espalda. Si se prodigara m\u00e1s en ataque&#8230;<\/p>\n<p class=\"ft-text\"><strong>(6) Sergi Altimira<\/strong>: controlando con absoluta tranquilidad el encuentro en sus 90 minutos. \u00c9l decidi\u00f3 d\u00f3nde deb\u00eda ir el bal\u00f3n del Betis.<\/p>\n<p class=\"ft-text\"><strong>(6) Nelson Deossa<\/strong>: empez\u00f3 muy activo probando desde fuera, asoci\u00e1ndose con sus compa\u00f1eros y estando siempre inmerso en todas las jugadas de ataque, tambi\u00e9n activo en defensa bajando a recuperar gracias a la gran aceleraci\u00f3n que tiene en los primeros metros. Acab\u00f3 mucho peor el duelo, sin tensi\u00f3n y fallando balones f\u00e1ciles como el que le dio a Gasolina y despu\u00e9s sobrepasado en el salto por Corbal\u00e1n en el gol del Torrent.<\/p>\n<p class=\"ft-text\"><strong>(5) Antony Santos<\/strong>: gris el de Osasco en el choque copero en el que busc\u00f3 llegar a tono frente al Bar\u00e7a. Quiso el bal\u00f3n, lo intent\u00f3 por fuera y por dentro, pero le falt\u00f3 precisi\u00f3n en los env\u00edos y en disparos. Entre \u00e9l y el Torrent hab\u00eda una diferencia abismal de calidad.<\/p>\n<p class=\"ft-text\"><strong>(2) Chimy \u00c1vila<\/strong>: amarilla sin sentido alguna por ir con la pierna levantada en una salida de bal\u00f3n escorada de Llambrich, jug\u00e1ndose la roja y dejar con 10 al Betis. Particip\u00f3 en el juego ofensivo, tuvo el gol en el 40&#8242; pero pudo dar m\u00e1s. No aporta casi nada.<\/p>\n<p><img decoding=\"async\" src=\"https:\/\/www.europesays.com\/es\/wp-content\/uploads\/2025\/12\/62c413b3-1ab6-452a-b51a-e0f32b63157b_alta-libre-aspect-ratio_default_0.jpg\" width=\"1200\" height=\"799\" alt=\"VALENCIA, 03\/12\/2025.- Los jugadores del Betis celebran el tercer gol de su equipo durante el encuentro correspondiente a la segunda ronda de la Copa del Rey que disputan hoy mi\u00e9rcoles Torrent y Betis en el estadio Ciutat de Valencia. EFE \/ Manuel Bruque.\" class=\"ft-helper-img-rd\" loading=\"lazy\"\/><\/p>\n<p class=\"ft-helper-fontColor-quaternary ft-helper-fontSize-body-S ft-helper-spacer-t-xxs\">Rodrigo Riquelme celebra su tercer gol en el Torrent-Betis de Copa del Rey en el Ciutat de Val\u00e8ncia.  \/ Manuel Bruque \/ EFE<\/p>\n<p class=\"ft-text\"><strong>(10) Rodrigo Riquelme<\/strong>: anot\u00f3 el primer tanto del Betis en el minuto diez con un disparo que \u00e9l mismo gener\u00f3 tras buscarse hueco en la frontal. Tambi\u00e9n hizo el segundo al filo del descanso en un centro envenenado al segundo palo y fue el m\u00e1s activo de todo el ataque verdiblanco. El mejor y pidiendo m\u00e1s minutos a Pellegrini, cerrando su hat-trick a pase de Pablo Garc\u00eda en la segunda mitad y sellando el pase a la siguiente ronda. En el cuarto de \u00c1ngel \u00e9l es quien le filtra el bal\u00f3n a Junior.<\/p>\n<p class=\"ft-text\"><strong>(4) C\u00e9dric Bakambu<\/strong>: se march\u00f3 en el 66&#8242; habiendo fallado un gol y dejando malas sensaciones en un partido propicio para volver a encontrar el gol. Entre Cucho y \u00e9l hay un mundo.<\/p>\n<p>Suplentes<\/p>\n<p class=\"ft-text\"><strong>(7) Junior Firpo<\/strong>: volvi\u00f3 a buen nivel tras un tiempo largo de inactividad y no par\u00f3 de ense\u00f1arse en la banda y pisar campo contrario. Le regal\u00f3 el cuarto a \u00c1ngel.<\/p>\n<p class=\"ft-text\"><strong>(5) Aitor Ruibal<\/strong>: entr\u00f3 para jugar por dentro pero no estuvo atinado de cara a gol.<\/p>\n<p class=\"ft-text\"><strong>(7) Pablo Garc\u00eda<\/strong>: no quiso meter en un problema a Adri\u00e1n nada m\u00e1s salir en un contragolpe en contra y casi acaba en gol del Torrent. Entr\u00f3 algo fr\u00edo, pero r\u00e1pido se enton\u00f3 para luchar cada bal\u00f3n y meterle mordiente al tramo final de las jugadas. En una de ellas levant\u00f3 con calma la cabeza y asisti\u00f3 a Riquelme en el 0-3 con un bal\u00f3n raso con decisi\u00f3n. Los goles llegar\u00e1n.<\/p>\n<p class=\"ft-text\"><strong>(5) Iv\u00e1n Corralejo<\/strong>: entr\u00f3 por Chimy \u00c1vila en el 76&#8242;. Prob\u00f3 suerte en un remate centrado de cabeza. Dej\u00f3 buenas sensaciones escondiendo el bal\u00f3n y particip\u00f3 en la jugada del cuarto.<\/p>\n","protected":false},"excerpt":{"rendered":"El Real Betis Balompi\u00e9 cumpli\u00f3 en el Ciutat de Val\u00e8ncia y sell\u00f3 ante el Torrent el pase a&hellip;\n","protected":false},"author":2,"featured_media":269976,"comment_status":"","ping_status":"","sticky":false,"template":"","format":"standard","meta":{"footnotes":""},"categories":[5],"tags":[291,17,18,1941,25,24,13,14,11,19,20,9,44773,10,15,16,23,12,53945,21,22],"class_list":{"0":"post-269975","1":"post","2":"type-post","3":"status-publish","4":"format-standard","5":"has-post-thumbnail","7":"category-titulares","8":"tag-betis","9":"tag-breaking-news","10":"tag-breakingnews","11":"tag-copa-del-rey","12":"tag-es","13":"tag-espana","14":"tag-featured-news","15":"tag-featurednews","16":"tag-headlines","17":"tag-latest-news","18":"tag-latestnews","19":"tag-news","20":"tag-notas-jugadores","21":"tag-noticias","22":"tag-noticias-destacadas","23":"tag-noticiasdestacadas","24":"tag-spain","25":"tag-titulares","26":"tag-torrent","27":"tag-ultimas-noticias","28":"tag-ultimasnoticias"},"share_on_mastodon":{"url":"https:\/\/pubeurope.com\/@es\/115658859968315119","error":""},"_links":{"self":[{"href":"https:\/\/www.europesays.com\/es\/wp-json\/wp\/v2\/posts\/269975","targetHints":{"allow":["GET"]}}],"collection":[{"href":"https:\/\/www.europesays.com\/es\/wp-json\/wp\/v2\/posts"}],"about":[{"href":"https:\/\/www.europesays.com\/es\/wp-json\/wp\/v2\/types\/post"}],"author":[{"embeddable":true,"href":"https:\/\/www.europesays.com\/es\/wp-json\/wp\/v2\/users\/2"}],"replies":[{"embeddable":true,"href":"https:\/\/www.europesays.com\/es\/wp-json\/wp\/v2\/comments?post=269975"}],"version-history":[{"count":0,"href":"https:\/\/www.europesays.com\/es\/wp-json\/wp\/v2\/posts\/269975\/revisions"}],"wp:featuredmedia":[{"embeddable":true,"href":"https:\/\/www.europesays.com\/es\/wp-json\/wp\/v2\/media\/269976"}],"wp:attachment":[{"href":"https:\/\/www.europesays.com\/es\/wp-json\/wp\/v2\/media?parent=269975"}],"wp:term":[{"taxonomy":"category","embeddable":true,"href":"https:\/\/www.europesays.com\/es\/wp-json\/wp\/v2\/categories?post=269975"},{"taxonomy":"post_tag","embeddable":true,"href":"https:\/\/www.europesays.com\/es\/wp-json\/wp\/v2\/tags?post=269975"}],"curies":[{"name":"wp","href":"https:\/\/api.w.org\/{rel}","templated":true}]}}