{"id":269981,"date":"2025-12-04T02:15:25","date_gmt":"2025-12-04T02:15:25","guid":{"rendered":"https:\/\/www.europesays.com\/es\/269981\/"},"modified":"2025-12-04T02:15:25","modified_gmt":"2025-12-04T02:15:25","slug":"me-siento-halagado-el-primer-fichaje-de-xavi-pascual-para-el-barca-de-basket-esta-mas-cerca-navarro-lo-acepta","status":"publish","type":"post","link":"https:\/\/www.europesays.com\/es\/269981\/","title":{"rendered":"\u201cMe siento halagado\u201d, el primer fichaje de Xavi Pascual para el Bar\u00e7a de basket est\u00e1 m\u00e1s cerca: Navarro lo acepta"},"content":{"rendered":"<p>                <a href=\"https:\/\/cronicaglobal.elespanol.com\/culemania\/secciones\/\" class=\"kicker--section\" rel=\"nofollow noopener\" target=\"_blank\">Secciones<\/a><\/p>\n<p>\n    El jugador ha aparecido en la \u00f3rbita azulgrana como un posible recambio en la posici\u00f3n de base, que tras las lesiones recientes ha sufrido un gran &#8216;mazazo&#8217;\n<\/p>\n<p>    Noticias relacionadas<\/p>\n<p class=\"paragraph\" id=\"paragraph_1\">La temporada 2025-26 del <a href=\"https:\/\/cronicaglobal.elespanol.com\/culemania\/secciones\/20251128\/estrella-barca-despega-inversion-millonaria-xavi-pascual\/1003742711695_0.html?utm_cmp_rs=linksinline\" target=\"_blank\" rel=\"nofollow noopener\">Bar\u00e7a de basket<\/a> est\u00e1 siendo un verdadero caos. La guinda del pastel fue la destituci\u00f3n de Joan Pe\u00f1arroya como entrenador cul\u00e9, pero dicha noticia no es la \u00fanica de car\u00e1cter negativo que ha atizado la actualidad cul\u00e9. <strong>Juan N\u00fa\u00f1ez sufri\u00f3 una reca\u00edda de su rotura en el menisco de su rodilla derecha<\/strong> y deber\u00e1 estar <strong>seis meses<\/strong> lejos de las pistas. Adem\u00e1s, Nico Laprovittola tambi\u00e9n ha vuelto a lesionarse. Frente a este escenario, <strong><a href=\"https:\/\/cronicaglobal.elespanol.com\/culemania\/secciones\/20251202\/crack-barca-basket-toca-xavi-pascual-luz\/1003742712711_0.html?utm_cmp_rs=linksinline\" target=\"_blank\" rel=\"nofollow noopener\">Juan Carlos Navarro<\/a> otea el mercado para reforzar la posici\u00f3n de base y parece que un nombre propio toma m\u00e1s fuerza que cualquier otro<\/strong>.<\/p>\n<p>Enfermer\u00eda llena<\/p>\n<p class=\"paragraph\" id=\"paragraph_2\">La lesi\u00f3n de <strong>N\u00fa\u00f1ez<\/strong> es la m\u00e1s grave de todas. A finales de septiembre, el FC Barcelona anunci\u00f3 que el base espa\u00f1ol se hab\u00eda sometido a otra <strong>artroscopia<\/strong> en su rodilla derecha, que <strong>lo mantendr\u00eda en situaci\u00f3n de baja \u00abdurante aproximadamente seis meses\u00bb<\/strong>. De este modo, las demarcaciones exteriores del conjunto cul\u00e9 sufrieron un gran golpe en su profundidad, algo que a\u00fan se acentu\u00f3 m\u00e1s con la <strong>reciente lesi\u00f3n de Nico Laprovittola<\/strong>, que estar\u00e1 fuera de las pistas un <strong>mes<\/strong>.<\/p>\n<p><img decoding=\"async\" alt=\"Juan N\u00fa\u00f1ez recibe una falta en el partido contra el Armani Milan\" data-imgm=\"true\" height=\"180\" loading=\"lazy\"  src=\"https:\/\/www.europesays.com\/es\/wp-content\/uploads\/2025\/09\/908419398_13865792_1024x576.jpg\"  width=\"320\"\/><\/p>\n<p>                                                            Juan N\u00fa\u00f1ez recibe una falta en el partido contra el Armani Milan<\/p>\n<p>                    EFE<\/p>\n<p><img decoding=\"async\" alt=\"Nico Laprovittola penetra a canasta, perseguido por Facu Campazzo\" data-imgm=\"true\" height=\"180\" loading=\"lazy\"  src=\"https:\/\/www.europesays.com\/es\/wp-content\/uploads\/2025\/12\/1003742705708_15381289_1024x576.jpg\"  width=\"320\"\/><\/p>\n<p>                                                            Nico Laprovittola penetra a canasta, perseguido por Facu Campazzo<\/p>\n<p>                    EFE<\/p>\n<p>Sustituto estrella<\/p>\n<p class=\"paragraph\" id=\"paragraph_3\">Frente a este escenario, han surgido muchas oportunidades de mercado para reforzar la posici\u00f3n de base y una de ellas es la de <strong>Trae Bell-Haynes<\/strong>. El &#8216;1&#8217; canadiense est\u00e1 firmando una gran temporada en el Casademont Zaragoza y tras las bajas en el equipo dirigido por Xavi Pascual,<strong> su posible fichaje aparece en la \u00f3rbita del Bar\u00e7a de basket. Adem\u00e1s, \u00e9l se deja querer<\/strong>.<\/p>\n<p><img decoding=\"async\" alt=\"Trae Bell-Haynes\" data-imgm=\"true\" height=\"180\" loading=\"lazy\"  src=\"https:\/\/www.europesays.com\/es\/wp-content\/uploads\/2025\/12\/895420476_15478090_1024x576.jpg\"  width=\"320\"\/><\/p>\n<p class=\"paragraph\" id=\"paragraph_4\">Seg\u00fan inform\u00f3 el medio Piratas del Basket, Navarro tiene puesto el ojo en Bell-Haynes. La noticia, lejos de resonar tan solo en las redes sociales, tambi\u00e9n <strong>lleg\u00f3 al propio jugador<\/strong>, que respondi\u00f3 a los rumores de su posible llegada a la Ciudad Condal: <strong>\u00ab<\/strong><strong>Es un halago, obviamente, cuando se te liga a algunos de los clubes m\u00e1s grandes de Europa\u00bb<\/strong>.<\/p>\n<p>Temporada espectacular<\/p>\n<p class=\"paragraph\" id=\"paragraph_5\">De este modo, <strong>Bell-Haynes abre la puerta al Bar\u00e7a de basket<\/strong> para que pruebe de certificar su traspaso, pero tampoco quiso cogerse los dedos con la puerta y habl\u00f3 de esta manera sobre su selecci\u00f3n, con la que se encuentra concentrado: <strong>\u00abA la vez, y en cuanto a ahora mismo, mi foco no est\u00e1 ni siquiera en Zaragoza o en d\u00f3nde podr\u00eda estar, es en Canad\u00e1\u00bb<\/strong>.<\/p>\n<p><img decoding=\"async\" alt=\"Trae Bell-Haynes con el Casademont Zaragoza\" data-imgm=\"true\" height=\"180\" loading=\"lazy\"  src=\"https:\/\/www.europesays.com\/es\/wp-content\/uploads\/2025\/12\/1003742713240_15478094_1024x576.jpg\"  width=\"320\"\/><\/p>\n<p>                                                            Trae Bell-Haynes con el Casademont Zaragoza<\/p>\n<p>                    REDES<\/p>\n<p class=\"paragraph\" id=\"paragraph_7\">El base canadiense <strong>est\u00e1 promediando 15 puntos, 2,1 rebotes, 4,6 asistencias en 25 minutos<\/strong> sobre la pista. Adem\u00e1s, tiene un porcentaje de tiro de tres m\u00e1s que decente: <strong>35,5%<\/strong>. Su llegada al Bar\u00e7a de basket ser\u00eda en calidad de fichaje low-cost.<\/p>\n","protected":false},"excerpt":{"rendered":"Secciones El jugador ha aparecido en la \u00f3rbita azulgrana como un posible recambio en la posici\u00f3n de base,&hellip;\n","protected":false},"author":2,"featured_media":269982,"comment_status":"","ping_status":"","sticky":false,"template":"","format":"standard","meta":{"footnotes":""},"categories":[269],"tags":[299,298,168,25,24,4469,8869,4468,4470,23,167],"class_list":{"0":"post-269981","1":"post","2":"type-post","3":"status-publish","4":"format-standard","5":"has-post-thumbnail","7":"category-baloncesto","8":"tag-baloncesto","9":"tag-basketball","10":"tag-deportes","11":"tag-es","12":"tag-espana","13":"tag-fcb-basket","14":"tag-joan-penarroya","15":"tag-juan-carlos-navarro","16":"tag-secciones","17":"tag-spain","18":"tag-sports"},"share_on_mastodon":{"url":"https:\/\/pubeurope.com\/@es\/115658891856237967","error":""},"_links":{"self":[{"href":"https:\/\/www.europesays.com\/es\/wp-json\/wp\/v2\/posts\/269981","targetHints":{"allow":["GET"]}}],"collection":[{"href":"https:\/\/www.europesays.com\/es\/wp-json\/wp\/v2\/posts"}],"about":[{"href":"https:\/\/www.europesays.com\/es\/wp-json\/wp\/v2\/types\/post"}],"author":[{"embeddable":true,"href":"https:\/\/www.europesays.com\/es\/wp-json\/wp\/v2\/users\/2"}],"replies":[{"embeddable":true,"href":"https:\/\/www.europesays.com\/es\/wp-json\/wp\/v2\/comments?post=269981"}],"version-history":[{"count":0,"href":"https:\/\/www.europesays.com\/es\/wp-json\/wp\/v2\/posts\/269981\/revisions"}],"wp:featuredmedia":[{"embeddable":true,"href":"https:\/\/www.europesays.com\/es\/wp-json\/wp\/v2\/media\/269982"}],"wp:attachment":[{"href":"https:\/\/www.europesays.com\/es\/wp-json\/wp\/v2\/media?parent=269981"}],"wp:term":[{"taxonomy":"category","embeddable":true,"href":"https:\/\/www.europesays.com\/es\/wp-json\/wp\/v2\/categories?post=269981"},{"taxonomy":"post_tag","embeddable":true,"href":"https:\/\/www.europesays.com\/es\/wp-json\/wp\/v2\/tags?post=269981"}],"curies":[{"name":"wp","href":"https:\/\/api.w.org\/{rel}","templated":true}]}}