{"id":269985,"date":"2025-12-04T02:17:17","date_gmt":"2025-12-04T02:17:17","guid":{"rendered":"https:\/\/www.europesays.com\/es\/269985\/"},"modified":"2025-12-04T02:17:17","modified_gmt":"2025-12-04T02:17:17","slug":"esta-bien-que-cada-uno-reciba-lo-que-ha-estado-sembrando-durante-anos","status":"publish","type":"post","link":"https:\/\/www.europesays.com\/es\/269985\/","title":{"rendered":"Est\u00e1 bien que cada uno reciba lo que ha estado sembrando durante a\u00f1os"},"content":{"rendered":"<p class=\"c-paragraph\"><a href=\"https:\/\/www.20minutos.es\/tags\/personas\/mar-flores.html\" title=\"Mar Flores\" rel=\"nofollow noopener\" target=\"_blank\">Mar Flores<\/a> asegura que <b>se siente m\u00e1s \u00aben calma\u00bb que nunca tras publicar sus memorias<\/b>, pues, aunque ha recibido cr\u00edticas machistas, muchas de las cuales le recuerdan a lo que ya oy\u00f3 en los 90, tiene una actitud muy distinta y ve que \u00abcada uno recibe de la vida lo que ha estado sembrando\u00bb, lo cual dijo como un dardo a su expareja, <a href=\"https:\/\/www.20minutos.es\/tags\/personas\/conde-lecquio.html\" title=\"Conde Lecquio\" rel=\"nofollow noopener\" target=\"_blank\">Alessandro Lecquio<\/a>.<\/p>\n<p class=\"c-paragraph\">\u00abMe ha dado una visi\u00f3n distinta de la vida, me ha dado una madurez. Superar los baches, resurgir de las cenizas&#8230;\u00bb, destac\u00f3 la modelo en El \u00faltimo tren, programa de Isabel Gemio en RNE. \u00abVolver a escuchar las mismas cosas que ya no me afectan\u2026 creo que <b>me ha dado una posici\u00f3n superior a los dem\u00e1s<\/b>\u00ab.<\/p>\n<p class=\"c-paragraph\">Seg\u00fan afirm\u00f3 la empresaria, est\u00e1 \u00aben un nivel espiritual y personal bastante superior a todas estas personas que siguen todav\u00eda ancladas en el pasado\u00bb, por las cuales siente \u00abpena\u00bb, pues considera que \u00abnecesitan pasar por un proceso terap\u00e9utico, psicol\u00f3gico y de reflexi\u00f3n sobre lo que han hecho y lo que quieren ser en su vida\u00bb.<\/p>\n<p class=\"c-paragraph\">\u00abMi voz est\u00e1 en mi libro. Quien quiera leer mi historia puede leer y, quien no, puede abrir los o\u00eddos y escuchar a <b>tantas mujeres a las que muchas veces se le ha tapado la voz<\/b> y que hoy en d\u00eda est\u00e1n apoyadas por la justicia. Est\u00e1n reconociendo que han vivido un proceso muy doloroso para una mujer\u00bb, defendi\u00f3 Mar Flores.<\/p>\n<p class=\"c-paragraph\">En ese momento, reflexion\u00f3 sobre la justicia y el karma con una frase que, tal y como indic\u00f3 el perfil de Instagram de El \u00faltimo tren, era <b>un dardo a Alessandro Lecquio<\/b>, recientemente despedido de <a href=\"https:\/\/www.20minutos.es\/tags\/instituciones-empresas\/telecinco.html\" title=\"Telecinco\" rel=\"nofollow noopener\" target=\"_blank\">Telecinco<\/a>\u00a0por supuestos malos tratos a <a href=\"https:\/\/www.20minutos.es\/tags\/personas\/antonia-dell-atte.html\" title=\"Antonia Dell&#039; Atte\" rel=\"nofollow noopener\" target=\"_blank\">Antonia Dell&#8217;Atte<\/a> a principios de los 90.<\/p>\n<p class=\"c-paragraph\">\u00abYo <b>no voy a acusar a nadie con el dedo a nadie porque no es mi estilo<\/b>, pero est\u00e1 bien que cada uno reciba de la vida lo que ha estado sembrando durante a\u00f1os\u00bb, sentenci\u00f3 la modelo en el programa de Isabel Gemio.<\/p>\n<p class=\"c-paragraph\">Esta no es la primera vez que la madre de <a href=\"https:\/\/www.20minutos.es\/tags\/personas\/carlo-costanzia.html\" title=\"Carlo Costanzia\" rel=\"nofollow noopener\" target=\"_blank\">Carlo Costanzia<\/a> celebra el despido del conde, pues\u00a0<a href=\"https:\/\/www.20minutos.es\/gente\/mar-flores-aplaude-despido-lecquio-mediaset-su-examante-por-malos-tratos-antonia-dell-atte_6900897_0.html\" title=\"Mar Flores aplaude el despido de Lecquio, su examante, de Mediaset por supuestos malos tratos a Antonia Dell&#039;Atte\" rel=\"nofollow noopener\" target=\"_blank\">envi\u00f3 emojis de aplausos en un post\u00a0de Instagram en el que se\u00a0confirmaba la noticia<\/a>.<\/p>\n","protected":false},"excerpt":{"rendered":"Mar Flores asegura que se siente m\u00e1s \u00aben calma\u00bb que nunca tras publicar sus memorias, pues, aunque ha&hellip;\n","protected":false},"author":2,"featured_media":269986,"comment_status":"","ping_status":"","sticky":false,"template":"","format":"standard","meta":{"footnotes":""},"categories":[174],"tags":[15651,255,5702,146,147,25,24,256,9646,195,57,23],"class_list":{"0":"post-269985","1":"post","2":"type-post","3":"status-publish","4":"format-standard","5":"has-post-thumbnail","7":"category-famosos","8":"tag-alessandro","9":"tag-celebrities","10":"tag-despido","11":"tag-entertainment","12":"tag-entretenimiento","13":"tag-es","14":"tag-espana","15":"tag-famosos","16":"tag-flores","17":"tag-mar","18":"tag-sobre","19":"tag-spain"},"share_on_mastodon":{"url":"https:\/\/pubeurope.com\/@es\/115658898986860604","error":""},"_links":{"self":[{"href":"https:\/\/www.europesays.com\/es\/wp-json\/wp\/v2\/posts\/269985","targetHints":{"allow":["GET"]}}],"collection":[{"href":"https:\/\/www.europesays.com\/es\/wp-json\/wp\/v2\/posts"}],"about":[{"href":"https:\/\/www.europesays.com\/es\/wp-json\/wp\/v2\/types\/post"}],"author":[{"embeddable":true,"href":"https:\/\/www.europesays.com\/es\/wp-json\/wp\/v2\/users\/2"}],"replies":[{"embeddable":true,"href":"https:\/\/www.europesays.com\/es\/wp-json\/wp\/v2\/comments?post=269985"}],"version-history":[{"count":0,"href":"https:\/\/www.europesays.com\/es\/wp-json\/wp\/v2\/posts\/269985\/revisions"}],"wp:featuredmedia":[{"embeddable":true,"href":"https:\/\/www.europesays.com\/es\/wp-json\/wp\/v2\/media\/269986"}],"wp:attachment":[{"href":"https:\/\/www.europesays.com\/es\/wp-json\/wp\/v2\/media?parent=269985"}],"wp:term":[{"taxonomy":"category","embeddable":true,"href":"https:\/\/www.europesays.com\/es\/wp-json\/wp\/v2\/categories?post=269985"},{"taxonomy":"post_tag","embeddable":true,"href":"https:\/\/www.europesays.com\/es\/wp-json\/wp\/v2\/tags?post=269985"}],"curies":[{"name":"wp","href":"https:\/\/api.w.org\/{rel}","templated":true}]}}