{"id":269987,"date":"2025-12-04T02:20:17","date_gmt":"2025-12-04T02:20:17","guid":{"rendered":"https:\/\/www.europesays.com\/es\/269987\/"},"modified":"2025-12-04T02:20:17","modified_gmt":"2025-12-04T02:20:17","slug":"un-comensal-interrumpe-su-cita-para-coger-una-videollamada","status":"publish","type":"post","link":"https:\/\/www.europesays.com\/es\/269987\/","title":{"rendered":"un comensal interrumpe su cita para coger una videollamada"},"content":{"rendered":"<p>Ni en el amor ni en la risa hay nada escrito. Benji (53 a\u00f1os) ha llegado a &#8216;First Dates&#8217; con una camisa dif\u00edcil de no mirar. Se dedica <strong>a transmitir alegr\u00eda a la gente<\/strong>, pero busca a alguien que se la aporte a \u00e9l. Le ha improvisado una canci\u00f3n al equipo del &#8216;dating show&#8217;, algo que \u00e9l hace a menudo en San Fernando, C\u00e1diz. \u00abSobre las dos y media, que es cuando la gente se sienta a comer, llego, saludo, me pongo a bailarles y la gente se alegra. Cuando termino la actuaci\u00f3n, paso la gorra o la gente viene a m\u00ed para darme lo que sea\u00bb, ha explicado.\u00a0<\/p>\n<p>Benji ha tenido parejas, pero no ha encontrado el amor. El problema es que las personas que ha encontrado no le han dejado ser \u00e9l mismo: \u00abQuiero a alguien que cuando yo est\u00e9 triste, me quite la tristeza; cuando yo est\u00e9 serio, me quite la seriedad. Estoy falto de cari\u00f1o\u00bb.\u00a0<\/p>\n<p>&#8216;First Dates&#8217; le ha preparado una cita con <strong>Encarni <\/strong>(51 a\u00f1os), una mujer \u00abemp\u00e1tica y sincera\u00bb. Sabe bien lo que es la comedia. La granadina se dedica a hacer v\u00eddeos en TikTok con los que hacer re\u00edr a la gente.\u00a0<\/p>\n<p>Al conocerse, <a href=\"https:\/\/www.lecturas.com\/television\/comentario-comensal-first-dates-que-ha-puesto-jaque-su-cita_182897\" target=\"_self\" rel=\"nofollow noopener\">han hecho &#8216;match&#8217; en energ\u00eda<\/a>. Los dos se han puesto a bailar, algo que le ha gustado mucho a Benji: \u00abQue se haya animado a bailar conmigo, me parece estupendo. Me ha transmitido alegr\u00eda y buen rollo\u00bb. Encarni, sin embargo, lo ha comparado con el Pr\u00edncipe de Bel Air. Lo que la granadina no se esperaba es que ellos dos <strong>no ser\u00edan los \u00fanicos que participar\u00edan en esa cita<\/strong>. El gaditano ha hecho videollamada con buena parte de su familia.\u00a0<\/p>\n<p>Intrusos en su cita<\/p>\n<p>Aunque ambos buscan la alegr\u00eda en cualquier detalle, <a href=\"https:\/\/www.lecturas.com\/television\/dos-jubilados-protagonizan-cita-mas-surrealista-first-dates-esa-seria-ultima-excusa-que-yo-pondria_172116\" target=\"_self\" rel=\"nofollow noopener\">las primeras impresiones no han sido buenas<\/a>. \u00abNo\u00a0es feo, pero lo he visto &#8216;dejaillo&#8217; de aspecto\u00bb, ha espetado Encarni. \u00abBenji cantar, canta bien, pero a m\u00ed no me ha transmitido alegr\u00eda\u00bb, ha a\u00f1adido despu\u00e9s de volver a escucharle cantar. El gaditano le ha regalado los o\u00eddos a su cita: \u00abEres muy guapa, pero eso ya lo tienes que saber\u00bb. Sin embargo, a las c\u00e1maras de &#8216;First Dates&#8217; no le ha dicho lo mismo: \u00ab<strong>No es mi estilo de mujer<\/strong>. Me gusta otro estilo y no es el que yo busco. No hay &#8216;feeling'\u00bb. Ha se\u00f1alado que busca a alguien \u00abm\u00e1s delgaita, m\u00e1s alta y con el pelo m\u00e1s largo\u00bb.\u00a0<\/p>\n<p>Benji es de las pocas personas que <strong>ha aparecido en &#8216;First Dates&#8217; con el tel\u00e9fono m\u00f3vil<\/strong>. Le ha preguntado a una de las gemelas si pod\u00eda hacer una foto de la comida, pero eso no ha sido lo m\u00e1s llamativo. El gaditano ha llamado a su prima por videollamada en plena cita. Le ha presentado a \u00absu amiga\u00bb Encarni. La cosa no se ha quedado ah\u00ed. A la llamada se han sumado su primo y su t\u00edo.<\/p>\n<p>\u00abLo nuestro <strong>ha sido una cita a cuatro, a cinco, a seis <\/strong>porque ha llamado a toda la familia ense\u00f1\u00e1ndome y present\u00e1ndome. \u00a1Qu\u00e9 verg\u00fcenza!\u00bb, ha apuntado a las c\u00e1maras de &#8216;First Dates&#8217;. Como la llamada se estaba alargando, la granadina ha aprovechado para llamar a su amigo Jorge. \u00abNo hay nada que hacer\u00bb, ha a\u00f1adido.\u00a0<\/p>\n<p>Una petici\u00f3n de \u00faltima hora<\/p>\n<p>Han pagado la cuenta a medias y se han ido solos del restaurante. Encarni no tendr\u00eda una segunda cita con\u00a0Benji porque \u00abno es el prototipo de persona que ella esperaba encontrar\u00bb. Tras este apunte, se ha sincerado: \u00abNo me ha gustado tu forma de vestir, el aspecto&#8230;\u00bb. El gaditano le ha contestado con un simple \u00abmuy bien\u00bb, pero estaba a punto de vengarse. \u00abNo es mi tipo. No es compatible conmigo y no ha habido &#8216;feeling&#8217;. No me ha gustado tampoco el f\u00edsico. <strong>No es mi tipo de mujer<\/strong>\u00ab, le ha dicho. Encarni, molesta, le ha pedido que borre todas las fotograf\u00edas que le ha hecho durante la cena. \u00abMe las has hecho sin pedirme permiso\u00bb, le ha espetado.\u00a0<\/p>\n","protected":false},"excerpt":{"rendered":"Ni en el amor ni en la risa hay nada escrito. Benji (53 a\u00f1os) ha llegado a &#8216;First&hellip;\n","protected":false},"author":2,"featured_media":269988,"comment_status":"","ping_status":"","sticky":false,"template":"","format":"standard","meta":{"footnotes":""},"categories":[171],"tags":[146,147,25,24,23,214],"class_list":{"0":"post-269987","1":"post","2":"type-post","3":"status-publish","4":"format-standard","5":"has-post-thumbnail","7":"category-tv","8":"tag-entertainment","9":"tag-entretenimiento","10":"tag-es","11":"tag-espana","12":"tag-spain","13":"tag-tv"},"share_on_mastodon":{"url":"https:\/\/pubeurope.com\/@es\/115658910902577255","error":""},"_links":{"self":[{"href":"https:\/\/www.europesays.com\/es\/wp-json\/wp\/v2\/posts\/269987","targetHints":{"allow":["GET"]}}],"collection":[{"href":"https:\/\/www.europesays.com\/es\/wp-json\/wp\/v2\/posts"}],"about":[{"href":"https:\/\/www.europesays.com\/es\/wp-json\/wp\/v2\/types\/post"}],"author":[{"embeddable":true,"href":"https:\/\/www.europesays.com\/es\/wp-json\/wp\/v2\/users\/2"}],"replies":[{"embeddable":true,"href":"https:\/\/www.europesays.com\/es\/wp-json\/wp\/v2\/comments?post=269987"}],"version-history":[{"count":0,"href":"https:\/\/www.europesays.com\/es\/wp-json\/wp\/v2\/posts\/269987\/revisions"}],"wp:featuredmedia":[{"embeddable":true,"href":"https:\/\/www.europesays.com\/es\/wp-json\/wp\/v2\/media\/269988"}],"wp:attachment":[{"href":"https:\/\/www.europesays.com\/es\/wp-json\/wp\/v2\/media?parent=269987"}],"wp:term":[{"taxonomy":"category","embeddable":true,"href":"https:\/\/www.europesays.com\/es\/wp-json\/wp\/v2\/categories?post=269987"},{"taxonomy":"post_tag","embeddable":true,"href":"https:\/\/www.europesays.com\/es\/wp-json\/wp\/v2\/tags?post=269987"}],"curies":[{"name":"wp","href":"https:\/\/api.w.org\/{rel}","templated":true}]}}