{"id":269989,"date":"2025-12-04T02:21:09","date_gmt":"2025-12-04T02:21:09","guid":{"rendered":"https:\/\/www.europesays.com\/es\/269989\/"},"modified":"2025-12-04T02:21:09","modified_gmt":"2025-12-04T02:21:09","slug":"una-velada-con-la-musica-y-sus-premiados","status":"publish","type":"post","link":"https:\/\/www.europesays.com\/es\/269989\/","title":{"rendered":"Una velada con la m\u00fasica y sus premiados"},"content":{"rendered":"<p><a class=\"v-mdl-ath__fig-a\" href=\"https:\/\/www.canarias7.es\/autor\/canarias7-6545.html\" title=\"CANARIAS7\" rel=\"nofollow noopener\" target=\"_blank\"><br \/>\n<img decoding=\"async\" class=\"v-mdl-ath__img\" src=\"https:\/\/www.europesays.com\/es\/wp-content\/uploads\/2025\/08\/1754689268_701_autor-6545-foto-1.png\" alt=\"CANARIAS7\"\/><br \/>\n<\/a><\/p>\n<p class=\"v-mdl-ath__p v-mdl-ath__p--6\">\nMi\u00e9rcoles, 3 de diciembre 2025, 23:21<\/p>\n<p class=\"v-p\">La noche lagunera logro alinear los planetas para que el apellido de una de las sagas familiares m\u00e1s populares y respetadas de la isla de Fuerteventura,<strong> los Rodr\u00edguez<\/strong>, siga perpetu\u00e1ndose sobre los escenarios de la m\u00fasica de Canarias.<\/p>\n<p class=\"v-p\">La s\u00e9ptima edici\u00f3n de los <strong>Premios Canarios de la M\u00fasica<\/strong>, cuya gala de entrega se celebr\u00f3 en el Teatro Leal de Laguna organizada por la Asociaci\u00f3n Premios Canarios de la M\u00fasica y la Radio Canaria, galardon\u00f3 a la joven cantante y timplista majorera Julia Rodr\u00edguez con dos de las m\u00e1s significadas nominaciones, la de Artista Revelaci\u00f3n y la de Mejor Disco de M\u00fasicas de Ra\u00edz, por su trabajo &#8216;Hacia la vida&#8217;. Igualmente, su padre, el respetado y admirado timplista Domingo Rodr\u00edguez, &#8216;El Colorao&#8217;, fue designado en esta ocasi\u00f3n Premio de Honor por su impecable trayectoria y carrera art\u00edstica en la que no ha cesado de reinventar los sonidos de ra\u00edz de la m\u00fasica popular de Canarias.<\/p>\n<p class=\"v-p\">La gala celebrada en el coqueto coliseo lagunero, que present\u00f3 un lleno absoluto, coron\u00f3 asimismo, entre otros, a la cantante y compositora palmera Valeria Castro con el premio a la Mejor Canci\u00f3n del A\u00f1o por su tema &#8216;El borde del mundo&#8217;, compuesto para el exitoso largometraje &#8216;El 47&#8217; del director Marcel Barrena; al int\u00e9rprete tinerfe\u00f1o Pedro Guerra con el premio Mejor Disco de Pop por el volumen dos de su proyecto &#8216;Parceiros&#8217; en el que re\u00fane a m\u00e1s de 36 artistas en d\u00faos y colaboraciones; al contrabajista grancanario Carlos Meneses con el premio de Mejor Discos de Jazz por su trabajo &#8216;Collabs&#8217;, un proyecto que re\u00fane a m\u00e1s de diez m\u00fasicos de reconocido prestigio internacional; al rapero tinerfe\u00f1o Cruz Cafun\u00e9 como Mejor Disco de M\u00fasicas Urbanas por &#8216;blu\u20acs (d\u20aclux\u20ac)&#8217; en el que fusiona estilos como el sexy drill, el jerk, el dancehall y tambi\u00e9n el blues, y al solista y compositor jordano radicado en Canarias desde hace a\u00f1os, Said Muti, que con su elep\u00e9 &#8216;Criminales del sue\u00f1o&#8217; como Mejor Disco de Rock, repite premio tras su reciente nominaci\u00f3n en los &#8216;Click and roll&#8217; de LOS40 Canarias.<\/p>\n<p class=\"v-p\">Los restantes artistas premiados de la m\u00fasica canaria durante el a\u00f1o 2024, escogidos por un jurado compuesto por 81 miembros -entre artistas, periodistas, productores, t\u00e9cnicos y programadores culturales-, son Maite Artajo al Mejor Videoclip realizado para la promo del tema &#8216;Marioneta de la luna&#8217; de la cantante Julia Rodr\u00edguez; Carlos Arocha al Mejor Dise\u00f1o por su trabajo en el disco &#8216;Criminales del sue\u00f1o&#8217;, de Said Muti; Alberto &#8216;Naranja&#8217; M\u00e9ndez como Mejor T\u00e9cnico de Sonido; la la empresa tinerfe\u00f1a Superstereo Recording Studio como Mejor Estudio de Grabaci\u00f3n; el Herofest El Hierro, el festival m\u00e1s occidental de Europa como Mejor Programaci\u00f3n Musical Canaria; la Orquesta Universitaria Maestro Valle creada en el a\u00f1o 2009 como Mejor Labor en M\u00fasicas Cl\u00e1sicas y Musicaf\u00e9 Podcast que realizan Javi Brichis y Ale Gonz\u00e1lez a la Mejor Labor de Difusi\u00f3n.<\/p>\n<p class=\"v-p\">Con producci\u00f3n art\u00edstica del director esc\u00e9nico Israel Reyes y conducida por el presentador de la Radio Canaria, Tom\u00e1s Galv\u00e1n, y la actriz y cineasta Mercedes Ortega, durante el transcurso de la ceremonia que alcanz\u00f3 casi las dos horas de duraci\u00f3n fueron jalon\u00e1ndose las apariciones de la cantante y compositora Nia, ganadora de la und\u00e9cima edici\u00f3n del concurso televisivo &#8216;Operaci\u00f3n Triunfo&#8217; y representante de Espa\u00f1a en el Festival Internacional de la Canci\u00f3n de Vi\u00f1a del Mar, que abri\u00f3 la gala para luego dar paso a las actuaciones de Xerax, Ale Acosta, Said Muti y Julia Rodr\u00edguez.<\/p>\n<p class=\"v-p\">El presidente de la Asociaci\u00f3n Premios Canarios de la M\u00fasica, Lisandro Rodr\u00edguez, se dirigi\u00f3 al p\u00fablico al iniciarse la ceremonia para destacar el trabajo del sector \u00abque durante un a\u00f1o trabaja para ofrecernos lo m\u00e1s preciado que pueden compartir con el p\u00fablico isle\u00f1o: sus canciones\u00bb, dijo. Rodr\u00edguez, que puso en valor el esfuerzo, talento y la calidad del trabajo de los creadores, lamento que en Canarias \u00ablas programaciones musicales han convertido la cultura en espacios de simple ocio y entretenimiento\u00bb.<\/p>\n<p class=\"v-p\">Asimismo, solicit\u00f3 que los cabildos y ayuntamientos de Canarias \u00abapuesten por artistas locales\u00bb para equilibrar un d\u00e9ficit que se manifiesta en la inversi\u00f3n de dinero p\u00fablico que se realiza en la contrataci\u00f3n de artistas for\u00e1neos en festivales \u00abmientras que los presupuestos destinados a la creaci\u00f3n isle\u00f1a son irrisorios\u00bb, agreg\u00f3. \u00abUna cultura e identidad se protege creando nuevo patrimonio cultural, propiciando que m\u00fasicos, actores, pintores, escultores, escritores y dem\u00e1s creadores canarios puedan trabajar y vivir dignamente de su trabajo\u00bb, concluy\u00f3 Rodr\u00edguez.<\/p>\n<p class=\"v-p\">El talento y el ingenio de la quincena de artistas y profesionales vinculados al sector de la m\u00fasica de Canarias premiados en las 14 categor\u00edas contempladas en la convocatoria que impulsa la Asociaci\u00f3n Premios Canarios de la M\u00fasica, pone de manifiesto la pujanza e importancia del sector cultural.<\/p>\n<p>Reporta un error<\/p>\n","protected":false},"excerpt":{"rendered":"Mi\u00e9rcoles, 3 de diciembre 2025, 23:21 La noche lagunera logro alinear los planetas para que el apellido de&hellip;\n","protected":false},"author":2,"featured_media":269990,"comment_status":"","ping_status":"","sticky":false,"template":"","format":"standard","meta":{"footnotes":""},"categories":[170],"tags":[146,147,25,24,184,185,23325,23,2352],"class_list":{"0":"post-269989","1":"post","2":"type-post","3":"status-publish","4":"format-standard","5":"has-post-thumbnail","7":"category-musica","8":"tag-entertainment","9":"tag-entretenimiento","10":"tag-es","11":"tag-espana","12":"tag-music","13":"tag-musica","14":"tag-premiados","15":"tag-spain","16":"tag-velada"},"share_on_mastodon":{"url":"https:\/\/pubeurope.com\/@es\/115658915182414503","error":""},"_links":{"self":[{"href":"https:\/\/www.europesays.com\/es\/wp-json\/wp\/v2\/posts\/269989","targetHints":{"allow":["GET"]}}],"collection":[{"href":"https:\/\/www.europesays.com\/es\/wp-json\/wp\/v2\/posts"}],"about":[{"href":"https:\/\/www.europesays.com\/es\/wp-json\/wp\/v2\/types\/post"}],"author":[{"embeddable":true,"href":"https:\/\/www.europesays.com\/es\/wp-json\/wp\/v2\/users\/2"}],"replies":[{"embeddable":true,"href":"https:\/\/www.europesays.com\/es\/wp-json\/wp\/v2\/comments?post=269989"}],"version-history":[{"count":0,"href":"https:\/\/www.europesays.com\/es\/wp-json\/wp\/v2\/posts\/269989\/revisions"}],"wp:featuredmedia":[{"embeddable":true,"href":"https:\/\/www.europesays.com\/es\/wp-json\/wp\/v2\/media\/269990"}],"wp:attachment":[{"href":"https:\/\/www.europesays.com\/es\/wp-json\/wp\/v2\/media?parent=269989"}],"wp:term":[{"taxonomy":"category","embeddable":true,"href":"https:\/\/www.europesays.com\/es\/wp-json\/wp\/v2\/categories?post=269989"},{"taxonomy":"post_tag","embeddable":true,"href":"https:\/\/www.europesays.com\/es\/wp-json\/wp\/v2\/tags?post=269989"}],"curies":[{"name":"wp","href":"https:\/\/api.w.org\/{rel}","templated":true}]}}