{"id":270001,"date":"2025-12-04T02:29:22","date_gmt":"2025-12-04T02:29:22","guid":{"rendered":"https:\/\/www.europesays.com\/es\/270001\/"},"modified":"2025-12-04T02:29:22","modified_gmt":"2025-12-04T02:29:22","slug":"prision-permanente-revisable-para-la-madre-acusada-de-asesinar-a-su-recien-nacido-tirandole-a-la-basura-en-elche-de-la-sierra-albacete","status":"publish","type":"post","link":"https:\/\/www.europesays.com\/es\/270001\/","title":{"rendered":"Prisi\u00f3n permanente revisable para la madre acusada de asesinar a su reci\u00e9n nacido tir\u00e1ndole a la basura en Elche de la Sierra (Albacete)"},"content":{"rendered":"<p style=\"\">La Secci\u00f3n Segunda de la Audiencia Provincial de Albacete ha condenado a C.N.G. a la pena de<strong> prisi\u00f3n permanente revisable<\/strong> por el asesinato de su beb\u00e9 reci\u00e9n nacido, al que arroj\u00f3 en una bolsa de basura en su vivienda ubicada en  &#8230; la localidad albacete\u00f1a de Elche de la Sierra. La sentencia contempla la concurrencia de la<strong> circunstancia agravante de parentesco<\/strong>. <strong>El fallo es recurrible en un plazo de 10 d\u00edas <\/strong>ante el Tribunal Superior de Justicia de Castilla-La Mancha.<\/p>\n<p class=\"voc-p\" style=\"\">Adem\u00e1s de la pena principal, la Audiencia impone a la acusada la<strong> privaci\u00f3n de la patria potestad respecto de su otra hija<\/strong>, as\u00ed como la prohibici\u00f3n de comunicarse y aproximarse a la menor o a su domicilio, centro de estudios o cualquier lugar que frecuente, a menos de 500 metros, durante 31 a\u00f1os. El r\u00e9gimen de visitas, comunicaci\u00f3n y estancia que pudiera existir queda igualmente suspendido mientras dure el cumplimiento de la pena.<strong> Una vez cumplida la condena de prisi\u00f3n, deber\u00e1 someterse a una medida de libertad vigilada durante diez a\u00f1os.<\/strong><\/p>\n<p class=\"voc-p\" style=\"\">La mujer tambi\u00e9n ha sido condenada al pago de las costas procesales y a <strong>indemnizar a su otra hija con 50.000 euros y al padre del beb\u00e9 con 100.000 euros<\/strong> por los da\u00f1os derivados de la muerte del reci\u00e9n nacido.<\/p>\n<p class=\"voc-p\" style=\"\">La sentencia llega tras la declaraci\u00f3n de culpabilidad del jurado popular el <strong>pasado 27 de noviembre, tras un juicio que se prolong\u00f3 durante 10 d\u00edas. <\/strong>Durante las sesiones, los integrantes del tribunal popular dieron por acreditado el relato recogido en<strong> el escrito de la Fiscal\u00eda que calificaba los hechos, en sus conclusiones finales, como asesinato con alevos\u00eda.<\/strong><\/p>\n<p class=\"voc-p\" style=\"\">Por su parte, la sentencia no recoge las pretensiones de la defensa de la acusada que modific\u00f3 sus conclusiones definitivas en el sentido de a\u00f1adir que \u00abconcurr\u00eda como circunstancia modificativa la <strong>atenuante de confesi\u00f3n<\/strong> del art\u00edculo 21.4 del C\u00f3digo Penal, al  haber confesado los hechos con car\u00e1cter previo a conocer que el procedimiento  judicial se dirig\u00eda contra ella\u00bb.<\/p>\n<p class=\"voc-p\" style=\"\"> Adem\u00e1s,<strong> pidi\u00f3 la absoluci\u00f3n para su cliente, al entender que concurr\u00eda la eximente completa del  art\u00edculo 20 del C\u00f3digo Penal<\/strong>, pues en el momento de los hechos, a causa de la anomal\u00eda o  alteraci\u00f3n ps\u00edquica que padec\u00eda, no pod\u00eda comprender la ilicitud de hecho  alguno o actuar conforme a dicha comprensi\u00f3n.<\/p>\n<p class=\"voc-p\" style=\"\">Seg\u00fan los hechos probados,<strong> la mujer, embarazada desde abril de 2022, dej\u00f3 de acudir a las citas con el servicio de Obstetricia del Hospital de Hell\u00edn a partir del quinto mes de embarazo<\/strong>, evitando los controles m\u00e9dicos y afirmando a su marido y familiares, ajenos a la gestaci\u00f3n, que hab\u00eda sufrido un aborto espont\u00e1neo.<\/p>\n<p class=\"voc-p\" style=\"\">En enero de 2023, a las 39 semanas de gestaci\u00f3n, comenz\u00f3 el parto \u00abcon pleno conocimiento de su estado\u00bb, dado que ya hab\u00eda sido madre anteriormente. En lugar de solicitar ayuda,<strong> dio a luz sola en el ba\u00f1o de su domicilio<\/strong> \u00abactuando con la intenci\u00f3n de ocultar el nacimiento y acabar con la vida del reci\u00e9n nacido\u00bb, seg\u00fan se recoge en los hechos probados.<\/p>\n<p class=\"voc-p\" style=\"\"><strong>Tras nacer el beb\u00e9, \u00abvivo y en buen estado de salud\u00bb, la madre cort\u00f3 el cord\u00f3n umbilical y lo arroj\u00f3 al cubo de basura<\/strong> de la vivienda, dentro de una bolsa de pl\u00e1stico que introdujo dentro de otra y at\u00f3 con un nudo. Esa misma noche, cuando su suegra advirti\u00f3 la presencia de sangre en el suelo, la acusada aleg\u00f3 haber tenido una menstruaci\u00f3n \u00abmuy abundante y dolorosa\u00bb, motivo por el que su marido decidi\u00f3 trasladarla al Hospital de Hell\u00edn.<\/p>\n<p class=\"voc-p\" style=\"\">En el centro hospitalario,<strong> la mujer neg\u00f3 en repetidas ocasiones haber estado embarazada o haber dado a luz.<\/strong> El reci\u00e9n nacido falleci\u00f3 esa noche por un fallo cardiorrespiratorio derivado de un shock hipovol\u00e9mico, hipotermia y asfixia. \u00abC.N.G. fue qui\u00e9n caus\u00f3 la muerte a prop\u00f3sito a su hijo reci\u00e9n nacido. La criatura al nacer se encontraba desprotegida, indefensa y sin ninguna posibilidad de sobrevivir sin la ayuda de terceros\u00bb, asegura el hecho probado n\u00famero 9.<\/p>\n","protected":false},"excerpt":{"rendered":"La Secci\u00f3n Segunda de la Audiencia Provincial de Albacete ha condenado a C.N.G. a la pena de prisi\u00f3n&hellip;\n","protected":false},"author":2,"featured_media":270002,"comment_status":"","ping_status":"","sticky":false,"template":"","format":"standard","meta":{"footnotes":""},"categories":[8],"tags":[18001,2545,4104,17,18,2006,25,24,13,14,11,19,20,3354,12475,19833,9,10,15,16,16076,16733,9814,66387,11774,23,66388,12,21,22],"class_list":{"0":"post-270001","1":"post","2":"type-post","3":"status-publish","4":"format-standard","5":"has-post-thumbnail","7":"category-espana","8":"tag-acusada","9":"tag-albacete","10":"tag-basura","11":"tag-breaking-news","12":"tag-breakingnews","13":"tag-elche","14":"tag-es","15":"tag-espana","16":"tag-featured-news","17":"tag-featurednews","18":"tag-headlines","19":"tag-latest-news","20":"tag-latestnews","21":"tag-madre","22":"tag-matar","23":"tag-nacido","24":"tag-news","25":"tag-noticias","26":"tag-noticias-destacadas","27":"tag-noticiasdestacadas","28":"tag-permanente","29":"tag-prision","30":"tag-recien","31":"tag-revisable","32":"tag-sierra","33":"tag-spain","34":"tag-tirandole","35":"tag-titulares","36":"tag-ultimas-noticias","37":"tag-ultimasnoticias"},"share_on_mastodon":{"url":"https:\/\/pubeurope.com\/@es\/115658946295313649","error":""},"_links":{"self":[{"href":"https:\/\/www.europesays.com\/es\/wp-json\/wp\/v2\/posts\/270001","targetHints":{"allow":["GET"]}}],"collection":[{"href":"https:\/\/www.europesays.com\/es\/wp-json\/wp\/v2\/posts"}],"about":[{"href":"https:\/\/www.europesays.com\/es\/wp-json\/wp\/v2\/types\/post"}],"author":[{"embeddable":true,"href":"https:\/\/www.europesays.com\/es\/wp-json\/wp\/v2\/users\/2"}],"replies":[{"embeddable":true,"href":"https:\/\/www.europesays.com\/es\/wp-json\/wp\/v2\/comments?post=270001"}],"version-history":[{"count":0,"href":"https:\/\/www.europesays.com\/es\/wp-json\/wp\/v2\/posts\/270001\/revisions"}],"wp:featuredmedia":[{"embeddable":true,"href":"https:\/\/www.europesays.com\/es\/wp-json\/wp\/v2\/media\/270002"}],"wp:attachment":[{"href":"https:\/\/www.europesays.com\/es\/wp-json\/wp\/v2\/media?parent=270001"}],"wp:term":[{"taxonomy":"category","embeddable":true,"href":"https:\/\/www.europesays.com\/es\/wp-json\/wp\/v2\/categories?post=270001"},{"taxonomy":"post_tag","embeddable":true,"href":"https:\/\/www.europesays.com\/es\/wp-json\/wp\/v2\/tags?post=270001"}],"curies":[{"name":"wp","href":"https:\/\/api.w.org\/{rel}","templated":true}]}}