{"id":270003,"date":"2025-12-04T02:30:13","date_gmt":"2025-12-04T02:30:13","guid":{"rendered":"https:\/\/www.europesays.com\/es\/270003\/"},"modified":"2025-12-04T02:30:13","modified_gmt":"2025-12-04T02:30:13","slug":"eldense-almeria-en-directo-copa-del-rey-hoy-en-vivo-diario-as","status":"publish","type":"post","link":"https:\/\/www.europesays.com\/es\/270003\/","title":{"rendered":"Eldense &#8211; Almer\u00eda, en directo: Copa del Rey, hoy en vivo &#8211; Diario AS"},"content":{"rendered":"<ol>\n<li><a href=\"https:\/\/news.google.com\/rss\/articles\/CBMingFBVV95cUxONkcxNE1CSVdRZXhBUXJHS3dOOXNEWHAyS3FURmtjTTBCYUlDUWVNWEVGSEU3T0RUenZxYjlCdFhKb3VWUDJTaVJWN1hFWDJHdUxxQS1NNkozY1lZQ1kzaEwxT1JweXpfcXhjZ2ROTlp0QW9QamdPVHhBTkJTenk1clp6UjViekR3QUhfUWxUdWIzcFY0dmhGZ0V5UmdGUdIBsgFBVV95cUxNa3FqcUotWEhIRU9fUmpBWTJ0cDJJZGQ2U1RLWWQwbzdkY3FDZDlhQlBzY1VrdTBCSFlQN2QtVHR3eVp0Ry1YTG1IZXkzUURieWZveUQ4b0RXR0hVNkVyb09TMTEzb0gzSmJDUzBPaFh0TE1zemx4VU9hemNwb1dWVUNoWlUtWnI0cjhDeVhXV3F5aWg4UHZKdGstQ05IdUkyeHR5SEhWVjRDRm1ENnZmQzdn?oc=5\" target=\"_blank\" rel=\"nofollow noopener\">Eldense &#8211; Almer\u00eda, en directo: Copa del Rey, hoy en vivo<\/a>&nbsp;&nbsp;Diario AS<\/li>\n<li><a href=\"https:\/\/news.google.com\/rss\/articles\/CBMivwFBVV95cUxOTzhfaXY2b2RFb1BHNTlOaUpYQ2J4eG8xT3JVekdINUFZUW1GS2p5YlRVM3RVNXdSam1JVnRPWFRqdURJTUZldzg3YUhtTHlGeTYtMVFmSTQ1YVlKQ21BZHVQNmdGTTJXOXNXTWxuTG5nOVhhYzdFRjVnYVBXUVU5OVlrbDdhZkJ6YzBydnkxTm9RRllFU3d1aVcwSnY0N2FDTHNJOU5PV2ppUy1SYUZoME51ejkwaHZlYTVHVXMxSQ?oc=5\" target=\"_blank\" rel=\"nofollow noopener\">D\u00f3nde ver online y en televisi\u00f3n el Eldense &#8211; Almer\u00eda hoy de Copa del Rey y a qu\u00e9 hora es el partido de segunda ronda<\/a>&nbsp;&nbsp;ABC<\/li>\n<li><a href=\"https:\/\/news.google.com\/rss\/articles\/CBMiqgFBVV95cUxNR2liQWlvT3oydWs0REhzelNFSUZic3VsWjE3ZlR4akFPYW84TXNHRmx0QzNlQWlSczluRHlKY2REZWFYVWFSY2RPTThydGM2a2MwNU03LURrd0p0RUlBZHZhdzFaemF0b3BOSXBHLUpickxqb0JGemUzV1I4RjFVb3pJMzc3VndPRlNwQjhCaHRCRUVQWkVFaUJiWVpLd1dKdVQyR1czWlhMd9IBvgFBVV95cUxOWEtIb0Q5STdPOENsRE9jdHRNVEEtQThQNWJfd3JZWDM3djBkMEc4OExuQUtsZnhuZVc5SzNfdWRMVmFYaXVaWWRBNEZST3R3QkJ6RUlaMF9IM2dvUnIwbkNEcnA2MEdzXzRGekpzUmxoWEFzdi1wUGh1ZVlDMWgxOVo3MXRlU21jMzgzODZ6SGVWSFdKZUMyOVlOZ0syZ04tZ2w3SFE2NlVwRDhKYTBqTjhfWXJYaDhtUjJkdVJ3?oc=5\" target=\"_blank\" rel=\"nofollow noopener\">Rubi: \u201cEsto es f\u00fatbol y hay veces que el rival es mejor que t\u00fa\u201d<\/a>&nbsp;&nbsp;Diario AS<\/li>\n<li><a href=\"https:\/\/news.google.com\/rss\/articles\/CBMiuAFBVV95cUxQMXc0SnJYNTZmYXd4aGtCbkFyN0tnV1FPR2JwWG1SVExseXMyZzFZNkhIWlVmc0ZfT0tJY0hfVEJTcHVjQ2lDSXZxS2xzQXZnOFhRbjFCNWFxUF9jU3VqdFR0TkkxUGltNVpETG1oUzdraE5xSHlzQWtucDJfSmY1U0pJeG9ESERhUEJYZ2w1aTI1SEV0YmQ4S0dudk5Jak96VmhDSTZmSWNyVHNNU2hXVDlid3AwVWgy0gHMAUFVX3lxTE9fcWFTMU5xaTlQZkJjamhxeklEV3Nabmw1SVZ5UjZRd0RJdWliU1Q0NFRuYVE4RmxjQzVpWk5OWGVWTmt4R1dlMHhCeWRSSGl5bHhORjFqQUdLb1ViQUdMa3dtSVhfS3RFRjMzX3dSdTVnX3pUbU51UEliS2RXYjJDZmRzLVpkZkd6NVBuY2xndzJIWEhDdkVOc3FKamxQU2hEX0RLTEpncVp0UjU4ZVd0dzN4RVRIRzI0MEpQZGRIeXBEVjFSbEtMZHAzWA?oc=5\" target=\"_blank\" rel=\"nofollow noopener\">El Nuevo Pepico Amat se llena de mucho sentimiento rojiblanco<\/a>&nbsp;&nbsp;Cadena SER<\/li>\n<li><a href=\"https:\/\/news.google.com\/rss\/articles\/CBMirgFBVV95cUxPc3B2SU55ajdrMkRyUUstcnFfb3VhbkJKcXlaTUlBcTE4djU2N1BYRmtqYXVia1BEV3BuaEd3b1U5d1FCNThYV0lqekJCY3o1aU1ZaHFRYW1Deks0ajc1UEtBa2xkSDNYQVY5WmdtamxLVmJQOWU3STE0UWtyZ0VsYjVCQ29tUGJnZVBYS3djX0hCT05Fc0hrODUyaVlCbUozS1JNN0VLODl3OWZCblHSAa4BQVVfeXFMUE9kb0o2NmM2MERQRk0xSlhjaTNEN01sUXJqTkE4LWp4ZThLWWZqczdITEpKTUdZYXN1dmNQSTBDWG1IZENhTWpoUm44WUVWeGpiN2Z0b3VndHpZa2RKY0J1UDQ5VjJKeE9uT2k4WUxKdzdkTzJyNnNfSVg2NnZ1S0Y2N3dhdGtfcHRpWHpnNGNLZWY4M0h4X0p5UkYwd0JWajZKTHlCUkVjOWNoNFlR?oc=5\" target=\"_blank\" rel=\"nofollow noopener\">El Eldense fulmina de la Copa al Almer\u00eda con remontada incluida<\/a>&nbsp;&nbsp;MARCA<\/li>\n<\/ol>\n","protected":false},"excerpt":{"rendered":"Eldense &#8211; Almer\u00eda, en directo: Copa del Rey, hoy en vivo&nbsp;&nbsp;Diario AS D\u00f3nde ver online y en televisi\u00f3n&hellip;\n","protected":false},"author":2,"featured_media":270004,"comment_status":"","ping_status":"","sticky":false,"template":"","format":"standard","meta":{"footnotes":""},"categories":[5],"tags":[17,18,25,24,13,14,11,19,20,9,10,15,16,23,12,21,22],"class_list":{"0":"post-270003","1":"post","2":"type-post","3":"status-publish","4":"format-standard","5":"has-post-thumbnail","7":"category-titulares","8":"tag-breaking-news","9":"tag-breakingnews","10":"tag-es","11":"tag-espana","12":"tag-featured-news","13":"tag-featurednews","14":"tag-headlines","15":"tag-latest-news","16":"tag-latestnews","17":"tag-news","18":"tag-noticias","19":"tag-noticias-destacadas","20":"tag-noticiasdestacadas","21":"tag-spain","22":"tag-titulares","23":"tag-ultimas-noticias","24":"tag-ultimasnoticias"},"share_on_mastodon":{"url":"https:\/\/pubeurope.com\/@es\/115658950128002874","error":""},"_links":{"self":[{"href":"https:\/\/www.europesays.com\/es\/wp-json\/wp\/v2\/posts\/270003","targetHints":{"allow":["GET"]}}],"collection":[{"href":"https:\/\/www.europesays.com\/es\/wp-json\/wp\/v2\/posts"}],"about":[{"href":"https:\/\/www.europesays.com\/es\/wp-json\/wp\/v2\/types\/post"}],"author":[{"embeddable":true,"href":"https:\/\/www.europesays.com\/es\/wp-json\/wp\/v2\/users\/2"}],"replies":[{"embeddable":true,"href":"https:\/\/www.europesays.com\/es\/wp-json\/wp\/v2\/comments?post=270003"}],"version-history":[{"count":0,"href":"https:\/\/www.europesays.com\/es\/wp-json\/wp\/v2\/posts\/270003\/revisions"}],"wp:featuredmedia":[{"embeddable":true,"href":"https:\/\/www.europesays.com\/es\/wp-json\/wp\/v2\/media\/270004"}],"wp:attachment":[{"href":"https:\/\/www.europesays.com\/es\/wp-json\/wp\/v2\/media?parent=270003"}],"wp:term":[{"taxonomy":"category","embeddable":true,"href":"https:\/\/www.europesays.com\/es\/wp-json\/wp\/v2\/categories?post=270003"},{"taxonomy":"post_tag","embeddable":true,"href":"https:\/\/www.europesays.com\/es\/wp-json\/wp\/v2\/tags?post=270003"}],"curies":[{"name":"wp","href":"https:\/\/api.w.org\/{rel}","templated":true}]}}