{"id":270027,"date":"2025-12-04T02:51:12","date_gmt":"2025-12-04T02:51:12","guid":{"rendered":"https:\/\/www.europesays.com\/es\/270027\/"},"modified":"2025-12-04T02:51:12","modified_gmt":"2025-12-04T02:51:12","slug":"de-rio-cuarto-a-la-casa-rosada-y-la-avenida-9-de-julio-como-sera-el-vuelo-rasante-de-los-f-16-y-cuando-se-los-podra-ver","status":"publish","type":"post","link":"https:\/\/www.europesays.com\/es\/270027\/","title":{"rendered":"De R\u00edo Cuarto a la Casa Rosada y la Avenida 9 de Julio: c\u00f3mo ser\u00e1 el vuelo rasante de los F-16 y cu\u00e1ndo se los podr\u00e1 ver"},"content":{"rendered":"<p><img alt=\"\" class=\"global-image\" decoding=\"async\" fetchpriority=\"high\" height=\"1080\" loading=\"eager\" src=\"https:\/\/www.europesays.com\/es\/wp-content\/uploads\/2025\/12\/7GS6ELFGOBHJPOEIRM35LIXXGU.jpg\" width=\"1920\"\/><\/p>\n<p class=\"paragraph\">El inminente arribo de los primeros seis aviones de combate <b>F-16<\/b> busca marcar un punto de inflexi\u00f3n en la modernizaci\u00f3n del sistema de defensa. En ocasi\u00f3n de su llegada al pa\u00eds, el <b>Ministerio de Defensa de la Naci\u00f3n<\/b> program\u00f3 una serie de actividades oficiales que <b>incluir\u00e1 un vuelo rasante sobre la Ciudad Aut\u00f3noma de Buenos Aires<\/b> y una ceremonia de presentaci\u00f3n operativa en R\u00edo Cuarto, C\u00f3rdoba.<\/p>\n<p class=\"paragraph\">En un comunicado, la cartera ministerial detall\u00f3 que \u201ccomo parte de las actividades previstas al acto oficial, <b>el mismo domingo se realizar\u00e1 un vuelo rasante de los F-16 sobre la Ciudad de Buenos Aires entre las 8 y las 8:45<\/b> para que los argentinos puedan presenciar el despliegue de estas aeronaves que representan un salto hist\u00f3rico en la capacidad disuasiva del pa\u00eds\u201d.<\/p>\n<p class=\"paragraph\">As\u00ed, los habitantes de la Capital Federal y alrededores podr\u00e1n observar el despliegue de estas aeronaves, que <b>sobrevolar\u00e1n la ciudad si las condiciones meteorol\u00f3gicas lo permiten<\/b>.<\/p>\n<p class=\"paragraph\">El recorrido ser\u00e1 el siguiente:<\/p>\n<ol data-icon=\"\u2b24\" class=\"list\">\n<li data-icon=\"\u2b24\">La escuadrilla partir\u00e1 desde el noroeste, procedente del \u00c1rea Material R\u00edo Cuarto,<\/li>\n<li data-icon=\"\u2b24\">cruzar\u00e1 el R\u00edo de la Plata para volar a una altitud de 610 metros (2.000 pies) de este a oeste,<\/li>\n<li data-icon=\"\u2b24\">pasar\u00e1 primero sobre la Casa Rosada y recorrer\u00e1 la Avenida de Mayo rumbo a Plaza Miserere.<\/li>\n<li data-icon=\"\u2b24\">posteriormente, los aviones recorrer\u00e1n la Avenida 9 de Julio de sur a norte, hasta alcanzar nuevamente el R\u00edo de la Plata.<\/li>\n<\/ol>\n<p class=\"paragraph\">Est\u00e1 previsto que el 8 de diciembre las aeronaves contin\u00faen su itinerario hacia <b>Mendoza<\/b>, <b>San Luis<\/b> y la ciudad de <b>C\u00f3rdoba<\/b>, como parte de la agenda de presentaci\u00f3n en distintas regiones del pa\u00eds.<\/p>\n<p class=\"paragraph\">El arribo de los primeros cazas F-16 a territorio argentino se dar\u00e1 este viernes 5 de diciembre. El acto ser\u00e1 presidido por <b>Luis Petri<\/b> en la <b>Base de Higueras<\/b>, pr\u00f3xima a R\u00edo Cuarto, C\u00f3rdoba. Este grupo inicial est\u00e1 compuesto por seis F-16 AM\/BM MLU (Mid-Life Upgrade), que se sumar\u00e1n a la flota nacional.<\/p>\n<p><img alt=\"(@luispetri)\" class=\"global-image\" decoding=\"async\" fetchpriority=\"low\" height=\"1080\" loading=\"lazy\" src=\"https:\/\/www.europesays.com\/es\/wp-content\/uploads\/2025\/12\/57OH32ODKFH6FJRK5CEC2AGMJE.jpg\" width=\"1920\"\/>(@luispetri)<\/p>\n<p class=\"paragraph\">El trayecto de los aviones comenz\u00f3 en <b>Dinamarca<\/b>, desde donde partieron acompa\u00f1ados por un <b>H\u00e9rcules C130<\/b>, un <b>Boeing 737-700<\/b> y un <b>KC-135R Stratotanker<\/b> de reabastecimiento en vuelo, este \u00faltimo perteneciente a la <b>Fuerza A\u00e9rea de los Estados Unidos<\/b>.<\/p>\n<p class=\"paragraph\">Durante su traves\u00eda, las aeronaves realizaron escalas t\u00e9cnicas y de reabastecimiento en Europa, pasando por <b>Zaragoza<\/b> y <b>Canarias<\/b> (Espa\u00f1a), antes de cruzar el Atl\u00e1ntico y aterrizar en <b>Natal<\/b>, Brasil, su primer destino en Am\u00e9rica. En la actualidad, la escuadrilla se encuentra en la etapa final de su recorrido.<\/p>\n<p class=\"paragraph\">La tripulaci\u00f3n de este traslado est\u00e1 integrada por aviadores daneses y argentinos. Esa conformaci\u00f3n es la que se espera que se mantenga para las exhibiciones del domingo de que viene.<\/p>\n<p class=\"paragraph\">La ceremonia oficial de presentaci\u00f3n de los F-16, que contar\u00e1 con la presencia del presidente <b>Javier Milei<\/b>, el ministro de Defensa saliente, <b>Luis Petri<\/b>, y su sucesor, <b>Carlos Presti<\/b>.<\/p>\n<p class=\"paragraph\"><b>Este evento simboliza la recuperaci\u00f3n de la capacidad de intersecci\u00f3n supers\u00f3nica y refuerza la protecci\u00f3n del espacio a\u00e9reo nacional.<\/b> La llegada de estos aviones, que han sido sometidos a un proceso de modernizaci\u00f3n para alcanzar el est\u00e1ndar de cazas de cuarta generaci\u00f3n, constituye un hito estrat\u00e9gico para las <b>Fuerzas Armadas argentinas<\/b>.<\/p>\n<p class=\"paragraph\">El domingo 7 de diciembre, a las nueve de la ma\u00f1ana, se celebrar\u00e1 el acto oficial de presentaci\u00f3n operativa de la flota en el \u00c1rea Material R\u00edo Cuarto, en la provincia de C\u00f3rdoba. El presidente de la Naci\u00f3n, Javier Milei, junto al ministro Petri y autoridades militares, presidir\u00e1 la ceremonia, consolidando as\u00ed la incorporaci\u00f3n de estos sistemas avanzados al inventario nacional.<\/p>\n<p><img alt=\"(@MinDefensa_Ar)\" class=\"global-image\" decoding=\"async\" fetchpriority=\"low\" height=\"1080\" loading=\"lazy\" src=\"https:\/\/www.europesays.com\/es\/wp-content\/uploads\/2025\/12\/5UO7JVCAK5EHNEIPRUJAUHARLA.jpg\" width=\"1920\"\/>(@MinDefensa_Ar)<\/p>\n<p class=\"paragraph\">Estos F-16, reconocidos por su potencia y agilidad, han sido equipados con las \u00faltimas innovaciones en sensores y sistemas de intercambio de datos, lo que les permite integrarse plenamente en el campo de batalla moderno. Su avanzado sistema de guerra electr\u00f3nica y un paquete de armamento sin precedentes les otorgan una notable capacidad de supervivencia y versatilidad. <b>Gracias a estas mejoras, los aviones pueden desempe\u00f1ar m\u00faltiples roles: defensa antia\u00e9rea, supresi\u00f3n de defensas a\u00e9reas enemigas, ataque mar\u00edtimo, interdicci\u00f3n a\u00e9rea, apoyo a\u00e9reo cercano, designaci\u00f3n din\u00e1mica de objetivos, as\u00ed como misiones de inteligencia, vigilancia y reconocimiento no tradicionales.<\/b><\/p>\n<p class=\"paragraph\">El <b>Ministerio de Defensa<\/b> subray\u00f3 que la incorporaci\u00f3n de estos F-16 representa \u201cun salto hist\u00f3rico en la capacidad disuasiva del pa\u00eds\u201d, al dotar a la <b>Argentina<\/b> de medios tecnol\u00f3gicos de \u00faltima generaci\u00f3n para fortalecer la defensa nacional. \u201cEstos aviones, potentes y \u00e1giles, han sido modernizados para equipararse a los cazas de cuarta generaci\u00f3n, con las \u00faltimas innovaciones en sensores y capacidades de intercambio de datos\u201d, resalt\u00f3 el <b>Gobierno<\/b>.<\/p>\n","protected":false},"excerpt":{"rendered":"El inminente arribo de los primeros seis aviones de combate F-16 busca marcar un punto de inflexi\u00f3n en&hellip;\n","protected":false},"author":2,"featured_media":270028,"comment_status":"","ping_status":"","sticky":false,"template":"","format":"standard","meta":{"footnotes":""},"categories":[42],"tags":[17,18,13,14,11,61,62,63,64,19,20,9,10,15,16,12,21,22,65,66,67],"class_list":{"0":"post-270027","1":"post","2":"type-post","3":"status-publish","4":"format-standard","5":"has-post-thumbnail","7":"category-internacional","8":"tag-breaking-news","9":"tag-breakingnews","10":"tag-featured-news","11":"tag-featurednews","12":"tag-headlines","13":"tag-internacional","14":"tag-international","15":"tag-international-news","16":"tag-internationalnews","17":"tag-latest-news","18":"tag-latestnews","19":"tag-news","20":"tag-noticias","21":"tag-noticias-destacadas","22":"tag-noticiasdestacadas","23":"tag-titulares","24":"tag-ultimas-noticias","25":"tag-ultimasnoticias","26":"tag-world","27":"tag-world-news","28":"tag-worldnews"},"share_on_mastodon":{"url":"https:\/\/pubeurope.com\/@es\/115659033241185004","error":""},"_links":{"self":[{"href":"https:\/\/www.europesays.com\/es\/wp-json\/wp\/v2\/posts\/270027","targetHints":{"allow":["GET"]}}],"collection":[{"href":"https:\/\/www.europesays.com\/es\/wp-json\/wp\/v2\/posts"}],"about":[{"href":"https:\/\/www.europesays.com\/es\/wp-json\/wp\/v2\/types\/post"}],"author":[{"embeddable":true,"href":"https:\/\/www.europesays.com\/es\/wp-json\/wp\/v2\/users\/2"}],"replies":[{"embeddable":true,"href":"https:\/\/www.europesays.com\/es\/wp-json\/wp\/v2\/comments?post=270027"}],"version-history":[{"count":0,"href":"https:\/\/www.europesays.com\/es\/wp-json\/wp\/v2\/posts\/270027\/revisions"}],"wp:featuredmedia":[{"embeddable":true,"href":"https:\/\/www.europesays.com\/es\/wp-json\/wp\/v2\/media\/270028"}],"wp:attachment":[{"href":"https:\/\/www.europesays.com\/es\/wp-json\/wp\/v2\/media?parent=270027"}],"wp:term":[{"taxonomy":"category","embeddable":true,"href":"https:\/\/www.europesays.com\/es\/wp-json\/wp\/v2\/categories?post=270027"},{"taxonomy":"post_tag","embeddable":true,"href":"https:\/\/www.europesays.com\/es\/wp-json\/wp\/v2\/tags?post=270027"}],"curies":[{"name":"wp","href":"https:\/\/api.w.org\/{rel}","templated":true}]}}