{"id":270029,"date":"2025-12-04T02:52:29","date_gmt":"2025-12-04T02:52:29","guid":{"rendered":"https:\/\/www.europesays.com\/es\/270029\/"},"modified":"2025-12-04T02:52:29","modified_gmt":"2025-12-04T02:52:29","slug":"actualidad-buscador-ayto-pinto-es-12","status":"publish","type":"post","link":"https:\/\/www.europesays.com\/es\/270029\/","title":{"rendered":"Actualidad buscador &#8211; ayto-pinto.es"},"content":{"rendered":"<p><strong>\u2022 Las campeonas del Club de Gimnasia R\u00edtmica GRD Pinto protagonizar\u00e1n el Encendido de Luces el viernes 5, a las 20:00 horas<\/strong><\/p>\n<p><strong>\u2022 A partir de ah\u00ed se desarrollar\u00e1 toda una programaci\u00f3n de teatro, conciertos, Mercado Fantas\u00eda, Tren de la Navidad, Villa de la Navidad, Preuvas, DJ&#8217;s en el Espacio Joven, Tardebuena, Tardevieja\u00a0\u00a0y la Gran Cabalgata de Reyes Magos, como grandes atractivos<\/strong><\/p>\n<p><strong>\u2022 Puedes descargarte el folleto oficial en el apartado documentos, al final de la noticia<\/strong><\/p>\n<p>La Navidad se vive en Pinto. El Ayuntamiento de Pinto ha preparado una amplia programaci\u00f3n pensada para que todas las familias de la ciudad disfruten al m\u00e1ximo de estas Fiestas. Una Navidad que disfrutaremos del 5 de diciembre al 7 de enero.\u00a0<\/p>\n<p>El Pasacalles de Luz \u2018Night Light\u2019,\u00a0a las 19:30 horas, ser\u00e1 el aperitivo del\u00a0<strong>gran Encendido de Luces,\u00a0<\/strong>a partir de las 20:00 horas, con Villancicos de la Banda Municipal de M\u00fasica de Pinto, preg\u00f3n de nuestras campeonas del Club de Gimnasia R\u00edtmica GRD Pinto y castillo de fuegos artificiales.<\/p>\n<p>\u00abLlega la Navidad a nuestra Ciudad, una \u00e9poca llena de alegr\u00eda e ilusi\u00f3n para compartir buenos y entra\u00f1ables momentos con familiares y amigos. Estos d\u00edas, nuestras calles, plazas y balcones se iluminar\u00e1n y brillar\u00e1n para disfrutar de una programaci\u00f3n que hemos preparado pensando en todos los vecinos: grandes y peque\u00f1os, j\u00f3venes y mayores\u00bb, ha destacado el Alcalde de Pinto, Salom\u00f3n Aguado.\u00a0<\/p>\n<p> <strong>MERCADO DE NAVIDAD, TEATRO, COMIDA DE MAYORES Y TALLERES EN FAMILIA<\/strong> <\/p>\n<p>A partir del Encendido de Luces arrancar\u00e1 toda una programaci\u00f3n que tendr\u00e1 entre sus principales atractivos el <a href=\"https:\/\/www.ayto-pinto.es\/-\/mercado-de-la-navidad-pinto-diciembre-2025\" target=\"_blank\" rel=\"nofollow noopener\"><strong>Mercado de Navidad Fantas\u00eda<\/strong><\/a>, incluyendo puestos artesanos, actividades y el Tren Fantas\u00eda. Del\u00a011 al 14 de diciembre, en la Avenida de Espa\u00f1a.<\/p>\n<p>No faltar\u00e1n las actividades de teatro en la Escuela Municipal de M\u00fasica y los talleres en familia, organizados por las \u00e1reas de Cultura y Turismo, con la colaboraci\u00f3n de Arqueopinto. Para apuntarse o reservas entrada hay que hacerlo desde la Plataforma Municipal de Reservas, a partir del 4 de diciembre<a href=\"https:\/\/reservas.ayto-pinto.es\/#!\/landing\" target=\"_blank\" rel=\"nofollow noopener\"><strong> (PINCHA EN EL ENLACE)<\/strong><\/a>.<\/p>\n<p>Asimismo, llega una nueva edici\u00f3n de la <a href=\"https:\/\/www.ayto-pinto.es\/-\/comida-mayores-navidad-pinto-2025\" rel=\"nofollow noopener\" target=\"_blank\"><strong>Comida de Navidad de Mayores<\/strong><\/a>. Un rotundo \u00e9xito de participaci\u00f3n, que tendr\u00e1 lugar los d\u00edas 9, 11, 15, 16 y 23 de diciembre. Adem\u00e1s de su tradicional festival o exposiciones en el Centro Municipal Santa Rosa de Lima.\u00a0<\/p>\n<p> <strong>LA VILLA DE LA NAVIDAD<\/strong> <\/p>\n<p>Por segundo a\u00f1o consecutivo, Pinto disfrutar\u00e1 de su particular Villa de la Navidad. Tras la buena acogida del a\u00f1o pasado seguir\u00e1 ubicada en el Parque Gabriel Mart\u00edn, aumentando su programaci\u00f3n con conciertos como el de <strong>Dubbi Kids <\/strong>el 26 de diciembre, <strong>Big Naughty<\/strong> el d\u00eda 27 o <strong>Ver\u00f3nica Romero<\/strong> (OT 2001) el 28 de diciembre.<\/p>\n<p>Tambi\u00e9n hinchables, atracciones, espect\u00e1culos circenses o carteros reales, para hacer las delicias de los m\u00e1s peque\u00f1os y sus familias.\u00a0<\/p>\n<p>La Villa de la Navidad abrir\u00e1 sus puertas el s\u00e1bado, 20 de diciembre, con un gran espect\u00e1culo a partir de las 12:00 horas y durante la semana pr\u00f3xima se repartir\u00e1n las pulseras en los colegios e institutos de la ciudad, para que los ni\u00f1os accedan gratis a todas las atracciones.<\/p>\n<p><img decoding=\"async\" data-fileentryid=\"1979235\" src=\"https:\/\/www.europesays.com\/es\/wp-content\/uploads\/2025\/12\/68bde9da-7ddc-166a-a192-836b490a011d\"\/><\/p>\n<p> <strong>CONCIERTOS DE NAVIDAD, DJ&#8217;S EN EL ESPACIO JOVEN Y PREUVAS<\/strong> <\/p>\n<p>Adem\u00e1s del concierto de Ver\u00f3nica en la\u00a0Villa de la Navidad<strong>,<\/strong>\u00a0la m\u00fasica ser\u00e1 una de las grandes protagonistas con los conciertos de Navidad de la Big Band, la Banda Municipal de M\u00fasica y el Coro y Escolan\u00eda Municipal. Tambi\u00e9n el ciclo Voces del Cielo, llevando la m\u00fasica sacra a nuestros templos sagrados, iglesias y parroquias.\u00a0<\/p>\n<p>Habr\u00e1 un a\u00f1o m\u00e1s DJ&#8217;s en el Espacio Joven que se habilitar\u00e1 en el Recinto Ferial. La Tardebuena ser\u00e1 para las charangas y, por primera vez, una Disco M\u00f3vil recorrer\u00e1 la ciudad en la Tardevieja.<\/p>\n<p>No faltar\u00e1n las Preuvas, con una gran fiesta en el Recinto Ferial el d\u00eda 27\u00a0de diciembre, desde las 19:00 horas. El reparto de cotill\u00f3n arrancar\u00e1 a las 18:00 horas para estar bien engalanados y adelantarnos al fin de a\u00f1o.<\/p>\n<p> <strong>VISITAS GUIADAS Y SAN PINTE\u00d1A<\/strong> <\/p>\n<p>Las visitas guiadas a la Torre de \u00c9boli y al patrimonio monumental de Pinto tambi\u00e9n se hacen hueco en la programaci\u00f3n de Navidad. Como el deporte, protagonizado, un a\u00f1o m\u00e1s, por la San Pinte\u00f1a, el 28 de diciembre, y la Carrera Solidaria del 20 de diciembre.\u00a0<\/p>\n<p>Igualmente, volveremos a disfrutar de la Papanoelada motera el d\u00eda 21, a las 16:00 horas. Una nueva edici\u00f3n solidaria, con sorteos y regalos.\u00a0<\/p>\n<p> <strong>GRAN CABALGATA DE REYES MAGOS<\/strong> <\/p>\n<p>Y, como es habitual, el colof\u00f3n correr\u00e1 a cargo de la gran <strong>Cabalgata de Reyes Magos<\/strong>\u00a0del 5 de enero, con salida a las 18:00 h de la Avenida Manuel de Falla (Escuela Municipal de M\u00fasica) y llegada al Recinto Ferial. Habr\u00e1 zona sin ruido y cuatro espacios habilitados para personas con discapacidad.\u00a0<\/p>\n<p>Este a\u00f1o con el lema &#8216;Los susurros de la Tierra&#8217;, estar\u00e1 amenizada con diferentes pasacalles y carrozas, que har\u00e1n las delicias de todos los vecinos en el preludio de la noche m\u00e1s especial del a\u00f1o.\u00a0<\/p>\n<p><img decoding=\"async\" data-fileentryid=\"1979267\" src=\"https:\/\/www.europesays.com\/es\/wp-content\/uploads\/2025\/12\/1d09dcd1-8cbe-330c-e596-03c5a428dc81\"\/><\/p>\n<p>\u00a0<\/p>\n","protected":false},"excerpt":{"rendered":"\u2022 Las campeonas del Club de Gimnasia R\u00edtmica GRD Pinto protagonizar\u00e1n el Encendido de Luces el viernes 5,&hellip;\n","protected":false},"author":2,"featured_media":270030,"comment_status":"","ping_status":"","sticky":false,"template":"","format":"standard","meta":{"footnotes":""},"categories":[8],"tags":[66392,26360,36009,17,18,3903,209,168,2026,25,24,24132,367,13,14,3869,11,22723,66389,19,20,66391,9,7207,10,15,16,66390,23,12,4664,21,22],"class_list":{"0":"post-270029","1":"post","2":"type-post","3":"status-publish","4":"format-standard","5":"has-post-thumbnail","7":"category-espana","8":"tag-12-diciembre","9":"tag-aserpinto","10":"tag-asociaciones","11":"tag-breaking-news","12":"tag-breakingnews","13":"tag-comercio","14":"tag-cultura","15":"tag-deportes","16":"tag-educacion","17":"tag-es","18":"tag-espana","19":"tag-etiquetas-hemeroteca-2025","20":"tag-familia","21":"tag-featured-news","22":"tag-featurednews","23":"tag-festejos","24":"tag-headlines","25":"tag-hemeroteca-2025","26":"tag-hemeroteca-2026","27":"tag-latest-news","28":"tag-latestnews","29":"tag-navidad-en-pinto","30":"tag-news","31":"tag-notas-de-prensa","32":"tag-noticias","33":"tag-noticias-destacadas","34":"tag-noticiasdestacadas","35":"tag-programacion-navidad-pinto-2025-2026","36":"tag-spain","37":"tag-titulares","38":"tag-turismo","39":"tag-ultimas-noticias","40":"tag-ultimasnoticias"},"share_on_mastodon":{"url":"https:\/\/pubeurope.com\/@es\/115659036988250772","error":""},"_links":{"self":[{"href":"https:\/\/www.europesays.com\/es\/wp-json\/wp\/v2\/posts\/270029","targetHints":{"allow":["GET"]}}],"collection":[{"href":"https:\/\/www.europesays.com\/es\/wp-json\/wp\/v2\/posts"}],"about":[{"href":"https:\/\/www.europesays.com\/es\/wp-json\/wp\/v2\/types\/post"}],"author":[{"embeddable":true,"href":"https:\/\/www.europesays.com\/es\/wp-json\/wp\/v2\/users\/2"}],"replies":[{"embeddable":true,"href":"https:\/\/www.europesays.com\/es\/wp-json\/wp\/v2\/comments?post=270029"}],"version-history":[{"count":0,"href":"https:\/\/www.europesays.com\/es\/wp-json\/wp\/v2\/posts\/270029\/revisions"}],"wp:featuredmedia":[{"embeddable":true,"href":"https:\/\/www.europesays.com\/es\/wp-json\/wp\/v2\/media\/270030"}],"wp:attachment":[{"href":"https:\/\/www.europesays.com\/es\/wp-json\/wp\/v2\/media?parent=270029"}],"wp:term":[{"taxonomy":"category","embeddable":true,"href":"https:\/\/www.europesays.com\/es\/wp-json\/wp\/v2\/categories?post=270029"},{"taxonomy":"post_tag","embeddable":true,"href":"https:\/\/www.europesays.com\/es\/wp-json\/wp\/v2\/tags?post=270029"}],"curies":[{"name":"wp","href":"https:\/\/api.w.org\/{rel}","templated":true}]}}