{"id":270031,"date":"2025-12-04T02:53:20","date_gmt":"2025-12-04T02:53:20","guid":{"rendered":"https:\/\/www.europesays.com\/es\/270031\/"},"modified":"2025-12-04T02:53:20","modified_gmt":"2025-12-04T02:53:20","slug":"de-los-mejores-de-la-historia-en-san-mames-catedralicio-golazo-de-mbappe-diario-as","status":"publish","type":"post","link":"https:\/\/www.europesays.com\/es\/270031\/","title":{"rendered":"De los mejores de la historia en San Mam\u00e9s: catedralicio golazo de Mbapp\u00e9 &#8211; Diario AS"},"content":{"rendered":"<ol>\n<li><a href=\"https:\/\/news.google.com\/rss\/articles\/CBMisgFBVV95cUxNY0lZVngyTHVCZ2hOTlhRNGVwQVJIeGY4dzA2TUZmVGxXV1RBSWtlTHNwb21sOFBYWGxReDdrOUV0MjhoaUlqaUNZUHpGVTF6Tm9qLVRpZzdWQXk1dUx1NnBRTWkxZVVVQ0dwM01aWTBaOVNOM09tRk9nZUp1T0xSUnJ6TmEzMTRsMkJpNTVkRnFYaXllWHVUTms5Y05UXzI3NkpYUEE5SWJDTG5qS3ZnZUp3?oc=5\" target=\"_blank\" rel=\"nofollow noopener\">De los mejores de la historia en San Mam\u00e9s: catedralicio golazo de Mbapp\u00e9<\/a>&nbsp;&nbsp;Diario AS<\/li>\n<li><a href=\"https:\/\/news.google.com\/rss\/articles\/CBMinAFBVV95cUxNQmtobDJSOEpremMyRE1lSVpSMF9ucERRUVNac2NsQ2trOHdsUFNwR3VLekk1cmVIOWNPdWFFR0hmT0wwRUd2b05FUG9MejJuLV8tdDBEa0NVMjFfT2ZPaEpvLWZ5ckxnMEI0Rk9ENUhBNmkxVzA4SFAwQ0QtQVJ3THdKb1BsZVVJNWxyajlXdGlUQWJ6WWQ5MG5CeEvSAZwBQVVfeXFMTzM5LVNhaEdmQnJOM1BURENrQkhJRWl3Ykh0czg2NndRZkM4NWxTSkMwUHlzcGtSS19JZmRwcXlpSjBvRTFLbE5Fei11c1hMQ2U4UV9LQ3VXUC1hRmphbzBTaEhqMXlCVGdBUXlKNU5DUDlpMDNudUVoMWszSWU5YTI2bFRKZndSOUUzM2V4OTAtTkZYQnFQYkh0OTBm?oc=5\" target=\"_blank\" rel=\"nofollow noopener\">El eje Mbapp\u00e9-Courtois impulsa al Real Madrid en San Mam\u00e9s<\/a>&nbsp;&nbsp;El Mundo<\/li>\n<li><a href=\"https:\/\/news.google.com\/rss\/articles\/CBMi8gFBVV95cUxPa3dRX1Fhamo3YU83enBONWlJcXE3SjRoM3ZZTXk5NXlMc3JVdzBoWHNtaVhWbTJSSk83ZUo4LXhiZ2VWMUZMVmp6MTBGYTZWRmROdC1IVG50bnJJWUJyR3dFSzlLRzl0a1FuRTB3Rmh3OW1oUFdvR2dReS1yX1RNV3VwYWp3RjdKVnZld180NkFlTUxDaU5ZcWZKeUJITFMtZ3gwX2ZTQ0NxbEtGTy1OWjhyYlNnMEFodWN3V282eDd5QVFGck94OENmdktPX3hFR0YzLThZaU12bzFSRUQ1b3d5UHJsVkxFVDAxSUhxTkNWUdIBhgJBVV95cUxOdUROVTJWRmhHeEdDek5LTGJDUk9YOGpCUThxMTdFeWtvYXVVZHpfanJFMFlVWkhGSlpuanpCSmFNa05FZ1RfRGE0ZFVoTHNqYkxYNmxUYjhCZjFqYWpOamZqQzFjeUllNFBEYWVzckw2QUFEOHAwRDVxeGlpUU92cUcyNzFXRzk1VWZ2akhLOGU0cUdUcGd0VGZJd2xnQ0dmTGg5eGJmLVNBQ1FRMkF6b3NwR2IxQVZHcl9QbzcyNUJseXlLcm5IQktVRDZuS3Q0N0dya29rSUowWW9tWmVmMlViclJfVGRMYnR1cmtjRHRiU2ZKekxETEVMRGNRMGFsbmtBbFN3?oc=5\" target=\"_blank\" rel=\"nofollow noopener\">El cambio de Vinicius del que se va a hablar mucho: del insulto a coro de San Mam\u00e9s a este abrazo con Xabi<\/a>&nbsp;&nbsp;Diario AS<\/li>\n<li><a href=\"https:\/\/news.google.com\/rss\/articles\/CBMirAFBVV95cUxPakJqS2FlQ1RWUGs2SmlLODlJelV3NDJQamZpNzJJY21sYVZaZlpkMnZRdHc3RlRzU2pCYlhZU1UtMmlYN1NHR0JBckZtYXA4TlRucmhTejVfWHV2dUR3Nmp1b2l1azUxeUZ6ekdMVFpfYnEtWmJFU0ZxRldFa21fVDFXc2NobXRXTUtaeGZkOTFFS3RCMnJGUEpvTFdUWjFVY19rckYySjMzVGJC?oc=5\" target=\"_blank\" rel=\"nofollow noopener\">Goleada en San Mam\u00e9s con un recital de Mbapp\u00e9<\/a>&nbsp;&nbsp;realmadrid.com<\/li>\n<li><a href=\"https:\/\/news.google.com\/rss\/articles\/CBMimgFBVV95cUxNQThBaDRfN3V1LUItb243cnllMDJsbDZSVDFhXzU2NC1hVmtZTGF0RHB1Q0xRdnc4eTkwZXNKSFd5aTMxM1ZGaHZrUXFHOXlYNXBad2Q4dEp3R3p2WnlOS0ZhaVd5RWl1TVBCdEVUa2xBeE1Nc2t4TEJxRGlYdjIwdE5KQWhmZkMzcXFtaThGTkdsbS10eE9TTzhR?oc=5\" target=\"_blank\" rel=\"nofollow noopener\">Mbapp\u00e9 revive al Real Madrid en La Catedral | F\u00fatbol | Deportes<\/a>&nbsp;&nbsp;EL PA\u00cdS<\/li>\n<\/ol>\n","protected":false},"excerpt":{"rendered":"De los mejores de la historia en San Mam\u00e9s: catedralicio golazo de Mbapp\u00e9&nbsp;&nbsp;Diario AS El eje Mbapp\u00e9-Courtois impulsa&hellip;\n","protected":false},"author":2,"featured_media":270032,"comment_status":"","ping_status":"","sticky":false,"template":"","format":"standard","meta":{"footnotes":""},"categories":[5],"tags":[17,18,25,24,13,14,11,19,20,9,10,15,16,23,12,21,22],"class_list":{"0":"post-270031","1":"post","2":"type-post","3":"status-publish","4":"format-standard","5":"has-post-thumbnail","7":"category-titulares","8":"tag-breaking-news","9":"tag-breakingnews","10":"tag-es","11":"tag-espana","12":"tag-featured-news","13":"tag-featurednews","14":"tag-headlines","15":"tag-latest-news","16":"tag-latestnews","17":"tag-news","18":"tag-noticias","19":"tag-noticias-destacadas","20":"tag-noticiasdestacadas","21":"tag-spain","22":"tag-titulares","23":"tag-ultimas-noticias","24":"tag-ultimasnoticias"},"share_on_mastodon":{"url":"https:\/\/pubeurope.com\/@es\/115659040573970080","error":""},"_links":{"self":[{"href":"https:\/\/www.europesays.com\/es\/wp-json\/wp\/v2\/posts\/270031","targetHints":{"allow":["GET"]}}],"collection":[{"href":"https:\/\/www.europesays.com\/es\/wp-json\/wp\/v2\/posts"}],"about":[{"href":"https:\/\/www.europesays.com\/es\/wp-json\/wp\/v2\/types\/post"}],"author":[{"embeddable":true,"href":"https:\/\/www.europesays.com\/es\/wp-json\/wp\/v2\/users\/2"}],"replies":[{"embeddable":true,"href":"https:\/\/www.europesays.com\/es\/wp-json\/wp\/v2\/comments?post=270031"}],"version-history":[{"count":0,"href":"https:\/\/www.europesays.com\/es\/wp-json\/wp\/v2\/posts\/270031\/revisions"}],"wp:featuredmedia":[{"embeddable":true,"href":"https:\/\/www.europesays.com\/es\/wp-json\/wp\/v2\/media\/270032"}],"wp:attachment":[{"href":"https:\/\/www.europesays.com\/es\/wp-json\/wp\/v2\/media?parent=270031"}],"wp:term":[{"taxonomy":"category","embeddable":true,"href":"https:\/\/www.europesays.com\/es\/wp-json\/wp\/v2\/categories?post=270031"},{"taxonomy":"post_tag","embeddable":true,"href":"https:\/\/www.europesays.com\/es\/wp-json\/wp\/v2\/tags?post=270031"}],"curies":[{"name":"wp","href":"https:\/\/api.w.org\/{rel}","templated":true}]}}