{"id":270038,"date":"2025-12-04T03:01:10","date_gmt":"2025-12-04T03:01:10","guid":{"rendered":"https:\/\/www.europesays.com\/es\/270038\/"},"modified":"2025-12-04T03:01:10","modified_gmt":"2025-12-04T03:01:10","slug":"publicado-el-calendario-del-infantil-y-cadete-de-selecciones-autonomicas","status":"publish","type":"post","link":"https:\/\/www.europesays.com\/es\/270038\/","title":{"rendered":"Publicado el calendario del Infantil y Cadete de Selecciones Auton\u00f3micas"},"content":{"rendered":"<p>\u00c1REA DE COMUNICACI\u00d3N FEB<\/p>\n<p>Catalu\u00f1a defiende los t\u00edtulos en cadete masculino y cadete femenino conquistados el a\u00f1o pasado en el Palacio de los Deportes Carolina Mar\u00edn. La Comunidad de Madrid es la actual campeona en infantil masculino mientras que la Comunitat Valenciana consigui\u00f3 su primer oro en infantil femenino la temporada pasada.<\/p>\n<p>Los Pabellones ser\u00e1n el Principe Felipe &#8211; donde se jugar\u00e1 las finales del cadete &#8211; el Siglo XXI \u2013 las finales infantiles \u2013 el Municipal Las Fuentes de Utebo, El Olivar, Stadium Casablanca, CN Helios, Liceo Europeo, Torres de Berrell\u00e9n, CDM Jos\u00e9 Garc\u00e9s y La Puebla de Alfind\u00e9n.<\/p>\n<p>CADETE FEMENINO<br \/>&#13;<br \/>\n Grupo A: Galicia, Castilla y Le\u00f3n, Cantabria, Pa\u00eds Vasco<br \/>&#13;<br \/>\n Grupo B: Andaluc\u00eda, C. Valenciana, R. Murcia y Castilla la Mancha<br \/>&#13;<br \/>\n Grupo C: Catalu\u00f1a, Madrid, La Rioja y Melilla<br \/>&#13;<br \/>\n Grupo D: Arag\u00f3n, P. Asturias, Extremadura y Ceuta<br \/>&#13;<br \/>\n Grupo E: Canarias, Baleares y Navarra <\/p>\n<p>CADETE MASCULINO<br \/>&#13;<br \/>\n Grupo A: Catalu\u00f1a, Baleares, Castilla y Le\u00f3n y Navarra<br \/>&#13;<br \/>\n Grupo B: \u00a0Madrid, C. Valenciana, Cantabria y La Rioja<br \/>&#13;<br \/>\n Grupo C: Andaluc\u00eda, Canarias, Asturias y Melilla<br \/>&#13;<br \/>\n Grupo D: Galicia, Extremadura, Castilla la Mancha y Ceuta<br \/>&#13;<br \/>\n Grupo E: \u00a0Arag\u00f3n, Pa\u00eds Vasco y R. Murcia<\/p>\n<p>INFANTIL FEMENINO<br \/>&#13;<br \/>\n Grupo A: Andaluc\u00eda, Baleares, Pa\u00eds Vasco y Cantabria<br \/>&#13;<br \/>\n Grupo B: Castilla y Le\u00f3n, C. Valenciana, Extremadura y R. Murcia<br \/>&#13;<br \/>\n Grupo C: Catalu\u00f1a, Madrid, Castilla la Mancha y Melilla<br \/>&#13;<br \/>\n Grupo D: \u00a0Galicia, Canarias, La Rioja y Ceuta<br \/>&#13;<br \/>\n Grupo E: \u00a0Asturias, Arag\u00f3n y Navarra<\/p>\n<p>INFANTIL MASCULINO<br \/>&#13;<br \/>\n Grupo A: Catalu\u00f1a, Canarias, Castilla la Mancha y R. Murcia<br \/>&#13;<br \/>\n Grupo B: \u00a0C. Valenciana, Galicia, Extremadura y La Rioja<br \/>&#13;<br \/>\n Grupo C: Andaluc\u00eda, Madrid, Navarra y Melilla<br \/>&#13;<br \/>\n Grupo D: \u00a0Arag\u00f3n, Asturias, Cantabria y Ceuta<br \/>&#13;<br \/>\n Grupo E: \u00a0Castilla y Le\u00f3n, Pa\u00eds Vasco y Baleares<\/p>\n","protected":false},"excerpt":{"rendered":"\u00c1REA DE COMUNICACI\u00d3N FEB Catalu\u00f1a defiende los t\u00edtulos en cadete masculino y cadete femenino conquistados el a\u00f1o pasado&hellip;\n","protected":false},"author":2,"featured_media":270039,"comment_status":"","ping_status":"","sticky":false,"template":"","format":"standard","meta":{"footnotes":""},"categories":[269],"tags":[4605,299,1918,298,4597,4613,4616,4609,4608,4610,168,4603,4606,25,24,4120,4598,4614,2713,4601,830,4599,4600,4602,4615,4617,4607,4604,23,167,4611,4612],"class_list":{"0":"post-270038","1":"post","2":"type-post","3":"status-publish","4":"format-standard","5":"has-post-thumbnail","7":"category-baloncesto","8":"tag-arbitros-baloncesto","9":"tag-baloncesto","10":"tag-basket","11":"tag-basketball","12":"tag-basquet","13":"tag-canalfeb","14":"tag-clasificacion","15":"tag-copa-princesa","16":"tag-copa-principe","17":"tag-copa-reina","18":"tag-deportes","19":"tag-eba","20":"tag-entrenadores-baloncesto","21":"tag-es","22":"tag-espana","23":"tag-estadisticas","24":"tag-federacion-baloncesto","25":"tag-jornada-virtual","26":"tag-jugadores","27":"tag-laeb-plata","28":"tag-leb-oro","29":"tag-liga-espana","30":"tag-liga-espanola-baloncesto","31":"tag-liga-femenina","32":"tag-marcadores-baloncesto","33":"tag-rankings","34":"tag-reglas-baloncesto","35":"tag-seleccion-baloncesto","36":"tag-spain","37":"tag-sports","38":"tag-supercopa","39":"tag-television-baloncesto"},"share_on_mastodon":{"url":"","error":"Validation failed: Text character limit of 500 exceeded"},"_links":{"self":[{"href":"https:\/\/www.europesays.com\/es\/wp-json\/wp\/v2\/posts\/270038","targetHints":{"allow":["GET"]}}],"collection":[{"href":"https:\/\/www.europesays.com\/es\/wp-json\/wp\/v2\/posts"}],"about":[{"href":"https:\/\/www.europesays.com\/es\/wp-json\/wp\/v2\/types\/post"}],"author":[{"embeddable":true,"href":"https:\/\/www.europesays.com\/es\/wp-json\/wp\/v2\/users\/2"}],"replies":[{"embeddable":true,"href":"https:\/\/www.europesays.com\/es\/wp-json\/wp\/v2\/comments?post=270038"}],"version-history":[{"count":0,"href":"https:\/\/www.europesays.com\/es\/wp-json\/wp\/v2\/posts\/270038\/revisions"}],"wp:featuredmedia":[{"embeddable":true,"href":"https:\/\/www.europesays.com\/es\/wp-json\/wp\/v2\/media\/270039"}],"wp:attachment":[{"href":"https:\/\/www.europesays.com\/es\/wp-json\/wp\/v2\/media?parent=270038"}],"wp:term":[{"taxonomy":"category","embeddable":true,"href":"https:\/\/www.europesays.com\/es\/wp-json\/wp\/v2\/categories?post=270038"},{"taxonomy":"post_tag","embeddable":true,"href":"https:\/\/www.europesays.com\/es\/wp-json\/wp\/v2\/tags?post=270038"}],"curies":[{"name":"wp","href":"https:\/\/api.w.org\/{rel}","templated":true}]}}