{"id":270040,"date":"2025-12-04T03:02:11","date_gmt":"2025-12-04T03:02:11","guid":{"rendered":"https:\/\/www.europesays.com\/es\/270040\/"},"modified":"2025-12-04T03:02:11","modified_gmt":"2025-12-04T03:02:11","slug":"torrent-1-4-betis-para-rodrigo-riquelme-no-hay-tramites-ni-noches-baldias","status":"publish","type":"post","link":"https:\/\/www.europesays.com\/es\/270040\/","title":{"rendered":"Torrent 1-4 Betis: Para Rodrigo Riquelme no hay tr\u00e1mites ni noches bald\u00edas"},"content":{"rendered":"<p>El &#8216;hat-trick&#8217; del atacante madrile\u00f1o, de los pocos que se lo tom\u00f3 tan en serio como merec\u00eda la eliminatoria, conduce a los heliopolitanos a dieciseisavos; <a href=\"https:\/\/www.estadiodeportivo.com\/futbol\/copa-del-rey\/torrent-betis-directo-partido-hoy-segunda-ronda-copa-del-rey-vivo-online-20251203-522555.html\" target=\"_blank\" class=\"intext-link-entradilla\" rel=\"nofollow noopener\">as\u00ed lo vivimos y lo contamos minuto a minuto<\/a><\/p>\n<p class=\"parrafo\">El <strong>Real Betis<\/strong> estar\u00e1 el pr\u00f3ximo <strong>martes 9 de diciembre<\/strong>, como se esperaba, en el bombo del sorteo de los dieciseisavos de final de la <strong>Copa del Rey<\/strong>, tras superar con <strong>comodidad<\/strong> este <strong>3-D<\/strong> al <strong>Torrent CF<\/strong>, colista del <strong>Grupo 3 de Segunda RFEF<\/strong>, en un <strong>desangelado<\/strong> y medio vac\u00edo<strong> Estadio Ciudad de Valencia<\/strong>. Se not\u00f3 la diferencia de categor\u00eda y que las obras del <strong>San Gregorio<\/strong> impidieron al cuadro &#8216;taronja&#8217; ejercer de anfitri\u00f3n en su casa. Bast\u00f3, de hecho, la calidad y las ganas de aprovechar la oportunidad de un <strong>Rodrigo Riquelme<\/strong> que, con dos derechazos ajustados nada m\u00e1s arrancar y casi terminando el primer tiempo, dej\u00f3 la contienda vista para sentencia con otra mitad por disputarse, rematando la faena en la reanudaci\u00f3n, cuando <strong>Armando Corbal\u00e1n<\/strong> hizo el del honor de los levantinos, &#8216;mojando&#8217; en la \u00faltima jugada <strong>\u00c1ngel Ortiz<\/strong> tambi\u00e9n.<\/p>\n<p>Noticias Relacionadas<img decoding=\"async\" src=\"https:\/\/www.europesays.com\/es\/wp-content\/uploads\/2025\/12\/099da9b2-0482-433b-b345-bccfbd861e0f_800x533.jpeg\" loading=\"lazy\"\/><\/p>\n<p class=\"parrafo\">Se contagiaron los protagonistas de la fr\u00eda noche valenciana y hasta el ritmo fue m\u00e1s de amistoso estival que de encuentro oficial. Los nueve cambios introducidos por <strong>Manuel Pellegrini<\/strong> tan s\u00f3lo espolearon a &#8216;<strong>Roro<\/strong>&#8216;, que duplic\u00f3 su n\u00f3mina de tantos en la que hasta la fecha es su competici\u00f3n fetiche. En el 11, trazando la diagonal desde la banda izquierda para sorprender a <strong>Marc Dolz<\/strong> con un bote casi en la cara por el palo largo. En el 43, recibiendo entre l\u00edneas de <a href=\"https:\/\/www.estadiodeportivo.com\/futbol\/betis\/que-faltaba-por-ver-antony-gran-derbi-autografos-sevillistas-sufrimiento-palco-vip-lagrimas-emocion-20251202-522429.html\" target=\"_blank\" class=\"intext-link\" rel=\"nofollow noopener\">un Antony Matheus dos Santos con unas ganas locas de jugar tras ver El Gran Derbi como espectador de lujo<\/a> para, en lo que pareci\u00f3 m\u00e1s un centro que un chut, colarla de nuevo en el segundo palo con una sutil vaselina.<\/p>\n<p class=\"parrafo\">Y pare usted de contar, pues <strong>C\u00e9dric Bakambu<\/strong> err\u00f3 lo imposible a bocajarro y con cierta desidia, un acelerado &#8216;<strong>Chimy<\/strong>&#8216; <strong>\u00c1vila<\/strong> no atin\u00f3 con un globo por poco y <strong>\u00c1ngel Ortiz<\/strong>, otro de los que se lo tom\u00f3 tan en serio como correspond\u00eda, mand\u00f3 a las manos del ex cancerbero sevillista un zurdazo desde el semic\u00edrculo. Tras el paso por los vestuarios, el &#8216;<strong>Ingeniero<\/strong>&#8216; sent\u00f3 ya a <strong>Valent\u00edn G\u00f3mez<\/strong> pensando en la visita sabatina del <strong>Bar\u00e7a<\/strong> a <strong>La Cartuja<\/strong> y prob\u00f3 con <strong>Ricardo Rodr\u00edguez<\/strong> como central zurdo, un experimento m\u00e1s habitual (casi siempre con l\u00ednea de cinco atr\u00e1s) con <strong>Suiza<\/strong> que en tierras andaluzas. Una nueva fase a la que dieron <strong>emoci\u00f3n<\/strong> las licencias en \u00e1rea propia de <strong>Adri\u00e1n San Miguel <\/strong>y <strong>Pablo Garc\u00eda<\/strong>, asistente en el 0-3.<\/p>\n<p class=\"parrafo\">El del <strong>Parque Alcosa<\/strong>, sustituto de un <strong>Antony<\/strong> al que relev\u00f3 en el <strong>Ram\u00f3n S\u00e1nchez-Pizju\u00e1n<\/strong> por la sanci\u00f3n del paulista, avis\u00f3 primero con un testarazo a las manos de <strong>Marc Dolz<\/strong>, devolviendo la gentileza a <strong>Rodrigo Riquelme<\/strong> para el &#8216;hat-trick&#8217; del madrile\u00f1o. Desde entonces, la relajaci\u00f3n hizo mella en el cuadro for\u00e1neo, que vio c\u00f3mo el reci\u00e9n ingresado <strong>Jos\u00e9 Vargas<\/strong> &#8216;<strong>Gasolina<\/strong>&#8216; acariciaba el tanto con un mano a mano regalado por <strong>Nelson Deossa<\/strong> y salvado &#8216;in extremis&#8217; por <strong>Adri\u00e1n<\/strong>, menos solvente a continuaci\u00f3n tras la falta provocada por el moralo y botada con acierto por <strong>Diego Mart\u00ednez<\/strong> para que <strong>Armando<\/strong> cabeceara a la red ante la pasividad del colombiano y de <strong>Diego Llorente<\/strong>. Al menos, <strong>\u00c1ngel Ortiz<\/strong> dec\u00eda la \u00faltima palabra en la (literalmente) jugada final a pase de <strong>Junior Firpo<\/strong>.<strong\/><\/p>\n<p>Ficha t\u00e9cnica<\/p>\n<p class=\"parrafo\"><strong>Torrent CF: <\/strong>Marc Dolz; Miguel Llambrich, Dan Ojog, Ivi Mart\u00ednez, H\u00e9ctor Mej\u00eda; Steven Sibille (Hugo Esteban 46&#8242;), Armando, Adri P\u00e9rez (Fer Cano 46&#8242;), Manu Viana (Diego Mart\u00ednez 46&#8242;); Adri\u00e1n Lois (Gasolina 82&#8242;); y Caballero (Kouassi 64&#8242;).<\/p>\n<p class=\"parrafo\"><strong>Real Betis: <\/strong>Adri\u00e1n; Ortiz, Diego Llorente, Valent\u00edn G\u00f3mez (Junior 46&#8242;), Ricardo Rodr\u00edguez; Altimira, Deossa; Antony (Pablo Garc\u00eda 66&#8242;), &#8216;Chimy&#8217; \u00c1vila (Corralejo 78&#8242;), Rodrigo Riquelme; y Bakambu (Aitor Ruibal 66&#8242;).<\/p>\n<p class=\"parrafo\"><strong>\u00c1rbitro:<\/strong> S\u00e1nchez Mart\u00ednez (murciano). Amarillas a los locales Adri\u00e1n Lois, Dan Ojog y Diego Mart\u00ednez, as\u00ed como a los visitantes &#8216;Chimy&#8217; \u00c1vila y Aitor Ruibal.<\/p>\n<p class=\"parrafo\"><strong>Goles:<\/strong> <strong>0-1 <\/strong>(11&#8242;) Rodrigo Riquelme; <strong>0-2 <\/strong>(43&#8242;) Rodrigo Riquelme; <strong>0-3 <\/strong>(75&#8242;) Rodrigo Riquelme; <strong>1-3 <\/strong>(85&#8242;) Armando; <strong>1-4 <\/strong>(90&#8242;) Ortiz.<\/p>\n<p class=\"parrafo\"><strong>Incidencias: <\/strong>Ni un tercio de entrada (los Goles estaban vac\u00edos, as\u00ed como gran parte de la grada principal), con 6.680 espectadores en el Estadio Ciudad de Valencia para presenciar la segunda eliminatoria (a partido \u00fanico) de la Copa del Rey.<\/p>\n","protected":false},"excerpt":{"rendered":"El &#8216;hat-trick&#8217; del atacante madrile\u00f1o, de los pocos que se lo tom\u00f3 tan en serio como merec\u00eda la&hellip;\n","protected":false},"author":2,"featured_media":270041,"comment_status":"","ping_status":"","sticky":false,"template":"","format":"standard","meta":{"footnotes":""},"categories":[268],"tags":[1941,168,25,24,284,280,282,286,281,23,167],"class_list":{"0":"post-270040","1":"post","2":"type-post","3":"status-publish","4":"format-standard","5":"has-post-thumbnail","7":"category-futbol","8":"tag-copa-del-rey","9":"tag-deportes","10":"tag-es","11":"tag-espana","12":"tag-estadio-deportivo","13":"tag-football","14":"tag-futbol","15":"tag-real-betis-balompie","16":"tag-soccer","17":"tag-spain","18":"tag-sports"},"share_on_mastodon":{"url":"https:\/\/pubeurope.com\/@es\/115659076369883892","error":""},"_links":{"self":[{"href":"https:\/\/www.europesays.com\/es\/wp-json\/wp\/v2\/posts\/270040","targetHints":{"allow":["GET"]}}],"collection":[{"href":"https:\/\/www.europesays.com\/es\/wp-json\/wp\/v2\/posts"}],"about":[{"href":"https:\/\/www.europesays.com\/es\/wp-json\/wp\/v2\/types\/post"}],"author":[{"embeddable":true,"href":"https:\/\/www.europesays.com\/es\/wp-json\/wp\/v2\/users\/2"}],"replies":[{"embeddable":true,"href":"https:\/\/www.europesays.com\/es\/wp-json\/wp\/v2\/comments?post=270040"}],"version-history":[{"count":0,"href":"https:\/\/www.europesays.com\/es\/wp-json\/wp\/v2\/posts\/270040\/revisions"}],"wp:featuredmedia":[{"embeddable":true,"href":"https:\/\/www.europesays.com\/es\/wp-json\/wp\/v2\/media\/270041"}],"wp:attachment":[{"href":"https:\/\/www.europesays.com\/es\/wp-json\/wp\/v2\/media?parent=270040"}],"wp:term":[{"taxonomy":"category","embeddable":true,"href":"https:\/\/www.europesays.com\/es\/wp-json\/wp\/v2\/categories?post=270040"},{"taxonomy":"post_tag","embeddable":true,"href":"https:\/\/www.europesays.com\/es\/wp-json\/wp\/v2\/tags?post=270040"}],"curies":[{"name":"wp","href":"https:\/\/api.w.org\/{rel}","templated":true}]}}