{"id":270042,"date":"2025-12-04T03:03:12","date_gmt":"2025-12-04T03:03:12","guid":{"rendered":"https:\/\/www.europesays.com\/es\/270042\/"},"modified":"2025-12-04T03:03:12","modified_gmt":"2025-12-04T03:03:12","slug":"atento-y-amable-con-todos","status":"publish","type":"post","link":"https:\/\/www.europesays.com\/es\/270042\/","title":{"rendered":"Atento y amable con todos"},"content":{"rendered":"<p class=\"paragraph\"><b>A sus 25 a\u00f1os, el cantante Manuel Turizo se ha consolidado como uno de los artistas m\u00e1s influyentes de la m\u00fasica latina.<\/b> Nacido en Colombia, Turizo irrumpi\u00f3 en la escena internacional con apenas 16 a\u00f1os gracias al fen\u00f3meno viral Una Lady Como T\u00fa,<a href=\"https:\/\/www.heraldo.es\/noticias\/aragon\/zaragoza\/fiestas-del-pilar\/2024\/10\/07\/concierto-manuel-turizo-fan-emocionada-juan-magan-espacio-zity-pilares-2024-1767799.html\" title=\"Manuel Turizo sube al escenario a una fan emocionada en el Espacio Zity de Zaragoza\" target=\"_blank\" rel=\"nofollow noopener\"> un tema que redefini\u00f3 el sonido rom\u00e1ntico dentro del reguet\u00f3n y lo catapult\u00f3 a la fama global. <\/a>Desde entonces, su carrera ha sido una sucesi\u00f3n de \u00e9xitos que lo han llevado a liderar listas en Am\u00e9rica Latina, Espa\u00f1a y Estados Unidos.<\/p>\n<p class=\"paragraph\">Y, a este grande de la m\u00fasica le gusta comer bien. No es de extra\u00f1ar que una de sus paradas durante su gira por Espa\u00f1a<b> de este a\u00f1o fuese uno de los restaurantes m\u00e1s famosos de la provincia de Teruel.<\/b>\u00a0El cantante colombiano hizo una parada de rigor para <b>reponer fuerzas en el restaurante Mariano de Calamocha<\/b>, <a href=\"https:\/\/www.heraldo.es\/noticias\/ocio-y-cultura\/2024\/11\/08\/cesta-navidad-mariano-calamocha-teruel-1776286.html\" title=\"La gran cesta de Navidad del restaurante Mariano de Calamocha no regresa este a\u00f1o\" rel=\"nofollow noopener\" target=\"_blank\">famoso por ser, durante a\u00f1os, el establecimiento con las cestas de Navidad m\u00e1s grandes de Arag\u00f3n<\/a>, con sorteos de coches, lingotes de oro e, incluso, propiedades.\u00a0<\/p>\n<p>Manuel Turizo come jam\u00f3n en Teruel\u00a0<\/p>\n<p class=\"paragraph\">El restaurante Mariano de Calamocha qued\u00f3 prendado por el buen rollo del cantante y agradeci\u00f3 su visita por redes sociales:<b> \u00abManuel Turizo tan grande en el escenario como es su calidad humana\u00bb,<\/b> as\u00ed lo definieron desde el restaurante Marano de Calamocha.\u00a0<\/p>\n<p class=\"paragraph\">El cantante hizo una parada r\u00e1pida para coger fuerzas <b>y comi\u00f3, tal y como explican en el establecimiento, Jam\u00f3n de Teruel y torreznos<\/b>, antes de su concierto en Bilbal.\u00a0<\/p>\n<p class=\"paragraph\">\u00abSe tom\u00f3\u00a0un tiempo para ser incre\u00edblemente atento y amable con todos. Aqu\u00ed tienes tu casa y muchas gracias por tu buen rollo\u00bb, concluyeron los due\u00f1os del bar Mariano y se despidieron del cantante.\u00a0<\/p>\n","protected":false},"excerpt":{"rendered":"A sus 25 a\u00f1os, el cantante Manuel Turizo se ha consolidado como uno de los artistas m\u00e1s influyentes&hellip;\n","protected":false},"author":2,"featured_media":270043,"comment_status":"","ping_status":"","sticky":false,"template":"","format":"standard","meta":{"footnotes":""},"categories":[174],"tags":[4328,255,146,147,25,24,256,66393,6436,2022,39774,23,12731],"class_list":{"0":"post-270042","1":"post","2":"type-post","3":"status-publish","4":"format-standard","5":"has-post-thumbnail","7":"category-famosos","8":"tag-cantante","9":"tag-celebrities","10":"tag-entertainment","11":"tag-entretenimiento","12":"tag-es","13":"tag-espana","14":"tag-famosos","15":"tag-manuel-turizo","16":"tag-provincia","17":"tag-restaurantes","18":"tag-sorprendio","19":"tag-spain","20":"tag-teruel"},"share_on_mastodon":{"url":"https:\/\/pubeurope.com\/@es\/115659079881551193","error":""},"_links":{"self":[{"href":"https:\/\/www.europesays.com\/es\/wp-json\/wp\/v2\/posts\/270042","targetHints":{"allow":["GET"]}}],"collection":[{"href":"https:\/\/www.europesays.com\/es\/wp-json\/wp\/v2\/posts"}],"about":[{"href":"https:\/\/www.europesays.com\/es\/wp-json\/wp\/v2\/types\/post"}],"author":[{"embeddable":true,"href":"https:\/\/www.europesays.com\/es\/wp-json\/wp\/v2\/users\/2"}],"replies":[{"embeddable":true,"href":"https:\/\/www.europesays.com\/es\/wp-json\/wp\/v2\/comments?post=270042"}],"version-history":[{"count":0,"href":"https:\/\/www.europesays.com\/es\/wp-json\/wp\/v2\/posts\/270042\/revisions"}],"wp:featuredmedia":[{"embeddable":true,"href":"https:\/\/www.europesays.com\/es\/wp-json\/wp\/v2\/media\/270043"}],"wp:attachment":[{"href":"https:\/\/www.europesays.com\/es\/wp-json\/wp\/v2\/media?parent=270042"}],"wp:term":[{"taxonomy":"category","embeddable":true,"href":"https:\/\/www.europesays.com\/es\/wp-json\/wp\/v2\/categories?post=270042"},{"taxonomy":"post_tag","embeddable":true,"href":"https:\/\/www.europesays.com\/es\/wp-json\/wp\/v2\/tags?post=270042"}],"curies":[{"name":"wp","href":"https:\/\/api.w.org\/{rel}","templated":true}]}}