{"id":270046,"date":"2025-12-04T03:07:17","date_gmt":"2025-12-04T03:07:17","guid":{"rendered":"https:\/\/www.europesays.com\/es\/270046\/"},"modified":"2025-12-04T03:07:17","modified_gmt":"2025-12-04T03:07:17","slug":"dua-lipa-se-corona-como-la-reina-de-las-botas-sobre-el-escenario","status":"publish","type":"post","link":"https:\/\/www.europesays.com\/es\/270046\/","title":{"rendered":"Dua Lipa se corona como la reina de las botas sobre el escenario"},"content":{"rendered":"<p id=\"e2i0gZ2KMF\" data-wc=\"76\">Antes de cerrar el a\u00f1o, el p\u00fablico mexicano solo esperaba una cosa:<strong>\u00a0la llegada de Dua Lipa y su\u00a0Radical Optimism Tour\u00a0a la ciudad<\/strong>. Desde hace muchos meses, la cantante sembr\u00f3 mucha expectativa en el continente latinoamericano al confirmar que visitar\u00eda diferentes pa\u00edses para despedir el 2025 con el pie derecho. La semana de sus primeros conciertos en Ciudad de M\u00e9xico ha llegado finalmente y la respuesta de los fans no se ha hecho esperar.<\/p>\n<p id=\"eaMctnr9YXQ\" data-wc=\"56\">El Radical Optimism Tour\u00a0dio inicio en noviembre del 2024, viajando y visitando algunas de las ciudades m\u00e1s impactantes del mundo. Adem\u00e1s de contar con un show donde la esencia musical, el baile y las sorpresas no se detienen, <strong>Dua Lipa tambi\u00e9n ha enamorado el coraz\u00f3n de m\u00e1s de uno con sus looks sobre el escenario.<\/strong><\/p>\n<p> <img src=\"https:\/\/www.europesays.com\/es\/wp-content\/uploads\/2025\/12\/93c9c37db36f-dualiparadicaloptimismtourwembley2.jpg\"   width=\"1080\" height=\"1800\" loading=\"lazy\" decoding=\"async\" alt=\"Dua Lipa lleva m\u00e1s de un a\u00f1o conquistando con su gira internacional.\" fetchpriority=\"auto\" class=\"image ho-image\"\/>\u00a9 CORTES\u00cdADua Lipa lleva m\u00e1s de un a\u00f1o conquistando con su gira internacional.<\/p>\n<p id=\"exnPhuXHcj\" data-wc=\"44\">No importa la ciudad que visite, <strong>Dua Lipa sabe perfectamente c\u00f3mo robarse todas las miradas con su vestuario lleno de brillo y sensualidad.<\/strong> Adem\u00e1s de llevar piezas afelpadas, bodysuits y sombreros vaqueros, la cantante tambi\u00e9n ha deslumbrado con un calzado fuera de lo com\u00fan.<\/p>\n<p> <img src=\"https:\/\/www.europesays.com\/es\/wp-content\/uploads\/2025\/12\/ffcfbb147d2c-gettyimages-2249562206.jpg\"   width=\"1080\" height=\"1080\" loading=\"lazy\" decoding=\"async\" alt=\"As\u00ed comenzaron las fechas en Ciudad de M\u00e9xico de Dua Lipa.\" fetchpriority=\"auto\" class=\"image ho-image\"\/>\u00a9 Getty ImagesAs\u00ed comenzaron las fechas en Ciudad de M\u00e9xico de Dua Lipa.<br \/>\nEstas son las botas que Dua Lipa lleva en su tour<br \/>\n <img src=\"https:\/\/www.europesays.com\/es\/wp-content\/uploads\/2025\/12\/5b6dab823494-dua-liparadicaloptimismtourredbootcourtesyofchristian-louboutin.jpg\"   width=\"1080\" height=\"1800\" loading=\"lazy\" decoding=\"async\" alt=\"Dua Lipa ha elegido a las botas para lucir femenina y espectacular sobre el escenario.\" fetchpriority=\"auto\" class=\"image ho-image\"\/>\u00a9 CORTES\u00cdADua Lipa ha elegido a las botas para lucir femenina y espectacular sobre el escenario.<\/p>\n<p id=\"eSCI0Cb-Pf\" data-wc=\"70\">Si hay algo capaz de cargar de energ\u00eda femenina cualquier look son unas botas maximalistas. Esto lo tiene muy claro <strong>Dua Lipa, quien para su paso por el escenario ha elegido las botas como sus aliadas para elevar, literalmente, todos sus outfits.\u00a0<\/strong>La hemos podido ver con botas en color rojo, negro y hasta plateado, pero la mejor parte es que cada una es una pieza especialmente creada para ella.<\/p>\n<p id=\"e0fuxZl5BK\" data-wc=\"66\">No es ning\u00fan secreto que Dua Lipa tiene una conexi\u00f3n muy especial con la moda. En todo tipo de eventos la hemos visto llevar piezas de dise\u00f1ador, demostrando que est\u00e1 muy al d\u00eda con las firmas que se mantienen a la vanguardia. Con esto en mente,<strong>\u00a0es que Dua se uni\u00f3 a Christian Louboutin para dar vida a su propia versi\u00f3n de las botas Boot Strass.<\/strong><\/p>\n<p> <img src=\"https:\/\/www.europesays.com\/es\/wp-content\/uploads\/2025\/12\/98fc0822f376-dua-liparadicaloptimismtourblackbootstrasscourtesyofchristian-louboutin4x5.jpg\"   width=\"1080\" height=\"1080\" loading=\"lazy\" decoding=\"async\" alt=\"As\u00ed son las botas dise\u00f1adas por Louboutin para Dua Lipa.\" fetchpriority=\"auto\" class=\"image ho-image\"\/>\u00a9 CORTES\u00cdAAs\u00ed son las botas dise\u00f1adas por Louboutin para Dua Lipa.<\/p>\n<p id=\"eBmbqw7W4f\" data-wc=\"61\">Cada uno de estos pares de botas refleja a la perfecci\u00f3n el estilo vibrante de la cantante. Las podemos encontrar en su versi\u00f3n afilada y efecto mate para su look monocrom\u00e1tico en rojo y en sus versiones espejo con cristales bordados a mano \u2013tanto en color negro como plateado\u2013.<strong>\u00a0Es con este calzado que Dua Lipa conquista ahora el territorio mexicano.<\/strong><\/p>\n<p>\u00bfQu\u00e9 sorpresas tiene Dua Lipa para su visita en M\u00e9xico?<\/p>\n<p id=\"eydpBo1o2B\" data-wc=\"60\">La Ciudad de M\u00e9xico no es solo uno de los destinos favoritos de la cantante, quien en cada ocasi\u00f3n que viene muestra su admiraci\u00f3n total por el pa\u00eds, sino que tambi\u00e9n <strong>representa el cierre de su tour de m\u00e1s de un a\u00f1o<\/strong>, por lo que es de esperar que M\u00e9xico tenga un lugar importante en el coraz\u00f3n de la artista.<\/p>\n<p> <img src=\"https:\/\/www.europesays.com\/es\/wp-content\/uploads\/2025\/12\/0ddb32038c3c-gettyimages-2248842140.jpg\"   width=\"1080\" height=\"1080\" loading=\"lazy\" decoding=\"async\" alt=\"Dua Lipa tiene una pop up de taquer\u00eda para sus fans mexicanos.\" fetchpriority=\"auto\" class=\"image ho-image\"\/>\u00a9 Getty ImagesDua Lipa tiene una pop up de taquer\u00eda para sus fans mexicanos.<\/p>\n<p id=\"e1ctMUXCll\" data-wc=\"76\">En primer lugar, <a class=\"hm-link ho-link\" href=\"https:\/\/www.hola.com\/us-es\/celebrities\/20251127870014\/dua-lipa-taqueria-ciudad-de-mexico-gira-radical-optimism-tour-fechas-hora-lugar\/\" rel=\"noopener nofollow\" target=\"_blank\" data-mrf-recirculation=\"article-body-link\">Dua abri\u00f3 una taquer\u00eda pop up\u00a0<\/a>donde las personas podr\u00e1n degustar algunas delicias mexicanas mientras se rodean de un ambiente inspirado en la cantante y su tour. Por otro lado, la cantante ha mantenido su tradici\u00f3n de cantar canciones emblem\u00e1ticas del pa\u00eds que visita en Latinoam\u00e9rica \u2013aprovechando que recientemente se certific\u00f3 en el idioma espa\u00f1ol\u2013. En las dos noches que lleva en M\u00e9xico, Dua Lipa ha interpretado <a class=\"hm-link ho-link\" href=\"https:\/\/www.hola.com\/us-es\/celebrities\/20251202870833\/dua-lipa-conquista-mexico-besame-mucho-primer-concierto-radical-optimism-tour\/\" rel=\"noopener nofollow\" target=\"_blank\" data-mrf-recirculation=\"article-body-link\">\u201cB\u00e9same mucho\u201d<\/a> y \u201cOye mi amor\u201d.<\/p>\n","protected":false},"excerpt":{"rendered":"Antes de cerrar el a\u00f1o, el p\u00fablico mexicano solo esperaba una cosa:\u00a0la llegada de Dua Lipa y su\u00a0Radical&hellip;\n","protected":false},"author":2,"featured_media":270047,"comment_status":"","ping_status":"","sticky":false,"template":"","format":"standard","meta":{"footnotes":""},"categories":[170],"tags":[14008,146,147,25,24,1906,1023,184,185,23],"class_list":{"0":"post-270046","1":"post","2":"type-post","3":"status-publish","4":"format-standard","5":"has-post-thumbnail","7":"category-musica","8":"tag-dua-lipa","9":"tag-entertainment","10":"tag-entretenimiento","11":"tag-es","12":"tag-espana","13":"tag-mexico","14":"tag-moda","15":"tag-music","16":"tag-musica","17":"tag-spain"},"share_on_mastodon":{"url":"https:\/\/pubeurope.com\/@es\/115659096370583546","error":""},"_links":{"self":[{"href":"https:\/\/www.europesays.com\/es\/wp-json\/wp\/v2\/posts\/270046","targetHints":{"allow":["GET"]}}],"collection":[{"href":"https:\/\/www.europesays.com\/es\/wp-json\/wp\/v2\/posts"}],"about":[{"href":"https:\/\/www.europesays.com\/es\/wp-json\/wp\/v2\/types\/post"}],"author":[{"embeddable":true,"href":"https:\/\/www.europesays.com\/es\/wp-json\/wp\/v2\/users\/2"}],"replies":[{"embeddable":true,"href":"https:\/\/www.europesays.com\/es\/wp-json\/wp\/v2\/comments?post=270046"}],"version-history":[{"count":0,"href":"https:\/\/www.europesays.com\/es\/wp-json\/wp\/v2\/posts\/270046\/revisions"}],"wp:featuredmedia":[{"embeddable":true,"href":"https:\/\/www.europesays.com\/es\/wp-json\/wp\/v2\/media\/270047"}],"wp:attachment":[{"href":"https:\/\/www.europesays.com\/es\/wp-json\/wp\/v2\/media?parent=270046"}],"wp:term":[{"taxonomy":"category","embeddable":true,"href":"https:\/\/www.europesays.com\/es\/wp-json\/wp\/v2\/categories?post=270046"},{"taxonomy":"post_tag","embeddable":true,"href":"https:\/\/www.europesays.com\/es\/wp-json\/wp\/v2\/tags?post=270046"}],"curies":[{"name":"wp","href":"https:\/\/api.w.org\/{rel}","templated":true}]}}