{"id":270048,"date":"2025-12-04T03:08:10","date_gmt":"2025-12-04T03:08:10","guid":{"rendered":"https:\/\/www.europesays.com\/es\/270048\/"},"modified":"2025-12-04T03:08:10","modified_gmt":"2025-12-04T03:08:10","slug":"el-radical-cambio-de-vida-de-billy-boyd-el-actor-que-interpreto-a-pippin-en-el-senor-de-los-anillos","status":"publish","type":"post","link":"https:\/\/www.europesays.com\/es\/270048\/","title":{"rendered":"El radical cambio de vida de Billy Boyd, el actor que interpret\u00f3 a Pippin en El se\u00f1or de los anillos"},"content":{"rendered":"<p class=\"com-paragraph  --capital --s\">Aunque Billy Boyd trabaj\u00f3 en teatro y tuvo papeles secundarios en televisi\u00f3n y cortometrajes antes de 2001, fue su papel como Peregrin \u201cPippin\u201d Tuk en la trilog\u00eda de <a href=\"https:\/\/www.lanacion.com.ar\/el-mundo\/los-lugares-en-la-tierra-donde-puedes-encontrar-los-paisajes-de-el-senor-de-los-anillos-de-tolkien-nid29092024\/\" target=\"_self\" title=\"https:\/\/www.lanacion.com.ar\/el-mundo\/los-lugares-en-la-tierra-donde-puedes-encontrar-los-paisajes-de-el-senor-de-los-anillos-de-tolkien-nid29092024\/\" class=\"com-link break-word\" data-mrf-recirculation=\"n_link_parrafo\" rel=\"nofollow noopener\">El se\u00f1or de los anillos<\/a> el que le dio un salto al estrellato y lo hizo conocido mundialmente. A m\u00e1s de dos d\u00e9cadas de aquel \u00e9xito, <strong>el actor y cantante escoc\u00e9s sorprendi\u00f3 con su incre\u00edble transformaci\u00f3n f\u00edsica<\/strong>.<\/p>\n<p>Billy Boyd como Pippin, uno de los amigos hobbits de Frodo Bols\u00f3n<\/p>\n<p class=\"com-paragraph   --s\">El actor de 57 a\u00f1os es apasionado de la jardiner\u00eda, los animales y el deporte al aire libre, pasatiempos que comparte en Billy y Dom se comen el mundo, el ciclo que conduce junto a <strong>Dominic Monaghan <\/strong>-quien le dio vida a Meriadoc \u201cMerry\u201d Brandigamo en la trilog\u00eda fant\u00e1stica- y en el cual los actores<strong> exploran diferentes culturas culinarias alrededor del mundo<\/strong>, donde se deleitan y aprenden sobre la comida local.<\/p>\n<p class=\"com-paragraph   --s\">\u201c<strong>Como Dom y yo nos conocemos tan bien, todo fluye con facilidad<\/strong>.<strong> <\/strong>No siempre buscamos la ruta m\u00e1s sencilla y estamos dispuestos a pasar seis horas en colectivo para asegurarnos de contar la historia que queremos. <strong>Eso le da autenticidad<\/strong>\u201c, expres\u00f3 en el formato que puede verse en Prime Video. <\/p>\n<p>Boyd y Monaghan viajan por el mundo con su ciclo gastron\u00f3mico (Foto: Instagram\/@boydbilly)<\/p>\n<p class=\"com-paragraph   --s\">Aunque Boyd no revel\u00f3 p\u00fablicamente cu\u00e1l es su rutina de entrenamiento ni los detalles de su alimentaci\u00f3n, <strong>s\u00ed muestra sus h\u00e1bitos activos, entre los que se encuentra andar en bicicleta, practicar skate y jugar al f\u00fatbol<\/strong>.<strong> <\/strong><\/p>\n<p class=\"com-paragraph   --s\">El int\u00e9rprete cultiv\u00f3 relaciones profundas que van m\u00e1s all\u00e1 del mundo cinematogr\u00e1fico; y una de estas es su v\u00ednculo con Monaghan, a quien conoce desde la famosa trilog\u00eda, y que lo llev\u00f3 a compartir varios proyectos.<\/p>\n<p><img class=\"image flex com-image --cover\" decoding=\"async\" fetchpriority=\"low\" loading=\"lazy\" src=\"https:\/\/www.europesays.com\/es\/wp-content\/uploads\/2025\/12\/https:\/\/cdn.jwplayer.com\/v2\/media\/2vUaLbF8\/poster.jpg\" alt=\"Boyd y Monaghan en una de sus traves\u00edas por el mundo \"\/>Boyd y Monaghan en una de sus traves\u00edas por el mundo <\/p>\n<p class=\"com-paragraph   --s\">En el \u00e1mbito familiar, su relaci\u00f3n con <strong>Alison McKinnon se consolid\u00f3 con el nacimiento de su hijo Jack en 2006<\/strong>, y, cuatro a\u00f1os m\u00e1s tarde, dieron el s\u00ed en una ceremonia \u00edntima en la ciudad escocesa de Glasgow a la que asistieron familiares y sus excompa\u00f1eros de reparto, <strong>Monaghan y Elijah Wood<\/strong>.<\/p>\n<p>Dominic Monaghan, Elijah Wood y Billy Boyd, en tiempos del estreno de El Se\u00f1or de los Anillos: la Comunidad del AnilloAFP<\/p>\n<p class=\"com-paragraph   --s\">Adem\u00e1s de su carrera actoral, Boyd adquiri\u00f3 un gran talento musical del que pocos conocen: <strong>sabe tocar la guitarra, el bajo y el tambor<\/strong>, habilidades que lo llevaron a componer y cantar la canci\u00f3n <strong>\u201cThe Edge of the Night\u201d<\/strong> (conocida como \u201cLa Canci\u00f3n de Pippin\u201d) para la pel\u00edcula El Se\u00f1or de los Anillos: El Retorno del Rey. Actualmente, a sus 57 a\u00f1os, mantiene activa esta pasi\u00f3n como cantante y guitarrista de su banda, Beecake.<\/p>\n<p class=\"com-paragraph   --s\">Aunque comenz\u00f3 con el teatro escoc\u00e9s, alcanz\u00f3 la fama mundial gracias a su desembarco en pantalla grande. Nacido en Glasgow, se gradu\u00f3 en la Royal Scottish Academy of Music and Drama. Sus primeros trabajos incluyen papeles en la televisi\u00f3n escocesa, como en Taggart, y una incursi\u00f3n en el cine con Julie and the Cadillacs. <\/p>\n<p>Billy Boyd en su juventud<\/p>\n<p class=\"com-paragraph   --s\">El salto a la fama internacional ocurri\u00f3 con su ic\u00f3nico papel como el hobbit <strong>Peregrin \u201cPippin\u201d Tuk<\/strong>, el cual le vali\u00f3<strong> <\/strong>m\u00faltiples nominaciones y un premio del Gremio de Actores de Cine. Poco despu\u00e9s, se consolid\u00f3 al interpretar a Barret Bonden en la aclamada pel\u00edcula de \u00e9poca <strong>Master and Commander: Al otro lado del mundo<\/strong> (2003).<\/p>\n<p class=\"com-paragraph   --s\">A lo largo de los a\u00f1os, Boyd particip\u00f3 en diversos proyectos cinematogr\u00e1ficos, como On a Clear Day y Stone of Destiny, y hasta prest\u00f3 su voz en proyectos de animaci\u00f3n como Seed of Chucky y The Loud House Movie. <\/p>\n","protected":false},"excerpt":{"rendered":"Aunque Billy Boyd trabaj\u00f3 en teatro y tuvo papeles secundarios en televisi\u00f3n y cortometrajes antes de 2001, fue&hellip;\n","protected":false},"author":2,"featured_media":270049,"comment_status":"","ping_status":"","sticky":false,"template":"","format":"standard","meta":{"footnotes":""},"categories":[169],"tags":[41150,177,146,147,25,24,176,175,23],"class_list":{"0":"post-270048","1":"post","2":"type-post","3":"status-publish","4":"format-standard","5":"has-post-thumbnail","7":"category-cine","8":"tag-amber-heard","9":"tag-cine","10":"tag-entertainment","11":"tag-entretenimiento","12":"tag-es","13":"tag-espana","14":"tag-film","15":"tag-movies","16":"tag-spain"},"share_on_mastodon":{"url":"https:\/\/pubeurope.com\/@es\/115659100026644861","error":""},"_links":{"self":[{"href":"https:\/\/www.europesays.com\/es\/wp-json\/wp\/v2\/posts\/270048","targetHints":{"allow":["GET"]}}],"collection":[{"href":"https:\/\/www.europesays.com\/es\/wp-json\/wp\/v2\/posts"}],"about":[{"href":"https:\/\/www.europesays.com\/es\/wp-json\/wp\/v2\/types\/post"}],"author":[{"embeddable":true,"href":"https:\/\/www.europesays.com\/es\/wp-json\/wp\/v2\/users\/2"}],"replies":[{"embeddable":true,"href":"https:\/\/www.europesays.com\/es\/wp-json\/wp\/v2\/comments?post=270048"}],"version-history":[{"count":0,"href":"https:\/\/www.europesays.com\/es\/wp-json\/wp\/v2\/posts\/270048\/revisions"}],"wp:featuredmedia":[{"embeddable":true,"href":"https:\/\/www.europesays.com\/es\/wp-json\/wp\/v2\/media\/270049"}],"wp:attachment":[{"href":"https:\/\/www.europesays.com\/es\/wp-json\/wp\/v2\/media?parent=270048"}],"wp:term":[{"taxonomy":"category","embeddable":true,"href":"https:\/\/www.europesays.com\/es\/wp-json\/wp\/v2\/categories?post=270048"},{"taxonomy":"post_tag","embeddable":true,"href":"https:\/\/www.europesays.com\/es\/wp-json\/wp\/v2\/tags?post=270048"}],"curies":[{"name":"wp","href":"https:\/\/api.w.org\/{rel}","templated":true}]}}